{"id":42713,"date":"2026-02-25T18:12:30","date_gmt":"2026-02-25T17:12:30","guid":{"rendered":"https:\/\/www.iceagetv.com\/radiosite\/?p=42713"},"modified":"2026-02-25T18:12:32","modified_gmt":"2026-02-25T17:12:32","slug":"les-deputes-adoptent-les-propositions-de-loi-sur-laide-a-mourir-et-sur-le-developpement-des-soins-palliatifs-en-deuxieme-lecture","status":"publish","type":"post","link":"https:\/\/www.iceagetv.com\/radiosite\/les-deputes-adoptent-les-propositions-de-loi-sur-laide-a-mourir-et-sur-le-developpement-des-soins-palliatifs-en-deuxieme-lecture\/","title":{"rendered":"Les d\u00e9put\u00e9s adoptent les propositions de loi sur l&rsquo;aide \u00e0 mourir et sur le d\u00e9veloppement des soins palliatifs en deuxi\u00e8me lecture"},"content":{"rendered":"\n<p class=\"\">Le parcours de ces deux textes sur la fin de vie doit se poursuivre par un nouvel examen en avril au S\u00e9nat, qui avait rejet\u00e9 une premi\u00e8re fois la loi sur l&rsquo;aide \u00e0 mourir.Une nouvelle \u00e9tape dans le long d\u00e9bat sur la fin de vie. L&rsquo;Assembl\u00e9e nationale s&rsquo;est prononc\u00e9e\u00a0<a href=\"https:\/\/www.franceinfo.fr\/societe\/euthanasie\/loi-sur-la-fin-de-vie-les-debats-sur-l-aide-a-mourir-et-les-soins-palliatifs-de-retour-a-l-assemblee-nationale_7809317.html\">en deuxi\u00e8me lecture<\/a>, mercredi 25\u00a0f\u00e9vrier, sur la proposition de loi cr\u00e9ant\u00a0<a href=\"https:\/\/www.franceinfo.fr\/societe\/euthanasie\/fin-de-vie-pour-contre-ou-abstention-que-voteront-les-differents-groupes-politiques-a-l-assemblee_7274241.html\">un droit \u00e0 l&rsquo;aide \u00e0 mourir<\/a>. Dans l&rsquo;h\u00e9micycle, 299 d\u00e9put\u00e9s ont approuv\u00e9 cette r\u00e9forme soci\u00e9tale majeure, 226 s&rsquo;y sont oppos\u00e9s. Un peu plus t\u00f4t, les d\u00e9put\u00e9s ont aussi approuv\u00e9 un texte sur\u00a0<a href=\"https:\/\/www.franceinfo.fr\/societe\/euthanasie\/fin-de-vie-cinq-questions-sur-les-soins-d-accompagnement-palliatifs-que-le-gouvernement-veut-developper_6226689.html\">le d\u00e9veloppement des soins palliatifs<\/a>, qui pr\u00e9voit notamment la cr\u00e9ation de\u00a0<em>\u00ab\u00a0maisons d&rsquo;accompagnement\u00a0\u00bb<\/em>, interm\u00e9diaires entre le domicile et l&rsquo;h\u00f4pital. Dans le d\u00e9tail, 491 \u00e9lus ont vot\u00e9 pour, z\u00e9ro contre.Ce vote sur les soins palliatifs laissait peu de place au suspense, puisque la proposition de loi avait \u00e9t\u00e9&nbsp;<a href=\"https:\/\/www.franceinfo.fr\/societe\/euthanasie\/fin-de-vie-la-proposition-de-loi-sur-les-soins-palliatifs-adoptee-a-l-unanimite-en-premiere-lecture-a-l-assemblee-nationale_7258596.html\" target=\"_blank\" rel=\"noreferrer noopener\">adopt\u00e9e \u00e0 l&rsquo;unanimit\u00e9 par les d\u00e9put\u00e9s en premi\u00e8re lecture(Nouvelle fen\u00eatre)<\/a>, en mai. Le doute planait en revanche sur le texte concernant l&rsquo;aide \u00e0 mourir,&nbsp;<a href=\"https:\/\/www.franceinfo.fr\/societe\/euthanasie\/fin-de-vie-les-deputes-approuvent-largement-la-proposition-de-loi-creant-un-droit-a-l-aide-a-mourir_7275798.html\">largement adopt\u00e9 lors de ce premier passage \u00e0 l&rsquo;Assembl\u00e9e<\/a>, mais qui a connu des changements notables durant son examen par les d\u00e9put\u00e9s ces derni\u00e8res semaines.<\/p>\n\n\n\n<h2 class=\"wp-block-heading\">Un texte remani\u00e9 au fil de son examen, d\u00e9but\u00e9 en janvier<\/h2>\n\n\n\n<p class=\"\">Des modifications de derni\u00e8re minute ont \u00e9t\u00e9 vot\u00e9es mercredi. Les d\u00e9put\u00e9s ont ainsi d\u00e9cid\u00e9, mercredi, de refaire de l&rsquo;auto-administration de la substance l\u00e9tale la r\u00e8gle, et l&rsquo;administration par un soignant l&rsquo;exception. L&rsquo;Assembl\u00e9e est revenue sur une disposition adopt\u00e9e durant l&rsquo;examen du texte, qui pr\u00e9voyait le libre choix du mode d&rsquo;administration pour le patient. Plusieurs amendements en ce sens avaient \u00e9t\u00e9 adopt\u00e9s, parfois sur un fil, et des parlementaires avaient ainsi exig\u00e9 un nouveau vote.<\/p>\n\n\n\n<p class=\"\">Car le point \u00e9tait crispant pour certains d&rsquo;entre eux, qui avaient d\u00e9clar\u00e9 ne plus pouvoir soutenir le texte si ce changement \u00e9tait maintenu. La proposition de loi pr\u00e9voit donc \u00e0 nouveau, comme \u00e0 son arriv\u00e9e dans l&rsquo;h\u00e9micycle, que le malade s&rsquo;administre lui-m\u00eame le produit, sauf s&rsquo;il n&rsquo;est<em>&nbsp;\u00ab\u00a0physiquement pas en mesure de le faire\u00a0\u00bb,<\/em>&nbsp;auquel cas un m\u00e9decin ou un infirmier s&rsquo;en chargera. Le rapporteur g\u00e9n\u00e9ral Olivier Falorni (groupe MoDem) s&rsquo;est d\u00e9clar\u00e9 favorable \u00e0 ce statu quo, au nom de l&rsquo;<em>\u00ab\u00a0\u00e9quilibre\u00a0\u00bb<\/em>&nbsp;trouv\u00e9 en premi\u00e8re lecture, au printemps dernier.<\/p>\n\n\n\n<p class=\"\">Les d\u00e9put\u00e9s se sont \u00e9galement \u00e0 nouveau prononc\u00e9s sur la caract\u00e9risation de la&nbsp;<em>\u00ab\u00a0souffrance\u00a0\u00bb<\/em>&nbsp;ouvrant la possibilit\u00e9 de demander une aide \u00e0 mourir. Le texte pr\u00e9voyait que le patient doive pr\u00e9senter une souffrance<em>&nbsp;\u00ab\u00a0physique ou psychologique\u00a0\u00bb,&nbsp;<\/em>mais, \u00e0 l&rsquo;initiative du gouvernement, les d\u00e9put\u00e9s ont supprim\u00e9 cette notion, pr\u00e9cisant qu&rsquo;une&nbsp;<em>\u00ab\u00a0souffrance psychologique seule ne peut en aucun cas permettre de b\u00e9n\u00e9ficier de l&rsquo;aide \u00e0 mourir\u00a0\u00bb.<\/em><\/p>\n\n\n\n<h2 class=\"wp-block-heading\">Un parcours l\u00e9gislatif encore long<\/h2>\n\n\n\n<p class=\"\">Mardi soir, les d\u00e9put\u00e9s ont aussi valid\u00e9 la cr\u00e9ation&nbsp;<a href=\"https:\/\/www.franceinfo.fr\/societe\/euthanasie\/les-deputes-valident-le-delit-d-entrave-au-droit-a-l-aide-a-mourir-ajoutant-en-parallele-un-delit-d-incitation_7827443.html\" target=\"_blank\" rel=\"noreferrer noopener\">d&rsquo;un d\u00e9lit d&rsquo;entrave \u00e0 l&rsquo;aide \u00e0 mourir(Nouvelle fen\u00eatre)<\/a>, et ajout\u00e9 un d\u00e9lit d&rsquo;incitation \u00e0 y recourir. La proposition de loi pr\u00e9voit ainsi une peine de deux ans d&#8217;emprisonnement et 30&nbsp;000&nbsp;euros d&rsquo;amende pour&nbsp;<em>\u00ab\u00a0le fait d&#8217;emp\u00eacher ou de tenter d&#8217;emp\u00eacher de pratiquer ou de s&rsquo;informer sur l&rsquo;aide \u00e0 mourir\u00a0\u00bb<\/em>, notamment via&nbsp;<em>\u00ab\u00a0la diffusion\u00a0\u00bb<\/em>&nbsp;d&rsquo;<em>\u00ab\u00a0all\u00e9gations\u00a0\u00bb<\/em>&nbsp;de nature<em>&nbsp;\u00ab\u00a0\u00e0 induire intentionnellement en erreur\u00a0\u00bb<\/em>. Un amendement du pr\u00e9sident de la commission des affaires sociales de l&rsquo;Assembl\u00e9e, Fr\u00e9d\u00e9ric Valletoux (Horizons), adopt\u00e9 par 248&nbsp;voix contre 2, pr\u00e9voyant une peine d&rsquo;un an d&#8217;emprisonnement et 15&nbsp;000&nbsp;euros d&rsquo;amende pour&nbsp;<em>\u00ab\u00a0le fait d&rsquo;exercer des pressions sur une personne afin qu&rsquo;elle ait recours \u00e0 l&rsquo;aide \u00e0 mourir\u00a0\u00bb<\/em>.<\/p>\n\n\n\n<p class=\"\">Mis \u00e0 part ces points, le texte n&rsquo;a que peu \u00e9volu\u00e9 au cours de son examen \u00e0 l&rsquo;Assembl\u00e9e. Les d\u00e9put\u00e9s ont valid\u00e9 les crit\u00e8res d&rsquo;\u00e9ligibilit\u00e9 (malgr\u00e9 certains d\u00e9saccord), la proc\u00e9dure coll\u00e9giale d&rsquo;instruction de la demande, et la clause de conscience pour les soignants.<\/p>\n\n\n\n<p class=\"\">Son parcours l\u00e9gislatif du texte est encore loin d&rsquo;\u00eatre fini. Il doit \u00eatre \u00e0 nouveau \u00e9tudi\u00e9 en avril au S\u00e9nat,&nbsp;<a href=\"https:\/\/www.franceinfo.fr\/societe\/euthanasie\/le-senat-rejette-la-loi-sur-l-aide-a-mourir-renvoyee-a-l-assemblee-nationale_7770512.html\" target=\"_blank\" rel=\"noreferrer noopener\">qui l&rsquo;avait rejet\u00e9 en bloc en premi\u00e8re lecture(Nouvelle fen\u00eatre)<\/a>. Le gouvernement devra ensuite vraisemblablement donner le dernier mot \u00e0 l&rsquo;Assembl\u00e9e, ce qui supposerait une r\u00e9union pour tenter de concilier s\u00e9nateurs et d\u00e9put\u00e9s, et, apr\u00e8s un probable \u00e9chec, une nouvelle lecture dans les deux chambres, puis une lecture d\u00e9finitive \u00e0 l&rsquo;Assembl\u00e9e. Les d\u00e9fenseurs de la loi souhaitent qu&rsquo;elle soit promulgu\u00e9e \u00e0 l&rsquo;\u00e9t\u00e9. Un calendrier tr\u00e8s serr\u00e9 aux yeux de certains d\u00e9put\u00e9s.<\/p>\n","protected":false},"excerpt":{"rendered":"<p>Le parcours de ces deux textes sur la fin de vie doit se poursuivre par un nouvel examen en avril au S\u00e9nat, qui avait rejet\u00e9 une premi\u00e8re fois la loi sur l&rsquo;aide \u00e0 mourir.Une nouvelle \u00e9tape dans le long d\u00e9bat sur la fin de vie. L&rsquo;Assembl\u00e9e nationale s&rsquo;est prononc\u00e9e\u00a0en deuxi\u00e8me lecture, mercredi 25\u00a0f\u00e9vrier, sur la [&hellip;]<\/p>\n","protected":false},"author":2,"featured_media":42714,"comment_status":"open","ping_status":"open","sticky":false,"template":"","format":"standard","meta":{"_jetpack_memberships_contains_paid_content":false,"footnotes":"","jetpack_publicize_message":"","jetpack_publicize_feature_enabled":true,"jetpack_social_post_already_shared":true,"jetpack_social_options":{"image_generator_settings":{"template":"highway","default_image_id":0,"font":"","enabled":false},"version":2},"_wpas_customize_per_network":false},"categories":[405],"tags":[],"class_list":["post-42713","post","type-post","status-publish","format-standard","has-post-thumbnail","hentry","category-actu-france-monde"],"jetpack_publicize_connections":[],"jetpack_featured_media_url":"https:\/\/i0.wp.com\/www.iceagetv.com\/radiosite\/wp-content\/uploads\/2026\/02\/legislations-et-pratiques-de-l-euthanasie-en-europe_large_apimobile_0.jpg?fit=680%2C294&ssl=1","jetpack_sharing_enabled":true,"_links":{"self":[{"href":"https:\/\/www.iceagetv.com\/radiosite\/wp-json\/wp\/v2\/posts\/42713","targetHints":{"allow":["GET"]}}],"collection":[{"href":"https:\/\/www.iceagetv.com\/radiosite\/wp-json\/wp\/v2\/posts"}],"about":[{"href":"https:\/\/www.iceagetv.com\/radiosite\/wp-json\/wp\/v2\/types\/post"}],"author":[{"embeddable":true,"href":"https:\/\/www.iceagetv.com\/radiosite\/wp-json\/wp\/v2\/users\/2"}],"replies":[{"embeddable":true,"href":"https:\/\/www.iceagetv.com\/radiosite\/wp-json\/wp\/v2\/comments?post=42713"}],"version-history":[{"count":1,"href":"https:\/\/www.iceagetv.com\/radiosite\/wp-json\/wp\/v2\/posts\/42713\/revisions"}],"predecessor-version":[{"id":42715,"href":"https:\/\/www.iceagetv.com\/radiosite\/wp-json\/wp\/v2\/posts\/42713\/revisions\/42715"}],"wp:featuredmedia":[{"embeddable":true,"href":"https:\/\/www.iceagetv.com\/radiosite\/wp-json\/wp\/v2\/media\/42714"}],"wp:attachment":[{"href":"https:\/\/www.iceagetv.com\/radiosite\/wp-json\/wp\/v2\/media?parent=42713"}],"wp:term":[{"taxonomy":"category","embeddable":true,"href":"https:\/\/www.iceagetv.com\/radiosite\/wp-json\/wp\/v2\/categories?post=42713"},{"taxonomy":"post_tag","embeddable":true,"href":"https:\/\/www.iceagetv.com\/radiosite\/wp-json\/wp\/v2\/tags?post=42713"}],"curies":[{"name":"wp","href":"https:\/\/api.w.org\/{rel}","templated":true}]}}