{"id":42726,"date":"2026-02-26T09:33:27","date_gmt":"2026-02-26T08:33:27","guid":{"rendered":"https:\/\/www.iceagetv.com\/radiosite\/?p=42726"},"modified":"2026-02-26T09:33:29","modified_gmt":"2026-02-26T08:33:29","slug":"marine-le-pen-annonce-sur-bfm-tv-quelle-ne-sera-pas-candidate-en-2027-si-elle-est-condamnee-par-la-justice-a-porter-un-bracelet-electronique-ce-serait-une-autre-maniere-de-mempecher","status":"publish","type":"post","link":"https:\/\/www.iceagetv.com\/radiosite\/marine-le-pen-annonce-sur-bfm-tv-quelle-ne-sera-pas-candidate-en-2027-si-elle-est-condamnee-par-la-justice-a-porter-un-bracelet-electronique-ce-serait-une-autre-maniere-de-mempecher\/","title":{"rendered":"Marine Le Pen annonce, sur BFM TV, qu&rsquo;elle ne sera pas candidate en 2027 si elle est condamn\u00e9e par la justice \u00e0 porter un bracelet \u00e9lectronique : \u00ab\u00a0Ce serait une autre mani\u00e8re de m&#8217;emp\u00eacher"},"content":{"rendered":"\n<p class=\"\">Comme on pouvait l&rsquo;imaginer, Marine Le Pen a annonc\u00e9 hier soir qu&rsquo;elle ne ferait pas campagne pour la prochaine \u00e9lection pr\u00e9sidentielle si elle \u00e9tait condamn\u00e9e \u00e0 porter un bracelet \u00e9lectronique, dans un entretien \u00e0 BFMTV. \u00abOn ne peut pas faire campagne dans ces conditions\u00bb, a-t-elle estim\u00e9, y voyant \u00abune autre mani\u00e8re de (l&rsquo;)emp\u00eacher d&rsquo;\u00eatre candidate\u00bb en 2027.<\/p>\n\n\n\n<p class=\"\">\u00abEnfin, vous pouvez faire campagne sans aller le soir rencontrer vos \u00e9lecteurs dans des meetings ? Ce serait une autre mani\u00e8re de m\u2019emp\u00eacher \u00e9videmment d\u2019\u00eatre candidate\u00bb en 2027, a-t-elle ajout\u00e9.<\/p>\n\n\n\n<p class=\"\">Pour rappel, Marine Le Pen conna\u00eetra le 7 juillet la d\u00e9cision de la cour d\u2019appel de Paris dans le dossier des assistants des eurod\u00e9put\u00e9s du RN, apr\u00e8s avoir \u00e9t\u00e9 condamn\u00e9e en premi\u00e8re instance notamment \u00e0 deux ans de port de bracelet \u00e9lectronique et cinq ans d\u2019in\u00e9ligibilit\u00e9 avec ex\u00e9cution imm\u00e9diate.<\/p>\n\n\n\n<p class=\"\">\u00abJe sais tr\u00e8s bien que la d\u00e9cision de cette candidature ne d\u00e9pend pas de moi. Elle d\u00e9pend aujourd\u2019hui de trois magistrats qui d\u00e9cideront si oui ou non, les millions de Fran\u00e7ais qui veulent voter pour moi pourront le faire ou pas\u00bb, a-t-elle affirm\u00e9.<\/p>\n\n\n\n<p class=\"\">En vue de la pr\u00e9sidentielle, elle refuse \u00e9galement&nbsp; d\u2019avoir \u00abun r\u00f4le de tutelle\u00bb sur son dauphin, Jordan Bardella, si elle ne peut se pr\u00e9senter \u00e0 la pr\u00e9sidentielle. Le cas \u00e9ch\u00e9ant, \u00abc\u2019est lui qui d\u00e9terminera \u00e0 quel niveau il a besoin de ma pr\u00e9sence, de mes conseils, de l\u2019exp\u00e9rience qui est la mienne\u00bb, a-t-elle poursuivi.<\/p>\n","protected":false},"excerpt":{"rendered":"<p>Comme on pouvait l&rsquo;imaginer, Marine Le Pen a annonc\u00e9 hier soir qu&rsquo;elle ne ferait pas campagne pour la prochaine \u00e9lection pr\u00e9sidentielle si elle \u00e9tait condamn\u00e9e \u00e0 porter un bracelet \u00e9lectronique, dans un entretien \u00e0 BFMTV. \u00abOn ne peut pas faire campagne dans ces conditions\u00bb, a-t-elle estim\u00e9, y voyant \u00abune autre mani\u00e8re de (l&rsquo;)emp\u00eacher d&rsquo;\u00eatre candidate\u00bb [&hellip;]<\/p>\n","protected":false},"author":2,"featured_media":42727,"comment_status":"open","ping_status":"open","sticky":false,"template":"","format":"standard","meta":{"_jetpack_memberships_contains_paid_content":false,"footnotes":"","jetpack_publicize_message":"","jetpack_publicize_feature_enabled":true,"jetpack_social_post_already_shared":true,"jetpack_social_options":{"image_generator_settings":{"template":"highway","default_image_id":0,"font":"","enabled":false},"version":2},"_wpas_customize_per_network":false},"categories":[405],"tags":[],"class_list":["post-42726","post","type-post","status-publish","format-standard","has-post-thumbnail","hentry","category-actu-france-monde"],"jetpack_publicize_connections":[],"jetpack_featured_media_url":"https:\/\/i0.wp.com\/www.iceagetv.com\/radiosite\/wp-content\/uploads\/2026\/02\/IS5UKuMk.jpg?fit=679%2C293&ssl=1","jetpack_sharing_enabled":true,"_links":{"self":[{"href":"https:\/\/www.iceagetv.com\/radiosite\/wp-json\/wp\/v2\/posts\/42726","targetHints":{"allow":["GET"]}}],"collection":[{"href":"https:\/\/www.iceagetv.com\/radiosite\/wp-json\/wp\/v2\/posts"}],"about":[{"href":"https:\/\/www.iceagetv.com\/radiosite\/wp-json\/wp\/v2\/types\/post"}],"author":[{"embeddable":true,"href":"https:\/\/www.iceagetv.com\/radiosite\/wp-json\/wp\/v2\/users\/2"}],"replies":[{"embeddable":true,"href":"https:\/\/www.iceagetv.com\/radiosite\/wp-json\/wp\/v2\/comments?post=42726"}],"version-history":[{"count":1,"href":"https:\/\/www.iceagetv.com\/radiosite\/wp-json\/wp\/v2\/posts\/42726\/revisions"}],"predecessor-version":[{"id":42728,"href":"https:\/\/www.iceagetv.com\/radiosite\/wp-json\/wp\/v2\/posts\/42726\/revisions\/42728"}],"wp:featuredmedia":[{"embeddable":true,"href":"https:\/\/www.iceagetv.com\/radiosite\/wp-json\/wp\/v2\/media\/42727"}],"wp:attachment":[{"href":"https:\/\/www.iceagetv.com\/radiosite\/wp-json\/wp\/v2\/media?parent=42726"}],"wp:term":[{"taxonomy":"category","embeddable":true,"href":"https:\/\/www.iceagetv.com\/radiosite\/wp-json\/wp\/v2\/categories?post=42726"},{"taxonomy":"post_tag","embeddable":true,"href":"https:\/\/www.iceagetv.com\/radiosite\/wp-json\/wp\/v2\/tags?post=42726"}],"curies":[{"name":"wp","href":"https:\/\/api.w.org\/{rel}","templated":true}]}}