{"id":42743,"date":"2026-02-26T20:45:30","date_gmt":"2026-02-26T19:45:30","guid":{"rendered":"https:\/\/www.iceagetv.com\/radiosite\/?p=42743"},"modified":"2026-02-26T20:45:33","modified_gmt":"2026-02-26T19:45:33","slug":"remaniement-la-liste-de-tous-les-ministres-du-nouveau-gouvernement-lecornu-iii","status":"publish","type":"post","link":"https:\/\/www.iceagetv.com\/radiosite\/remaniement-la-liste-de-tous-les-ministres-du-nouveau-gouvernement-lecornu-iii\/","title":{"rendered":"Remaniement : la liste de tous les ministres du nouveau gouvernement Lecornu III"},"content":{"rendered":"\n<p class=\"\">L&rsquo;\u00c9lys\u00e9e a communiqu\u00e9, ce jeudi 26 f\u00e9vrier 2026, la composition du gouvernement Lecornu remani\u00e9, \u00e0 quelques semaines des \u00e9lections municipales.<a href=\"https:\/\/actu.fr\/politique\/le-salaire-tres-confortable-d-amelie-de-montchalin-nouvelle-presidente-de-la-cour-des-comptes_63879672.html\">Am\u00e9lie de Montchalin<\/a>&nbsp;partie \u00e0 la Cour des comptes lundi 23 f\u00e9vrier 2026,&nbsp;<a href=\"https:\/\/actu.fr\/politique\/audiovisuel-public-louvre-avec-rachida-dati-a-la-culture-retour-sur-deux-annees-sous-tension_63895685.html\">Rachida Dati<\/a>&nbsp;qui annonce sa d\u00e9mission \u00e0 la t\u00e9l\u00e9vision mercredi 25 f\u00e9vrier\u2026 Il \u00e9tait temps que S\u00e9bastien Lecornu proc\u00e8de \u00e0 son&nbsp;<strong>\u00ab&nbsp;r\u00e9ajustement minist\u00e9riel&nbsp;\u00bb,<\/strong>&nbsp;initialement pr\u00e9vu pour le 22 f\u00e9vrier. Il est enfin tomb\u00e9, ce jeudi 26 f\u00e9vrier 2026.<\/p>\n\n\n\n<p class=\"\">Dans un communiqu\u00e9 transmis \u00e0\u00a0<em>actu.fr<\/em>, l\u2019Elys\u00e9e a officialis\u00e9 la composition du nouveau gouvernement Lecornu, le troisi\u00e8me donc.Deux changements chez les ministres<\/p>\n\n\n\n<p class=\"\">Du c\u00f4t\u00e9 des minist\u00e8res de plein exercice, on note seulement deux changements : la nomination de&nbsp;<strong>David Amiel<\/strong>&nbsp;aux Comptes publics ainsi que celle de&nbsp;<strong>Catherine P\u00e9gard<\/strong>&nbsp;\u00e0 la Culture.<\/p>\n\n\n\n<p class=\"\">Voici la liste de tous les ministres :\u00a0M. Laurent NU\u00d1EZ, ministre de l\u2019Int\u00e9rieur ;<\/p>\n\n\n\n<p class=\"\">Mme Catherine VAUTRIN, ministre des Arm\u00e9es et des Anciens combattants ;<\/p>\n\n\n\n<p class=\"\">M. Jean-Pierre FARANDOU, ministre du Travail et des Solidarit\u00e9s ;<\/p>\n\n\n\n<p class=\"\">Mme Monique BARBUT, ministre de la Transition \u00e9cologique, de la Biodiversit\u00e9 et des N\u00e9gociations internationales sur le climat et la nature ;<\/p>\n\n\n\n<p class=\"\">M. G\u00e9rald DARMANIN, garde des Sceaux, ministre de la Justice ;<\/p>\n\n\n\n<p class=\"\">M. Roland LESCURE, ministre de l\u2019\u00c9conomie, des Finances et de la Souverainet\u00e9 industrielle, \u00e9nerg\u00e9tique et num\u00e9rique ;<\/p>\n\n\n\n<p class=\"\">M. Serge PAPIN, ministre des Petites et moyennes entreprises, du Commerce, de l\u2019Artisanat, du Tourisme et du Pouvoir d\u2019achat ;<\/p>\n\n\n\n<p class=\"\">Mme Annie GENEVARD, ministre de l\u2019Agriculture, de l\u2019Agro-alimentaire et de la Souverainet\u00e9 alimentaire ;<\/p>\n\n\n\n<p class=\"\">M. \u00c9douard GEFFRAY, ministre de l\u2019\u00c9ducation nationale ;<\/p>\n\n\n\n<p class=\"\">M. Jean-No\u00ebl BARROT, ministre de l\u2019Europe et des Affaires \u00e9trang\u00e8res ;<\/p>\n\n\n\n<p class=\"\">Mme St\u00e9phanie RIST, ministre de la Sant\u00e9, des Familles, de l\u2019Autonomie et des Personnes handicap\u00e9es ;<\/p>\n\n\n\n<p class=\"\">Mme Catherine P\u00c9GARD, ministre de la Culture ;<\/p>\n\n\n\n<p class=\"\">Mme Na\u00efma MOUTCHOU, ministre des Outre-mer ;<\/p>\n\n\n\n<p class=\"\">Mme Fran\u00e7oise GATEL, ministre de l\u2019Am\u00e9nagement du territoire et de la D\u00e9centralisation ;<\/p>\n\n\n\n<p class=\"\">M. David AMIEL, ministre de l\u2019Action et des Comptes publics ;<\/p>\n\n\n\n<p class=\"\">M. Philippe BAPTISTE, ministre de l\u2019Enseignement sup\u00e9rieur, de la Recherche et de l\u2019Espace ;<\/p>\n\n\n\n<p class=\"\">Mme Marina FERRARI, ministre des Sports, de la Jeunesse et de la Vie associative ;<\/p>\n\n\n\n<p class=\"\">M. Philippe TABAROT, ministre des Transports ;<\/p>\n\n\n\n<p class=\"\">M. Vincent JEANBRUN, ministre de la Ville et du Logement.\u00c7a bouge (un peu) chez les ministres d\u00e9l\u00e9gu\u00e9s<\/p>\n\n\n\n<p class=\"\">On note un peu plus de changements chez les ministres d\u00e9l\u00e9gu\u00e9s : la porte-parole du gouvernement,<strong>\u00a0Maud Br\u00e9geon<\/strong>, r\u00e9cup\u00e8re le portefeuille de l\u2019\u00c9nergie, qui n\u2019existait pas dans le pr\u00e9c\u00e9dent gouvernement.<strong>Sabrina Roubache<\/strong>, proche d\u2019Emmanuel Macron, r\u00e9int\u00e8gre le gouvernement en tant que charg\u00e9e de l\u2019Enseignement et de la Formation professionnels et de l\u2019Apprentissage.<\/p>\n\n\n\n<p class=\"\">Le d\u00e9put\u00e9&nbsp;<strong>Jean-Didier Berger<\/strong>&nbsp;est rattach\u00e9 au minist\u00e8re de l\u2019Int\u00e9rieur, sans plus de d\u00e9tail.<\/p>\n\n\n\n<p class=\"\">Enfin,&nbsp;<strong>Camille Galliard-Minier<\/strong>&nbsp;devient ministre d\u00e9l\u00e9gu\u00e9e charg\u00e9e de l\u2019Autonomie et des Personnes handicap\u00e9es, en remplacement de&nbsp;<a href=\"https:\/\/actu.fr\/societe\/gouvernement-lecornu-cette-ministre-demissionne-pour-retrouver-sa-liberte-de-parole-et-son-siege-de-deputee_63811779.html\">Charlotte Parmentier Lecocq<\/a>.<\/p>\n\n\n\n<p class=\"\">Voici la liste des ministres d\u00e9l\u00e9gu\u00e9s, en fonction de leur minist\u00e8re de rattachement :<\/p>\n\n\n\n<p class=\"\"><strong>Aupr\u00e8s du Premier ministre :<\/strong><\/p>\n\n\n\n<ul class=\"wp-block-list\">\n<li class=\"\">M. Laurent PANIFOUS, charg\u00e9 des Relations avec le Parlement ;<\/li>\n\n\n\n<li class=\"\">Mme Maud BREGEON, porte-parole du Gouvernement et charg\u00e9e de l\u2019\u00c9nergie aupr\u00e8s du ministre de l\u2019Economie, des Finances et de la Souverainet\u00e9 industrielle, \u00e9nerg\u00e9tique et num\u00e9rique ;<\/li>\n\n\n\n<li class=\"\">Mme Aurore BERG\u00c9, charg\u00e9e de l\u2019\u00c9galit\u00e9 entre les femmes et les hommes et de la Lutte contre les discriminations ;<\/li>\n<\/ul>\n\n\n\n<p class=\"\"><strong>Aupr\u00e8s du ministre de l\u2019Int\u00e9rieur :<\/strong><\/p>\n\n\n\n<ul class=\"wp-block-list\">\n<li class=\"\">M. Jean-Didier BERGER ;<\/li>\n\n\n\n<li class=\"\">Mme Marie-Pierre VEDRENNE, charg\u00e9e de la Citoyennet\u00e9 ;<\/li>\n<\/ul>\n\n\n\n<p class=\"\"><strong>Aupr\u00e8s de la ministre des Arm\u00e9es et des Anciens combattants :<\/strong><\/p>\n\n\n\n<ul class=\"wp-block-list\">\n<li class=\"\">Mme Alice RUFO ;<\/li>\n<\/ul>\n\n\n\n<p class=\"\"><strong>Aupr\u00e8s du ministre du Travail et des Solidarit\u00e9s et du ministre de l\u2019Education nationale :<\/strong><\/p>\n\n\n\n<ul class=\"wp-block-list\">\n<li class=\"\">Mme Sabrina ROUBACHE, charg\u00e9e de l\u2019Enseignement et de la Formation professionnels et de l\u2019Apprentissage ;<\/li>\n<\/ul>\n\n\n\n<p class=\"\"><strong>Aupr\u00e8s de la ministre de la Transition \u00e9cologique, de la Biodiversit\u00e9 et des N\u00e9gociations internationales sur le climat et la nature :<\/strong><\/p>\n\n\n\n<ul class=\"wp-block-list\">\n<li class=\"\">Mme Catherine CHABAUD, charg\u00e9e de la Mer et de la P\u00eache ;<\/li>\n\n\n\n<li class=\"\">M. Mathieu LEF\u00c8VRE, charg\u00e9 de la Transition \u00e9cologique ;<\/li>\n<\/ul>\n\n\n\n<p class=\"\"><strong>Aupr\u00e8s du ministre de l\u2019\u00c9conomie, des Finances et de la Souverainet\u00e9 industrielle, \u00e9nerg\u00e9tique et num\u00e9rique :<\/strong><\/p>\n\n\n\n<ul class=\"wp-block-list\">\n<li class=\"\">M. S\u00e9bastien MARTIN, charg\u00e9 de l\u2019Industrie ;<\/li>\n\n\n\n<li class=\"\">Mme Anne LE H\u00c9NANFF, charg\u00e9e de l\u2019Intelligence artificielle et du Num\u00e9rique ;<\/li>\n<\/ul>\n\n\n\n<p class=\"\"><strong>Aupr\u00e8s du ministre de l\u2019Europe et des Affaires \u00e9trang\u00e8res :<\/strong><\/p>\n\n\n\n<ul class=\"wp-block-list\">\n<li class=\"\">M. Benjamin HADDAD, charg\u00e9 de l\u2019Europe ;<\/li>\n\n\n\n<li class=\"\">M. Nicolas FORISSIER, charg\u00e9 du Commerce ext\u00e9rieur et de l\u2019Attractivit\u00e9 ;<\/li>\n\n\n\n<li class=\"\">Mme \u00c9l\u00e9onore CAROIT, charg\u00e9e de la Francophonie, des Partenariats internationaux et des Fran\u00e7ais de l\u2019\u00e9tranger ;<\/li>\n<\/ul>\n\n\n\n<p class=\"\"><strong>Aupr\u00e8s de la ministre de la Sant\u00e9, des Familles, de l\u2019Autonomie et des Personnes handicap\u00e9es :<\/strong><\/p>\n\n\n\n<ul class=\"wp-block-list\">\n<li class=\"\">Mme Camille GALLIARD-MINIER, charg\u00e9e de l\u2019Autonomie et des Personnes handicap\u00e9es ;<\/li>\n<\/ul>\n\n\n\n<p class=\"\"><strong>Aupr\u00e8s de la ministre de l\u2019Am\u00e9nagement du territoire et de la D\u00e9centralisation :<\/strong><\/p>\n\n\n\n<p class=\"\">M. Michel FOURNIER, charg\u00e9 de la Ruralit\u00e9.<\/p>\n","protected":false},"excerpt":{"rendered":"<p>L&rsquo;\u00c9lys\u00e9e a communiqu\u00e9, ce jeudi 26 f\u00e9vrier 2026, la composition du gouvernement Lecornu remani\u00e9, \u00e0 quelques semaines des \u00e9lections municipales.Am\u00e9lie de Montchalin&nbsp;partie \u00e0 la Cour des comptes lundi 23 f\u00e9vrier 2026,&nbsp;Rachida Dati&nbsp;qui annonce sa d\u00e9mission \u00e0 la t\u00e9l\u00e9vision mercredi 25 f\u00e9vrier\u2026 Il \u00e9tait temps que S\u00e9bastien Lecornu proc\u00e8de \u00e0 son&nbsp;\u00ab&nbsp;r\u00e9ajustement minist\u00e9riel&nbsp;\u00bb,&nbsp;initialement pr\u00e9vu pour le 22 [&hellip;]<\/p>\n","protected":false},"author":2,"featured_media":42744,"comment_status":"open","ping_status":"open","sticky":false,"template":"","format":"standard","meta":{"_jetpack_memberships_contains_paid_content":false,"footnotes":"","jetpack_publicize_message":"","jetpack_publicize_feature_enabled":true,"jetpack_social_post_already_shared":true,"jetpack_social_options":{"image_generator_settings":{"template":"highway","default_image_id":0,"font":"","enabled":false},"version":2},"_wpas_customize_per_network":false},"categories":[405],"tags":[],"class_list":["post-42743","post","type-post","status-publish","format-standard","has-post-thumbnail","hentry","category-actu-france-monde"],"jetpack_publicize_connections":[],"jetpack_featured_media_url":"https:\/\/i0.wp.com\/www.iceagetv.com\/radiosite\/wp-content\/uploads\/2026\/02\/906b0349-942f-3870-ba81-b2e13c359262-1-960x640-1.jpeg?fit=960%2C640&ssl=1","jetpack_sharing_enabled":true,"_links":{"self":[{"href":"https:\/\/www.iceagetv.com\/radiosite\/wp-json\/wp\/v2\/posts\/42743","targetHints":{"allow":["GET"]}}],"collection":[{"href":"https:\/\/www.iceagetv.com\/radiosite\/wp-json\/wp\/v2\/posts"}],"about":[{"href":"https:\/\/www.iceagetv.com\/radiosite\/wp-json\/wp\/v2\/types\/post"}],"author":[{"embeddable":true,"href":"https:\/\/www.iceagetv.com\/radiosite\/wp-json\/wp\/v2\/users\/2"}],"replies":[{"embeddable":true,"href":"https:\/\/www.iceagetv.com\/radiosite\/wp-json\/wp\/v2\/comments?post=42743"}],"version-history":[{"count":1,"href":"https:\/\/www.iceagetv.com\/radiosite\/wp-json\/wp\/v2\/posts\/42743\/revisions"}],"predecessor-version":[{"id":42745,"href":"https:\/\/www.iceagetv.com\/radiosite\/wp-json\/wp\/v2\/posts\/42743\/revisions\/42745"}],"wp:featuredmedia":[{"embeddable":true,"href":"https:\/\/www.iceagetv.com\/radiosite\/wp-json\/wp\/v2\/media\/42744"}],"wp:attachment":[{"href":"https:\/\/www.iceagetv.com\/radiosite\/wp-json\/wp\/v2\/media?parent=42743"}],"wp:term":[{"taxonomy":"category","embeddable":true,"href":"https:\/\/www.iceagetv.com\/radiosite\/wp-json\/wp\/v2\/categories?post=42743"},{"taxonomy":"post_tag","embeddable":true,"href":"https:\/\/www.iceagetv.com\/radiosite\/wp-json\/wp\/v2\/tags?post=42743"}],"curies":[{"name":"wp","href":"https:\/\/api.w.org\/{rel}","templated":true}]}}