{"id":42806,"date":"2026-03-01T09:43:48","date_gmt":"2026-03-01T08:43:48","guid":{"rendered":"https:\/\/www.iceagetv.com\/radiosite\/?p=42806"},"modified":"2026-03-01T09:43:51","modified_gmt":"2026-03-01T08:43:51","slug":"taxe-sur-les-petits-colis-controle-technique-frais-dhospitalisation-ce-qui-change-a-partir-de-ce-dimanche","status":"publish","type":"post","link":"https:\/\/www.iceagetv.com\/radiosite\/taxe-sur-les-petits-colis-controle-technique-frais-dhospitalisation-ce-qui-change-a-partir-de-ce-dimanche\/","title":{"rendered":"Taxe sur les petits colis, contr\u00f4le technique, frais d&rsquo;hospitalisation\u00a0: ce qui change \u00e0 partir de ce dimanche"},"content":{"rendered":"\n<p class=\"\">Hausse du prix du gaz, augmentation des forfaits d&rsquo;hospitalisation ou de passage aux urgences, taxe sur les petits colis, cl\u00f4ture de certains PEL&nbsp;: plusieurs changements entrent en vigueur \u00e0 partir de ce dimanche 1er mars. ICI fait le point.<\/p>\n\n\n\n<p class=\"\">Comme chaque mois, plusieurs changements entrent en vigueur et c&rsquo;est de nouveau le cas \u00e0 partir de ce 1er mars. Le prix du gaz et des forfaits\u00a0factur\u00e9s aux patients apr\u00e8s un passage \u00e0 l&rsquo;h\u00f4pital et aux urgences augmentent tandis qu&rsquo;une taxe sur les petits colis entre en vigueur. Certains plans \u00e9pargne logement vont fermer, le contr\u00f4le technique des deux-roues va \u00eatre durci et la majoration des allocations familiales va \u00eatre repouss\u00e9e \u00e0 18 ans. Voici tout ce qui change d\u00e8s ce dimanche.Hausse du prix du gaz<\/p>\n\n\n\n<p class=\"\">Le prix rep\u00e8re moyen du gaz calcul\u00e9 par la Commission de r\u00e9gulation de l&rsquo;\u00e9nergie (CRE) va augmenter de 3,93% par rapport \u00e0 f\u00e9vrier, indique&nbsp;<a target=\"_blank\" rel=\"noreferrer noopener\" href=\"https:\/\/particuliers.engie.fr\/gaz-naturel\/conseils-gaz-naturel\/conseils-tarifs-gaz-naturel\/evolution-prix-repere-gaz.html\">Engie<\/a>. Le prix rep\u00e8re moyen du gaz est de&nbsp;0,14010 euros\/KWh TTC.<\/p>\n\n\n\n<h2 class=\"wp-block-heading\">La majoration des allocations familiales repouss\u00e9e \u00e0 18 ans<\/h2>\n\n\n\n<p class=\"\">Le montant des allocations familiales va baisser pour certains m\u00e9nages d\u00e8s dimanche. L\u2019\u00e2ge ouvrant droit \u00e0 la majoration des allocations familiales est repouss\u00e9 de 14 \u00e0 18 ans, comme l&rsquo;a d\u00e9cid\u00e9 le gouvernement\u00a0<a href=\"https:\/\/www.francebleu.fr\/infos\/politique\/retraites-heures-supplementaires-arrets-maladie-ce-que-contient-le-texte-du-budget-de-la-securite-sociale-6315205\">dans le budget de la S\u00e9curit\u00e9 sociale 2026<\/a>.\u00a0Selon le gouvernement, ce rabot sur les allocations familiales permettra de financer\u00a0<a href=\"https:\/\/www.francebleu.fr\/infos\/societe\/ce-que-l-on-sait-du-nouveau-conge-de-naissance-qui-doit-entrer-en-vigueur-en-juillet-2026-4839711\">le nouveau cong\u00e9 de naissance<\/a>.\u00a0<em>\u00ab\u00a0Cette mesure va faire perdre 900 euros par an pour chaque enfant \u00e0 une famille, une somme colossale\u00a0\u00bb<\/em>, a tacl\u00e9 Bernard Tranchant, pr\u00e9sident de l&rsquo;Union nationale des Associations familiales (Unaf), qui repr\u00e9sente les familles aupr\u00e8s des pouvoirs publics.Les \u00ab\u00a0forfaits\u00a0\u00bb factur\u00e9s aux patients \u00e0 l&rsquo;h\u00f4pital augmentent<\/p>\n\n\n\n<p class=\"\">Pour faire \u00e9conomiser 450 millions d&rsquo;euros \u00e0 la S\u00e9curit\u00e9 sociale, le gouvernement va augmenter d\u00e8s dimanche divers \u00ab\u00a0forfaits\u00a0\u00bb factur\u00e9s aux patients, rembours\u00e9s par les compl\u00e9mentaires sant\u00e9 pour ceux qui en disposent, en cas d&rsquo;hospitalisation ou de passage aux urgences.<\/p>\n\n\n\n<p class=\"\">En cas d&rsquo;hospitalisation dans un service de psychiatrie, le forfait qui \u00e9tait fix\u00e9 jusqu&rsquo;ici \u00e0 15 euros grimpera \u00e0 17 euros. Le \u00ab\u00a0forfait patient urgences\u00a0\u00bb (FPU), factur\u00e9 pour un patient qui passe aux urgences sans \u00eatre hospitalis\u00e9, passera par ailleurs de 19,61 euros \u00e0 23 euros.Demandes d&rsquo;aides pour les personnes en situation de handicap&nbsp;: exp\u00e9rimentation du formulaire simplifi\u00e9<\/p>\n\n\n\n<p class=\"\">Le formulaire simplifi\u00e9 de demande de droits pour les personnes handicap\u00e9es va \u00eatre exp\u00e9riment\u00e9 d\u00e8s ce dimanche\u00a0dans l&rsquo;Aveyron, le Nord, en Corse, dans l&rsquo;Indre et en Guyane.\u00a0 Ce formulaire est celui qui permet notamment d&rsquo;obtenir l&rsquo;allocation adulte handicap\u00e9. Dans son format actuel (20 pages, des dizaines de cadres de toutes les couleurs \u00e0 remplir, des centaines de cases \u00e0 cocher), il est consid\u00e9r\u00e9 comme trop complexe et est souvent d\u00e9peint comme l&rsquo;exemple-type de la lourdeur administrative.\u00a0Le nouveau formulaire est plus court (14 pages), plus concis et plus simple.Le prix de la carte grise augmente en Nouvelle-Aquitaine, une majoration forfaitaire en \u00cele-de-France<\/p>\n\n\n\n<p class=\"\">\u00c0 partir de ce dimanche,\u00a0la carte grise sera plus ch\u00e8re en Nouvelle-Aquitaine, en raison de la hausse de la taxe r\u00e9gionale qui fait \u00e9voluer le montant du cheval fiscal.\u00a0Ainsi, le montant du cheval fiscal augmente en Nouvelle-Aquitaine (+9,4%) et atteint 58 euros. En \u00cele-de-France,\u00a0le cheval fiscal est toujours de 54,95 euros, mais le gouvernement a impos\u00e9 dans le budget 2026\u00a0<strong>une majoration forfaitaire de 14 euros<\/strong>\u00a0qui s\u2019ajoutera \u00e0 la facture finale de votre carte grise.Instauration d&rsquo;une taxe sur les petits colis<\/p>\n\n\n\n<p class=\"\">Pour lutter contre l&rsquo;afflux massif de petits colis, notamment venus d&rsquo;Asie et consid\u00e9r\u00e9s comme de la concurrence d\u00e9loyale pour les commer\u00e7ants, le gouvernement fran\u00e7ais va instaurer une taxe de deux euros par colis d\u00e8s ce dimanche. Cette taxe\u00a0s\u2019applique\u00a0aux importations hors Union europ\u00e9enne d\u2019une valeur inf\u00e9rieure \u00e0 150 euros. \u00ab\u00a0Cette taxe concerne chaque article de marchandise et s\u2019applique m\u00eame si plusieurs articles sont regroup\u00e9s dans un m\u00eame colis\u00a0\u00bb,\u00a0<a href=\"https:\/\/www.info.gouv.fr\/actualite\/ce-qui-change-en-mars-2026\" target=\"_blank\" rel=\"noreferrer noopener\">pr\u00e9cise le gouvernement<\/a>. Par exemple, si un colis de 100 euros contient un seul article, il sera tax\u00e9 \u00e0 hauteur de 2 euros et si un colis de la m\u00eame valeur contient dix articles distincts, une taxe de vingt euros s&rsquo;appliquera.Cl\u00f4ture de certains plans \u00e9pargne logement (PEL)<\/p>\n\n\n\n<p class=\"\">Un tiers des plans \u00e9pargne logement (PEL) vont fermer d&rsquo;ici 2030 conform\u00e9ment \u00e0 la loi du 29 d\u00e9cembre 2010 de finances rectificative. Ainsi, les PEL ouverts depuis le 1er mars 2011 sont ferm\u00e9s automatiquement au bout de 15 ans. Si votre PEL a \u00e9t\u00e9 ouvert en mars 2011 par exemple, il sera donc cl\u00f4tur\u00e9 en mars 2026.&nbsp;Si votre PEL arrive \u00e0 \u00e9ch\u00e9ance, atteignant cette dur\u00e9e maximale de 15 ans, il sera automatiquement transform\u00e9 en livret d&rsquo;\u00e9pargne classique avec un taux de r\u00e9mun\u00e9ration fix\u00e9 par votre banque.<\/p>\n\n\n\n<p class=\"\">En revanche, ceux ouverts avant mars 2011 peuvent \u00eatre conserv\u00e9s sans limitation de dur\u00e9e.&nbsp;Sur les 9 millions de PEL existants, 3,2 millions seront concern\u00e9s entre 2026 et 2030.<\/p>\n","protected":false},"excerpt":{"rendered":"<p>Hausse du prix du gaz, augmentation des forfaits d&rsquo;hospitalisation ou de passage aux urgences, taxe sur les petits colis, cl\u00f4ture de certains PEL&nbsp;: plusieurs changements entrent en vigueur \u00e0 partir de ce dimanche 1er mars. ICI fait le point. Comme chaque mois, plusieurs changements entrent en vigueur et c&rsquo;est de nouveau le cas \u00e0 partir [&hellip;]<\/p>\n","protected":false},"author":2,"featured_media":42807,"comment_status":"open","ping_status":"open","sticky":false,"template":"","format":"standard","meta":{"_jetpack_memberships_contains_paid_content":false,"footnotes":"","jetpack_publicize_message":"","jetpack_publicize_feature_enabled":true,"jetpack_social_post_already_shared":true,"jetpack_social_options":{"image_generator_settings":{"template":"highway","default_image_id":0,"font":"","enabled":false},"version":2},"_wpas_customize_per_network":false},"categories":[405],"tags":[],"class_list":["post-42806","post","type-post","status-publish","format-standard","has-post-thumbnail","hentry","category-actu-france-monde"],"jetpack_publicize_connections":[],"jetpack_featured_media_url":"https:\/\/i0.wp.com\/www.iceagetv.com\/radiosite\/wp-content\/uploads\/2026\/03\/ce-qui-change-a-partir-de-ce-dimanche.jpg?fit=932%2C503&ssl=1","jetpack_sharing_enabled":true,"_links":{"self":[{"href":"https:\/\/www.iceagetv.com\/radiosite\/wp-json\/wp\/v2\/posts\/42806","targetHints":{"allow":["GET"]}}],"collection":[{"href":"https:\/\/www.iceagetv.com\/radiosite\/wp-json\/wp\/v2\/posts"}],"about":[{"href":"https:\/\/www.iceagetv.com\/radiosite\/wp-json\/wp\/v2\/types\/post"}],"author":[{"embeddable":true,"href":"https:\/\/www.iceagetv.com\/radiosite\/wp-json\/wp\/v2\/users\/2"}],"replies":[{"embeddable":true,"href":"https:\/\/www.iceagetv.com\/radiosite\/wp-json\/wp\/v2\/comments?post=42806"}],"version-history":[{"count":1,"href":"https:\/\/www.iceagetv.com\/radiosite\/wp-json\/wp\/v2\/posts\/42806\/revisions"}],"predecessor-version":[{"id":42808,"href":"https:\/\/www.iceagetv.com\/radiosite\/wp-json\/wp\/v2\/posts\/42806\/revisions\/42808"}],"wp:featuredmedia":[{"embeddable":true,"href":"https:\/\/www.iceagetv.com\/radiosite\/wp-json\/wp\/v2\/media\/42807"}],"wp:attachment":[{"href":"https:\/\/www.iceagetv.com\/radiosite\/wp-json\/wp\/v2\/media?parent=42806"}],"wp:term":[{"taxonomy":"category","embeddable":true,"href":"https:\/\/www.iceagetv.com\/radiosite\/wp-json\/wp\/v2\/categories?post=42806"},{"taxonomy":"post_tag","embeddable":true,"href":"https:\/\/www.iceagetv.com\/radiosite\/wp-json\/wp\/v2\/tags?post=42806"}],"curies":[{"name":"wp","href":"https:\/\/api.w.org\/{rel}","templated":true}]}}