{"id":42815,"date":"2026-03-01T18:53:15","date_gmt":"2026-03-01T17:53:15","guid":{"rendered":"https:\/\/www.iceagetv.com\/radiosite\/?p=42815"},"modified":"2026-03-01T18:53:17","modified_gmt":"2026-03-01T17:53:17","slug":"salon-de-lagriculture-2026-la-frequentation-en-baisse-de-279-penalisee-notamment-par-labsence-des-bovins","status":"publish","type":"post","link":"https:\/\/www.iceagetv.com\/radiosite\/salon-de-lagriculture-2026-la-frequentation-en-baisse-de-279-penalisee-notamment-par-labsence-des-bovins\/","title":{"rendered":"Salon de l&rsquo;agriculture\u00a02026 : la fr\u00e9quentation en baisse de 27,9%, p\u00e9nalis\u00e9e notamment par l&rsquo;absence des bovins"},"content":{"rendered":"\n<p class=\"\">La fr\u00e9quentation du Salon de l&rsquo;agriculture a chut\u00e9 de 27.9%, annoncent dimanche les organisateurs, alors que les bovins \u00e9taient absents de l&rsquo;\u00e9v\u00e8nement en raison de l&rsquo;\u00e9pid\u00e9mie de dermatose nodulaire. L&rsquo;\u00e9dition 2026, qui a ferm\u00e9 ses portes ce dimanche, restera un \u00ab\u00a0salon pas comme les autres\u00a0\u00bb.<\/p>\n\n\n\n<p class=\"\">L&rsquo;\u00e9dition 2026 du\u00a0<a href=\"https:\/\/www.francebleu.fr\/theme\/salon-de-l-agriculture\">Salon international de l&rsquo;agriculture (SIA)<\/a>\u00a0a r\u00e9uni\u00a0437.402 visiteurs pendant dix jours contre 607.000 lors de l&rsquo;\u00e9dition pr\u00e9c\u00e9dente, annoncent dimanche les organisateurs, jour de fermeture.\u00a0<strong>La fr\u00e9quentation a chut\u00e9 de 27,9%<\/strong>, p\u00e9nalis\u00e9e notamment par\u00a0<a href=\"https:\/\/www.francebleu.fr\/infos\/agriculture-peche\/il-n-y-aura-aucun-bovin-au-salon-de-l-agriculture-2026-annonce-le-president-du-salon-6563328\">l&rsquo;absence des\u00a0bovins durant l&rsquo;\u00e9v\u00e8nement<\/a>\u00a0en raison de l&rsquo;\u00e9pid\u00e9mie de dermatose nodulaire.\u00a0\u00ab\u00a0<em>Le contexte \u00e9tait un peu particulier<\/em>\u00ab\u00a0, avec l&rsquo;absence des bovins, une premi\u00e8re depuis 62 ans, qui\u00a0<em>\u00ab\u00a0a beaucoup marqu\u00e9\u00a0\u00bb<\/em>\u00a0et aussi\u00a0<em>\u00ab\u00a0beaucoup d&rsquo;inqui\u00e9tudes du monde agricole\u00a0\u00bb<\/em>, a soulign\u00e9 le pr\u00e9sident de l&rsquo;\u00e9v\u00e8nement J\u00e9r\u00f4me Despey.\u00a0<em>\u00ab\u00a0Quand il manque quelqu&rsquo;un dans la famille, ce n&rsquo;est pas comme d&rsquo;habitude (&#8230;). Et \u00e7a s&rsquo;est vraiment ressenti dans une baisse de la fr\u00e9quentation\u00a0\u00bb<\/em>, a-t-il expliqu\u00e9 \u00e0 l&rsquo;AFP.\u00a0Le salon\u00a0<em>\u00ab\u00a0reviendra plus fort l&rsquo;an prochain\u00a0\u00bb<\/em>, a-t-il par ailleurs assur\u00e9.La fr\u00e9quentation moindre peut aussi s&rsquo;expliquer par plusieurs\u00a0<em>\u00ab\u00a0facteurs exog\u00e8nes\u00a0\u00bb,<\/em>\u00a0comme les vacances scolaires &#8211; pour la premi\u00e8re fois depuis 8 ans, l&rsquo;ensemble des trois zones \u00e9taient en cong\u00e9s en m\u00eame temps sur plusieurs jours pendant le salon &#8211; ou la m\u00e9t\u00e9o pluvieuse avec des inondations dans plusieurs r\u00e9gions, qui a pu emp\u00eacher certains visiteurs de venir.Un \u00ab\u00a0aspect plus qualitatif\u00a0\u00bb, affirme le pr\u00e9sident du salon<\/p>\n\n\n\n<p class=\"\">J\u00e9r\u00f4me Despey note toutefois quelques aspects positifs, avec un&nbsp;<em>\u00ab\u00a0aspect plus qualitatif\u00a0\u00bb<\/em>&nbsp;pour certains exposants qui ont eu l&rsquo;impression de \u00ab\u00a0pouvoir mieux dialoguer\u00a0\u00bb entre eux mais aussi avec les visiteurs et les responsables politiques. Il entend se r\u00e9unir rapidement avec les pr\u00e9sidents d&rsquo;autres salons et le gouvernement pour&nbsp;<em>\u00ab\u00a0permettre d&rsquo;avoir des protocoles qui nous permettent de s\u00e9curiser\u00a0\u00bb<\/em>&nbsp;ce type d&rsquo;\u00e9v\u00e8nements et leurs participants&nbsp;<em>\u00ab\u00a0au-del\u00e0 des protocoles sanitaires \u00e9dict\u00e9s par l&rsquo;\u00c9tat\u00a0\u00bb<\/em>&nbsp;dans un contexte de n\u00e9cessaire adaptation aux nouvelles crises potentielles.<\/p>\n\n\n\n<p class=\"\">Interrog\u00e9s par&nbsp;<a href=\"https:\/\/www.francebleu.fr\/nouvelle-aquitaine\/deux-sevres-79\/c-est-une-catastrophe-au-salon-de-l-agriculture-les-exposants-poitevins-decus-de-l-edition-2026-5578707\">ICI Poitou<\/a>, les exposants poitevins ont, eux, fait part de leur d\u00e9ception \u00e0 la fin du salon 2026. \u00ab\u00a0<em>C&rsquo;est vraiment une catastrophe. On fait -60% de chiffre d&rsquo;affaires par rapport \u00e0 l&rsquo;ann\u00e9e derni\u00e8re<\/em>\u00ab\u00a0, a d\u00e9plor\u00e9 Fran\u00e7ois Guillon, brasseur \u00e0 Montmorillon (Vienne). \u00ab\u00a0<em>Les all\u00e9es sont particuli\u00e8rement vides. \u00c7a n&rsquo;a jamais \u00e9t\u00e9 la folie des ann\u00e9es pr\u00e9c\u00e9dentes o\u00f9 on pouvait \u00e0 peine se d\u00e9placer\u00a0\u00bb,<\/em>&nbsp;poursuit-il.&nbsp;\u00ab\u00a0<em>On est s\u00fbrs qu&rsquo;on ne rentre pas dans nos frais. Il n&rsquo;y a pas de clients dans les all\u00e9es. Donc il faut aller chercher les ventes, faire de la d\u00e9gustation\u00a0\u00bb,<\/em>&nbsp;a \u00e9galement soulign\u00e9&nbsp;Emmanuelle Bouchet des Brioches royannaises,&nbsp;<a href=\"https:\/\/www.francebleu.fr\/auvergne-rhone-alpes\/haute-savoie-74\/lugrin\/video-tout-est-cher-degats-limites-des-exposants-mitiges-au-salon-de-l-agriculture-6179523\">interrog\u00e9e par ICI<\/a>.<\/p>\n","protected":false},"excerpt":{"rendered":"<p>La fr\u00e9quentation du Salon de l&rsquo;agriculture a chut\u00e9 de 27.9%, annoncent dimanche les organisateurs, alors que les bovins \u00e9taient absents de l&rsquo;\u00e9v\u00e8nement en raison de l&rsquo;\u00e9pid\u00e9mie de dermatose nodulaire. L&rsquo;\u00e9dition 2026, qui a ferm\u00e9 ses portes ce dimanche, restera un \u00ab\u00a0salon pas comme les autres\u00a0\u00bb. L&rsquo;\u00e9dition 2026 du\u00a0Salon international de l&rsquo;agriculture (SIA)\u00a0a r\u00e9uni\u00a0437.402 visiteurs pendant [&hellip;]<\/p>\n","protected":false},"author":2,"featured_media":42816,"comment_status":"open","ping_status":"open","sticky":false,"template":"","format":"standard","meta":{"_jetpack_memberships_contains_paid_content":false,"footnotes":"","jetpack_publicize_message":"","jetpack_publicize_feature_enabled":true,"jetpack_social_post_already_shared":true,"jetpack_social_options":{"image_generator_settings":{"template":"highway","default_image_id":0,"font":"","enabled":false},"version":2},"_wpas_customize_per_network":false},"categories":[405],"tags":[],"class_list":["post-42815","post","type-post","status-publish","format-standard","has-post-thumbnail","hentry","category-actu-france-monde"],"jetpack_publicize_connections":[],"jetpack_featured_media_url":"https:\/\/i0.wp.com\/www.iceagetv.com\/radiosite\/wp-content\/uploads\/2026\/03\/Salon-de-lagriculture-2026.jpg?fit=905%2C483&ssl=1","jetpack_sharing_enabled":true,"_links":{"self":[{"href":"https:\/\/www.iceagetv.com\/radiosite\/wp-json\/wp\/v2\/posts\/42815","targetHints":{"allow":["GET"]}}],"collection":[{"href":"https:\/\/www.iceagetv.com\/radiosite\/wp-json\/wp\/v2\/posts"}],"about":[{"href":"https:\/\/www.iceagetv.com\/radiosite\/wp-json\/wp\/v2\/types\/post"}],"author":[{"embeddable":true,"href":"https:\/\/www.iceagetv.com\/radiosite\/wp-json\/wp\/v2\/users\/2"}],"replies":[{"embeddable":true,"href":"https:\/\/www.iceagetv.com\/radiosite\/wp-json\/wp\/v2\/comments?post=42815"}],"version-history":[{"count":1,"href":"https:\/\/www.iceagetv.com\/radiosite\/wp-json\/wp\/v2\/posts\/42815\/revisions"}],"predecessor-version":[{"id":42817,"href":"https:\/\/www.iceagetv.com\/radiosite\/wp-json\/wp\/v2\/posts\/42815\/revisions\/42817"}],"wp:featuredmedia":[{"embeddable":true,"href":"https:\/\/www.iceagetv.com\/radiosite\/wp-json\/wp\/v2\/media\/42816"}],"wp:attachment":[{"href":"https:\/\/www.iceagetv.com\/radiosite\/wp-json\/wp\/v2\/media?parent=42815"}],"wp:term":[{"taxonomy":"category","embeddable":true,"href":"https:\/\/www.iceagetv.com\/radiosite\/wp-json\/wp\/v2\/categories?post=42815"},{"taxonomy":"post_tag","embeddable":true,"href":"https:\/\/www.iceagetv.com\/radiosite\/wp-json\/wp\/v2\/tags?post=42815"}],"curies":[{"name":"wp","href":"https:\/\/api.w.org\/{rel}","templated":true}]}}