{"id":42844,"date":"2026-03-02T20:18:33","date_gmt":"2026-03-02T19:18:33","guid":{"rendered":"https:\/\/www.iceagetv.com\/radiosite\/?p=42844"},"modified":"2026-03-02T20:18:35","modified_gmt":"2026-03-02T19:18:35","slug":"le-pire-est-a-venir-voici-pourquoi-le-gaz-qui-vient-daugmenter-de-53-va-continuer-de-flamber","status":"publish","type":"post","link":"https:\/\/www.iceagetv.com\/radiosite\/le-pire-est-a-venir-voici-pourquoi-le-gaz-qui-vient-daugmenter-de-53-va-continuer-de-flamber\/","title":{"rendered":"Le pire est \u00e0 venir\u00a0\u00bb: voici pourquoi le gaz qui vient d&rsquo;augmenter de 5,3% va continuer de flamber"},"content":{"rendered":"\n<p class=\"\">Le prix rep\u00e8re du gaz a fortement augment\u00e9 au 1er mars: de 5,3% pour un usage chauffage, et 4% pour un usage cuisson\/eau chaude. Une hausse paradoxale alors qu&rsquo;il a d&rsquo;habitude tendance \u00e0 baisser \u00e0 l&rsquo;approche du printemps, mais ici li\u00e9e aux tensions en Iran.<\/p>\n\n\n\n<p class=\"\">Les \u00e9volutions des prix du gaz\u00a0<a href=\"https:\/\/rmc.bfmtv.com\/conso\/maison\/electricite-et-gaz\/alors-que-le-prix-du-gaz-baisse-vos-factures-vont-augmenter-en-2026-voici-pourquoi_AN-202512150462.html\">ont \u00e9t\u00e9 plut\u00f4t curieuses ces derniers mois<\/a>. En r\u00e8gle g\u00e9n\u00e9rale ils augmentent tout au long de l&rsquo;hiver, et se remettent \u00e0 baisser d\u00e8s que le printemps arrive. Pourtant cette ann\u00e9e, c&rsquo;est l&rsquo;inverse qui s&rsquo;est produit.En effet&nbsp;<a href=\"https:\/\/www.cre.fr\/consommateurs\/prix-reperes-et-references\/prix-repere-de-vente-de-gaz-naturel-a-destination-des-clients-residentiels.html\" target=\"_blank\" rel=\"noreferrer noopener\">le prix rep\u00e8re du kWh<\/a>&nbsp;pour un usage chauffage vient d&rsquo;augmenter de 5,3% alors qu&rsquo;il n&rsquo;avait fait que baisser depuis avril 2025. Pour un usage cuisson\/eau chaude, la hausse de 4% annonc\u00e9e pour mars 2026 par la Commission de r\u00e9gulation de l&rsquo;\u00e9nergie (CRE) est la premi\u00e8re depuis juillet 2025.<\/p>\n\n\n\n<p class=\"\">Avant d&rsquo;expliquer ce paradoxe, commen\u00e7ons par rappeler ce qu&rsquo;est le prix rep\u00e8re. Depuis&nbsp;<strong><a href=\"https:\/\/rmc.bfmtv.com\/conso\/maison\/electricite-et-gaz\/gaz-que-va-t-il-se-passer-apres-la-fin-du-tarif-reglemente-le-30-juin_AV-202306260407.html\">la fin du tarif r\u00e9glement\u00e9 en juin 2023<\/a><\/strong>, la CRE publie chaque mois ce tarif qui a principalement une vis\u00e9e indicative. Les fournisseurs sont libres de proposer le prix qu&rsquo;ils veulent, et le consommateur doit se servir de ce prix rep\u00e8re pour trouver les offres les plus int\u00e9ressantes. Mais dans les faits, la plupart des fournisseurs adaptent leurs tarifs en fonction de ce prix. Certains proposent m\u00eame des offres index\u00e9es dessus.<\/p>\n\n\n\n<h2 class=\"wp-block-heading\" id=\"83v5j\">Une forte hausse au cours de l&rsquo;hiver 2024-2025, suivie d&rsquo;une baisse continue<\/h2>\n\n\n\n<p class=\"\">Au cours de l&rsquo;hiver 2024-2024, le prix rep\u00e8re avait augment\u00e9 en continu de novembre 2024 \u00e0 avril 2025, aussi bien pour l&rsquo;usage cuisson-eau chaude que celui chauffage. Ce dernier \u00e9tait par exemple pass\u00e9 d&rsquo;un prix moyen de 0,109 euro le kWh \u00e0 0,124 euro sur cette p\u00e9riode.Soit une hausse de 14%, qui pouvait s&rsquo;expliquer non seulement par le fait que l&rsquo;hiver fut froid, et donc que la demande \u00e9tait importante. Mais surtout parce que, comme l&rsquo;explique \u00c9douard Lotz, responsable recherche et analyse march\u00e9s du cabinet de conseil en \u00e9nergie Omnegy, les prix sur le march\u00e9 europ\u00e9en du gaz avaient augment\u00e9.<\/p>\n\n\n\n<p class=\"\">Un coup d&rsquo;\u0153il sur l&rsquo;indice TTF,&nbsp;<a href=\"https:\/\/www.insee.fr\/fr\/statistiques\/serie\/010767333\" target=\"_blank\" rel=\"noreferrer noopener\">donn\u00e9 ici par l&rsquo;Insee<\/a>&nbsp;et consid\u00e9r\u00e9 comme la r\u00e9f\u00e9rence du march\u00e9 europ\u00e9en du gaz, permet de s&rsquo;en rendre compte. Il n&rsquo;a pas cess\u00e9 d&rsquo;augmenter au cours de l&rsquo;hiver de l&rsquo;ann\u00e9e derni\u00e8re, jusqu&rsquo;\u00e0 atteindre un sommet \u00e0 50,3 euros le m\u00e9gawattheure en f\u00e9vrier 2025.<\/p>\n\n\n\n<p class=\"\">Mais dans les mois qui ont suivi, les tensions sur le march\u00e9 europ\u00e9en sont redescendues et les prix ont baiss\u00e9 tout l&rsquo;\u00e9t\u00e9. Mais aussi, chose plus rare, au cours de l&rsquo;automne et l&rsquo;hiver. Ce m\u00eame indice TTF est descendu jusqu&rsquo;\u00e0 27,6 euros le MWh en moyenne en d\u00e9cembre 2025.Un d\u00e9calage entre les prix de march\u00e9 et le prix rep\u00e8re<\/p>\n\n\n\n<p class=\"\">\u00c9douard Lotz note que la CRE, pour \u00e9tablir son prix rep\u00e8re du gaz, regarde les prix sur les march\u00e9s de gros deux ou trois mois \u00e0 l&rsquo;avance. \u00ab\u00a0Il y a toujours un d\u00e9calage entre les hausses ou baisses sur les march\u00e9s, et les hausses ou baisses sur les factures\u00a0\u00bb.<\/p>\n\n\n\n<p class=\"\">Ainsi en f\u00e9vrier 2026, le prix rep\u00e8re pour un usage chauffage \u00e9tait de 0,0998 euro le kWh. Ce niveau historiquement bas correspondait au prix de d\u00e9cembre sur les march\u00e9s. Mais ces derniers viennent de commencer \u00e0 remonter. Ce qui explique&nbsp;<a href=\"https:\/\/rmc.bfmtv.com\/actualites\/economie\/on-paye-deja-150-euros-par-mois-l-hiver-attention-le-prix-du-gaz-va-encore-augmenter-au-1er-mars_AV-202602260160.html\">les hausses de 5,3% et 4% des prix rep\u00e8res chauffage et cuisson\/eau chaude du gaz<\/a>, \u00e9voqu\u00e9es plus haut.<\/p>\n\n\n\n<p class=\"\">La bonne nouvelle, c&rsquo;est que cette hausse intervient \u00e0 la fin de l&rsquo;hiver. Alors que 11 millions de clients se chauffent au gaz en France, cette hausse sera plus indolore puisque les temp\u00e9ratures remontent, et ces foyers commencent \u00e0 \u00e9teindre leur radiateur.<\/p>\n\n\n\n<h2 class=\"wp-block-heading\" id=\"ecbrd\">La hausse va s&rsquo;accentuer dans les prochains mois<\/h2>\n\n\n\n<p class=\"\">En revanche la mauvaise nouvelle, c&rsquo;est que d&rsquo;autres hausses sont \u00e0 pr\u00e9voir pour les mois qui arrivent. Les\u00a0<a href=\"https:\/\/www.bfmtv.com\/international\/moyen-orient\/iran\/direct-guerre-en-iran-des-frappes-a-grande-echelle-sur-teheran-le-liban-frappe-par-l-armee-israelienne_LN-202603020054.html\">tensions au Moyen-Orient de ces derniers jours<\/a>, ont provoqu\u00e9 une envol\u00e9e des prix du gaz sur les march\u00e9s de gros.Si vous \u00eates abonn\u00e9 \u00e0 une offre de fourniture de gaz, que ce soit pour un usage chauffage ou cuisson\/eau chaude, vous devriez donc vous tenir pr\u00eat. En particulier si vous \u00eates abonn\u00e9 \u00e0 une offre index\u00e9e sur le prix rep\u00e8re: dans ce cas, une hausse de votre facture est quasi in\u00e9vitable.<\/p>\n","protected":false},"excerpt":{"rendered":"<p>Le prix rep\u00e8re du gaz a fortement augment\u00e9 au 1er mars: de 5,3% pour un usage chauffage, et 4% pour un usage cuisson\/eau chaude. Une hausse paradoxale alors qu&rsquo;il a d&rsquo;habitude tendance \u00e0 baisser \u00e0 l&rsquo;approche du printemps, mais ici li\u00e9e aux tensions en Iran. Les \u00e9volutions des prix du gaz\u00a0ont \u00e9t\u00e9 plut\u00f4t curieuses ces [&hellip;]<\/p>\n","protected":false},"author":2,"featured_media":42845,"comment_status":"open","ping_status":"open","sticky":false,"template":"","format":"standard","meta":{"_jetpack_memberships_contains_paid_content":false,"footnotes":"","jetpack_publicize_message":"","jetpack_publicize_feature_enabled":true,"jetpack_social_post_already_shared":true,"jetpack_social_options":{"image_generator_settings":{"template":"highway","default_image_id":0,"font":"","enabled":false},"version":2},"_wpas_customize_per_network":false},"categories":[405],"tags":[],"class_list":["post-42844","post","type-post","status-publish","format-standard","has-post-thumbnail","hentry","category-actu-france-monde"],"jetpack_publicize_connections":[],"jetpack_featured_media_url":"https:\/\/i0.wp.com\/www.iceagetv.com\/radiosite\/wp-content\/uploads\/2026\/03\/Decouvrez-ce-qui-change-au-1er-mai-1849725.jpg?fit=800%2C450&ssl=1","jetpack_sharing_enabled":true,"_links":{"self":[{"href":"https:\/\/www.iceagetv.com\/radiosite\/wp-json\/wp\/v2\/posts\/42844","targetHints":{"allow":["GET"]}}],"collection":[{"href":"https:\/\/www.iceagetv.com\/radiosite\/wp-json\/wp\/v2\/posts"}],"about":[{"href":"https:\/\/www.iceagetv.com\/radiosite\/wp-json\/wp\/v2\/types\/post"}],"author":[{"embeddable":true,"href":"https:\/\/www.iceagetv.com\/radiosite\/wp-json\/wp\/v2\/users\/2"}],"replies":[{"embeddable":true,"href":"https:\/\/www.iceagetv.com\/radiosite\/wp-json\/wp\/v2\/comments?post=42844"}],"version-history":[{"count":1,"href":"https:\/\/www.iceagetv.com\/radiosite\/wp-json\/wp\/v2\/posts\/42844\/revisions"}],"predecessor-version":[{"id":42846,"href":"https:\/\/www.iceagetv.com\/radiosite\/wp-json\/wp\/v2\/posts\/42844\/revisions\/42846"}],"wp:featuredmedia":[{"embeddable":true,"href":"https:\/\/www.iceagetv.com\/radiosite\/wp-json\/wp\/v2\/media\/42845"}],"wp:attachment":[{"href":"https:\/\/www.iceagetv.com\/radiosite\/wp-json\/wp\/v2\/media?parent=42844"}],"wp:term":[{"taxonomy":"category","embeddable":true,"href":"https:\/\/www.iceagetv.com\/radiosite\/wp-json\/wp\/v2\/categories?post=42844"},{"taxonomy":"post_tag","embeddable":true,"href":"https:\/\/www.iceagetv.com\/radiosite\/wp-json\/wp\/v2\/tags?post=42844"}],"curies":[{"name":"wp","href":"https:\/\/api.w.org\/{rel}","templated":true}]}}