{"id":42854,"date":"2026-03-03T15:30:05","date_gmt":"2026-03-03T14:30:05","guid":{"rendered":"https:\/\/www.iceagetv.com\/radiosite\/?p=42854"},"modified":"2026-03-03T15:30:08","modified_gmt":"2026-03-03T14:30:08","slug":"iran-emmanuel-macron-sadressera-aux-francais-ce-soir-a-20h-lors-dune-allocution-sur-la-situation-internationale-teheran-multiplie-les-attaques-ciblant-des-sites-lies-aux-etats-un","status":"publish","type":"post","link":"https:\/\/www.iceagetv.com\/radiosite\/iran-emmanuel-macron-sadressera-aux-francais-ce-soir-a-20h-lors-dune-allocution-sur-la-situation-internationale-teheran-multiplie-les-attaques-ciblant-des-sites-lies-aux-etats-un\/","title":{"rendered":"Iran : Emmanuel Macron s\u2019adressera aux Fran\u00e7ais ce soir \u00e0 20h lors d\u2019une allocution sur la situation internationale &#8211; T\u00e9h\u00e9ran multiplie les attaques ciblant des sites li\u00e9s aux Etats-Unis dans le Golfe"},"content":{"rendered":"\n<p class=\"\"><strong>Une allocution t\u00e9l\u00e9vis\u00e9e du\u00a0pr\u00e9sident de la R\u00e9publique interviendra ce soir \u00e0 20 heures pour \u00e9voquer la situation au Proche et Moyen-Orient, annonce l&rsquo;Elys\u00e9e.\u00a0<\/strong>Une prise de parole pour\u00a0\u00ab\u00a0s&rsquo;adresser aux Fran\u00e7ais\u00a0\u00bb.\u00a0Une allocution t\u00e9l\u00e9vis\u00e9e d&rsquo;Emmanuel Macron interviendra ce soir \u00e0 20 heures. Le but est d&rsquo;\u00e9voquer la guerre au Moyen-Orient, d\u00e9but\u00e9e samedi par une attaque commune des Etats-Unis et d&rsquo;Isra\u00ebl sur l&rsquo;Iran, et la r\u00e9plique de T\u00e9h\u00e9ran sur Isra\u00ebl et les pays du Golfe<\/p>\n","protected":false},"excerpt":{"rendered":"<p>Une allocution t\u00e9l\u00e9vis\u00e9e du\u00a0pr\u00e9sident de la R\u00e9publique interviendra ce soir \u00e0 20 heures pour \u00e9voquer la situation au Proche et Moyen-Orient, annonce l&rsquo;Elys\u00e9e.\u00a0Une prise de parole pour\u00a0\u00ab\u00a0s&rsquo;adresser aux Fran\u00e7ais\u00a0\u00bb.\u00a0Une allocution t\u00e9l\u00e9vis\u00e9e d&rsquo;Emmanuel Macron interviendra ce soir \u00e0 20 heures. Le but est d&rsquo;\u00e9voquer la guerre au Moyen-Orient, d\u00e9but\u00e9e samedi par une attaque commune des Etats-Unis [&hellip;]<\/p>\n","protected":false},"author":2,"featured_media":42855,"comment_status":"open","ping_status":"open","sticky":false,"template":"","format":"standard","meta":{"_jetpack_memberships_contains_paid_content":false,"footnotes":"","jetpack_publicize_message":"","jetpack_publicize_feature_enabled":true,"jetpack_social_post_already_shared":true,"jetpack_social_options":{"image_generator_settings":{"template":"highway","default_image_id":0,"font":"","enabled":false},"version":2},"_wpas_customize_per_network":false},"categories":[405],"tags":[],"class_list":["post-42854","post","type-post","status-publish","format-standard","has-post-thumbnail","hentry","category-actu-france-monde"],"jetpack_publicize_connections":[],"jetpack_featured_media_url":"https:\/\/i0.wp.com\/www.iceagetv.com\/radiosite\/wp-content\/uploads\/2026\/03\/Emmanuel-Macron-sadressera-aux-Francais-ce-soir-a-20h.jpg?fit=635%2C373&ssl=1","jetpack_sharing_enabled":true,"_links":{"self":[{"href":"https:\/\/www.iceagetv.com\/radiosite\/wp-json\/wp\/v2\/posts\/42854","targetHints":{"allow":["GET"]}}],"collection":[{"href":"https:\/\/www.iceagetv.com\/radiosite\/wp-json\/wp\/v2\/posts"}],"about":[{"href":"https:\/\/www.iceagetv.com\/radiosite\/wp-json\/wp\/v2\/types\/post"}],"author":[{"embeddable":true,"href":"https:\/\/www.iceagetv.com\/radiosite\/wp-json\/wp\/v2\/users\/2"}],"replies":[{"embeddable":true,"href":"https:\/\/www.iceagetv.com\/radiosite\/wp-json\/wp\/v2\/comments?post=42854"}],"version-history":[{"count":1,"href":"https:\/\/www.iceagetv.com\/radiosite\/wp-json\/wp\/v2\/posts\/42854\/revisions"}],"predecessor-version":[{"id":42856,"href":"https:\/\/www.iceagetv.com\/radiosite\/wp-json\/wp\/v2\/posts\/42854\/revisions\/42856"}],"wp:featuredmedia":[{"embeddable":true,"href":"https:\/\/www.iceagetv.com\/radiosite\/wp-json\/wp\/v2\/media\/42855"}],"wp:attachment":[{"href":"https:\/\/www.iceagetv.com\/radiosite\/wp-json\/wp\/v2\/media?parent=42854"}],"wp:term":[{"taxonomy":"category","embeddable":true,"href":"https:\/\/www.iceagetv.com\/radiosite\/wp-json\/wp\/v2\/categories?post=42854"},{"taxonomy":"post_tag","embeddable":true,"href":"https:\/\/www.iceagetv.com\/radiosite\/wp-json\/wp\/v2\/tags?post=42854"}],"curies":[{"name":"wp","href":"https:\/\/api.w.org\/{rel}","templated":true}]}}