{"id":42863,"date":"2026-03-03T20:21:41","date_gmt":"2026-03-03T19:21:41","guid":{"rendered":"https:\/\/www.iceagetv.com\/radiosite\/?p=42863"},"modified":"2026-03-03T20:21:43","modified_gmt":"2026-03-03T19:21:43","slug":"guerre-en-iran-emmanuel-macron-a-demande-au-porte-avions-charles-de-gaulle-de-faire-route-vers-la-mediterranee","status":"publish","type":"post","link":"https:\/\/www.iceagetv.com\/radiosite\/guerre-en-iran-emmanuel-macron-a-demande-au-porte-avions-charles-de-gaulle-de-faire-route-vers-la-mediterranee\/","title":{"rendered":"Guerre en Iran: Emmanuel Macron a demand\u00e9 au porte-avions Charles de Gaulle de faire route vers la M\u00e9diterran\u00e9e"},"content":{"rendered":"\n<p class=\"\">Le pr\u00e9sident de la R\u00e9publique a confirm\u00e9 dans son discours que le porte-avions Charles de Gaulle faisait actuellement route vers la mer M\u00e9diterran\u00e9e, face \u00e0 la d\u00e9gradation de la situation au Moyen-Orient.<\/p>\n\n\n\n<p class=\"\">Le ton est donn\u00e9. Emmanuel Macron a confirm\u00e9 que le porte-avions Charles-de-Gaulle faissait actuellement route vers la mer M\u00e9diterran\u00e9e,\u00a0<a href=\"https:\/\/www.bfmtv.com\/economie\/entreprises\/defense\/info-bfmtv-frappes-sur-l-iran-le-porte-avions-francais-charles-de-gaulle-envoye-en-mediterranee-orientale_AV-202603010357.html\">confirmant une information r\u00e9v\u00e9l\u00e9e par BFMTV<\/a>\u00a0le weekend dernier.J&rsquo;ai donn\u00e9 ordre que le porte-avions Charles de Gaulle fasse route vers la M\u00e9diterran\u00e9e\u00a0\u00bb, a d\u00e9clar\u00e9 le pr\u00e9sident de la R\u00e9publique lors de son allocution.<\/p>\n\n\n\n<p class=\"\">Jusqu&rsquo;alors, le Charles-de-Gaulle se trouvait en mer Baltique&nbsp;<a href=\"https:\/\/www.bfmtv.com\/economie\/entreprises\/defense\/operation-seduction-en-suede-le-porte-avions-charles-de-gaulle-accoste-a-malmo-pour-une-future-operation-militaire-et-pour-draguer-stockholm-en-vue-d-obtenir-un-mega-contrat-de-fregates_AV-202602250582.html\">dans le cadre de la mission \u00ab\u00a0Lafayette 26\u00a0\u00bb<\/a>, pour participer \u00e0 des exercices de l&rsquo;Otan en Atlantique Nord. Ce d\u00e9ploiement devait durer jusqu&rsquo;au mois de mai afin de dissuader les menaces contre les infrastructures sous-marines apr\u00e8s des coupures de c\u00e2bles attribu\u00e9es \u00e0 la Russie.<\/p>\n\n\n\n<p class=\"\">Il a \u00e9galement indiqu\u00e9 qu&rsquo;une fr\u00e9gate fran\u00e7aise, la Languedoc, \u00ab\u00a0qui arrivera au large de Chypre d\u00e8s ce soir\u00a0\u00bb, ainsi que&nbsp;<a href=\"https:\/\/www.bfmtv.com\/economie\/entreprises\/defense\/alors-qu-une-base-britannique-situee-a-chypre-a-ete-frappee-par-un-drone-la-france-pourrait-deployer-des-systemes-antimissiles-et-antidrones-sur-l-ile_AD-202603030768.html\">des moyens de d\u00e9fense antia\u00e9riens suppl\u00e9mentaire<\/a>s.<\/p>\n\n\n\n<p class=\"\">Du c\u00f4t\u00e9 des moyens a\u00e9riens, Emmanuel Macron pr\u00e9cise \u00ab\u00a0qu&rsquo;en plus des moyens d\u00e9j\u00e0 pr\u00e9sents, des Rafale et des moyens a\u00e9roport\u00e9s ont \u00e9t\u00e9 d\u00e9ploy\u00e9s ces derni\u00e8res heures\u00a0\u00bb.Des moyens britanniques en renfort<\/p>\n\n\n\n<p class=\"\">De son c\u00f4t\u00e9, le Premier ministre Keir Starmer a annonc\u00e9 l&rsquo;envoi d&rsquo;un navire de guerre et de moyens antidrones en M\u00e9diterran\u00e9e orientale pour prot\u00e9ger ses alli\u00e9s dans la r\u00e9gion et les bases militaires britanniques \u00e0 Chypre,&nbsp;<a href=\"https:\/\/www.bfmtv.com\/international\/europe\/angleterre\/il-existe-une-menace-tres-reelle-et-croissante-le-royaume-uni-affirme-que-deux-missiles-balistiques-ont-ete-tires-en-direction-de-chypre_AD-202603010250.html\">dont l&rsquo;une a \u00e9t\u00e9 frapp\u00e9e par un drone iranien<\/a>.<\/p>\n\n\n\n<blockquote class=\"wp-block-quote is-layout-flow wp-block-quote-is-layout-flow\">\n<p class=\"\">\u00ab\u00a0Nous poursuivons nos op\u00e9rations d\u00e9fensives et je viens de m&rsquo;entretenir avec le pr\u00e9sident de Chypre pour l&rsquo;informer que nous envoyons des h\u00e9licopt\u00e8res dot\u00e9s de capacit\u00e9s de lutte antidrones et que le HMS Dragon (un navire lance-missiles, ndlr) sera d\u00e9ploy\u00e9 dans la r\u00e9gion\u00a0\u00bb, a d\u00e9clar\u00e9 Keir Starmer sur X.<\/p>\n<\/blockquote>\n\n\n\n<p class=\"\">\u00ab\u00a0Le Royaume-Uni est pleinement engag\u00e9 pour la s\u00e9curit\u00e9 de Chypre et du personnel militaire bas\u00e9 l\u00e0-bas\u00a0\u00bb, a-t-il encore affirm\u00e9.<\/p>\n\n\n\n<p class=\"\">Outre le HMS Dragon, l&rsquo;un des six destroyers de type T45 de la Royal Navy, dot\u00e9 de missiles Sea Viper, Londres va d\u00e9ployer dans la semaine deux h\u00e9licopt\u00e8res Wildcat \u00e9quip\u00e9s de missiles Merelette, a pr\u00e9cis\u00e9 le minist\u00e8re de la D\u00e9fense dans un communiqu\u00e9.<\/p>\n","protected":false},"excerpt":{"rendered":"<p>Le pr\u00e9sident de la R\u00e9publique a confirm\u00e9 dans son discours que le porte-avions Charles de Gaulle faisait actuellement route vers la mer M\u00e9diterran\u00e9e, face \u00e0 la d\u00e9gradation de la situation au Moyen-Orient. Le ton est donn\u00e9. Emmanuel Macron a confirm\u00e9 que le porte-avions Charles-de-Gaulle faissait actuellement route vers la mer M\u00e9diterran\u00e9e,\u00a0confirmant une information r\u00e9v\u00e9l\u00e9e par [&hellip;]<\/p>\n","protected":false},"author":2,"featured_media":42864,"comment_status":"open","ping_status":"open","sticky":false,"template":"","format":"standard","meta":{"_jetpack_memberships_contains_paid_content":false,"footnotes":"","jetpack_publicize_message":"","jetpack_publicize_feature_enabled":true,"jetpack_social_post_already_shared":true,"jetpack_social_options":{"image_generator_settings":{"template":"highway","default_image_id":0,"font":"","enabled":false},"version":2},"_wpas_customize_per_network":false},"categories":[405],"tags":[],"class_list":["post-42863","post","type-post","status-publish","format-standard","has-post-thumbnail","hentry","category-actu-france-monde"],"jetpack_publicize_connections":[],"jetpack_featured_media_url":"https:\/\/i0.wp.com\/www.iceagetv.com\/radiosite\/wp-content\/uploads\/2026\/03\/Emmanuel-Macron-a-demande-au-porte-avions-Charles-de-Gaulle.jpg?fit=657%2C244&ssl=1","jetpack_sharing_enabled":true,"_links":{"self":[{"href":"https:\/\/www.iceagetv.com\/radiosite\/wp-json\/wp\/v2\/posts\/42863","targetHints":{"allow":["GET"]}}],"collection":[{"href":"https:\/\/www.iceagetv.com\/radiosite\/wp-json\/wp\/v2\/posts"}],"about":[{"href":"https:\/\/www.iceagetv.com\/radiosite\/wp-json\/wp\/v2\/types\/post"}],"author":[{"embeddable":true,"href":"https:\/\/www.iceagetv.com\/radiosite\/wp-json\/wp\/v2\/users\/2"}],"replies":[{"embeddable":true,"href":"https:\/\/www.iceagetv.com\/radiosite\/wp-json\/wp\/v2\/comments?post=42863"}],"version-history":[{"count":1,"href":"https:\/\/www.iceagetv.com\/radiosite\/wp-json\/wp\/v2\/posts\/42863\/revisions"}],"predecessor-version":[{"id":42865,"href":"https:\/\/www.iceagetv.com\/radiosite\/wp-json\/wp\/v2\/posts\/42863\/revisions\/42865"}],"wp:featuredmedia":[{"embeddable":true,"href":"https:\/\/www.iceagetv.com\/radiosite\/wp-json\/wp\/v2\/media\/42864"}],"wp:attachment":[{"href":"https:\/\/www.iceagetv.com\/radiosite\/wp-json\/wp\/v2\/media?parent=42863"}],"wp:term":[{"taxonomy":"category","embeddable":true,"href":"https:\/\/www.iceagetv.com\/radiosite\/wp-json\/wp\/v2\/categories?post=42863"},{"taxonomy":"post_tag","embeddable":true,"href":"https:\/\/www.iceagetv.com\/radiosite\/wp-json\/wp\/v2\/tags?post=42863"}],"curies":[{"name":"wp","href":"https:\/\/api.w.org\/{rel}","templated":true}]}}