{"id":42869,"date":"2026-03-04T09:10:47","date_gmt":"2026-03-04T08:10:47","guid":{"rendered":"https:\/\/www.iceagetv.com\/radiosite\/?p=42869"},"modified":"2026-03-04T09:10:49","modified_gmt":"2026-03-04T08:10:49","slug":"mort-de-quentin-deranque-deux-hommes-de-23-et-26-ans-ont-ete-interpelles-ce-matin-et-places-en-garde-a-vue-dans-les-departements-du-rhone-et-de-laube","status":"publish","type":"post","link":"https:\/\/www.iceagetv.com\/radiosite\/mort-de-quentin-deranque-deux-hommes-de-23-et-26-ans-ont-ete-interpelles-ce-matin-et-places-en-garde-a-vue-dans-les-departements-du-rhone-et-de-laube\/","title":{"rendered":"\u00a0Mort de Quentin Deranque : Deux hommes de 23 et 26 ans ont \u00e9t\u00e9 interpell\u00e9s ce matin et plac\u00e9s en garde \u00e0 vue dans les d\u00e9partements du Rh\u00f4ne et de l\u2019Aube"},"content":{"rendered":"\n<p class=\"\"><strong>Les enqu\u00eateurs soup\u00e7onnent les deux hommes d\u2019avoir particip\u00e9 au lynchage de Quentin Deranque, militant nationaliste de 23 ans, le 12 f\u00e9vrier \u00e0 Lyon, en marge d\u2019une conf\u00e9rence de l\u2019eurod\u00e9put\u00e9e insoumise Rima Hassan \u00e0 Sciences Po.<\/strong><\/p>\n\n\n\n<p class=\"\">Dans ce dossier sensible, sept suspects ont d\u00e9j\u00e0 \u00e9t\u00e9 mis en examen, dont six plac\u00e9s en d\u00e9tention provisoire. Plusieurs d\u2019entre eux sont d\u2019anciens membres ou sympathisants de la Jeune Garde, groupuscule d\u2019ultragauche dissous en 2025.<\/p>\n\n\n\n<p class=\"\">L\u2019enqu\u00eate se poursuit pour identifier d\u2019\u00e9ventuels autres participants \u00e0 l\u2019agression.Deux hommes soup\u00e7onn\u00e9s d\u2019avoir particip\u00e9 aux violences contre le militant Quentin Deranque \u00e0 Lyon ont \u00e9t\u00e9 arr\u00eat\u00e9s mercredi matin, deux semaines apr\u00e8s une premi\u00e8re vague d\u2019interpellations, ont indiqu\u00e9 des sources polici\u00e8res \u00e0 l\u2019AFP. \u00c2g\u00e9s de 22 et 26 ans, ils ont \u00e9t\u00e9 arr\u00eat\u00e9s dans la r\u00e9gion lyonnaise et dans l\u2019Aube, selon ces sources.<\/p>\n\n\n\n<p class=\"\">\u00abOn pense d\u00e9sormais avoir tous ceux qui ont particip\u00e9 directement aux coups port\u00e9s \u00e0 Quentin Deranque\u00bb, battu \u00e0 mort le 12 f\u00e9vrier \u00e0 Lyon, a pr\u00e9cis\u00e9 l\u2019une d\u2019elles.<strong>Les policiers de la Division de la criminalit\u00e9 territoriale (DCT) du Rh\u00f4ne ont proc\u00e9d\u00e9, ce matin, \u00e0 l\u2019interpellation de deux nouveaux suspects apr\u00e8s la mort de Quentin Deranque dans les d\u00e9partements du Rh\u00f4ne et de l\u2019Aube. Ces deux hommes de 23 et 26 ans ont \u00e9t\u00e9 plac\u00e9s en garde \u00e0 vue notamment pour \u00ab homicide volontaire \u00bb et \u00ab association de malfaiteurs \u00bb.<\/strong><\/p>\n","protected":false},"excerpt":{"rendered":"<p>Les enqu\u00eateurs soup\u00e7onnent les deux hommes d\u2019avoir particip\u00e9 au lynchage de Quentin Deranque, militant nationaliste de 23 ans, le 12 f\u00e9vrier \u00e0 Lyon, en marge d\u2019une conf\u00e9rence de l\u2019eurod\u00e9put\u00e9e insoumise Rima Hassan \u00e0 Sciences Po. Dans ce dossier sensible, sept suspects ont d\u00e9j\u00e0 \u00e9t\u00e9 mis en examen, dont six plac\u00e9s en d\u00e9tention provisoire. Plusieurs d\u2019entre [&hellip;]<\/p>\n","protected":false},"author":2,"featured_media":42870,"comment_status":"open","ping_status":"open","sticky":false,"template":"","format":"standard","meta":{"_jetpack_memberships_contains_paid_content":false,"footnotes":"","jetpack_publicize_message":"","jetpack_publicize_feature_enabled":true,"jetpack_social_post_already_shared":true,"jetpack_social_options":{"image_generator_settings":{"template":"highway","default_image_id":0,"font":"","enabled":false},"version":2},"_wpas_customize_per_network":false},"categories":[405],"tags":[],"class_list":["post-42869","post","type-post","status-publish","format-standard","has-post-thumbnail","hentry","category-actu-france-monde"],"jetpack_publicize_connections":[],"jetpack_featured_media_url":"https:\/\/i0.wp.com\/www.iceagetv.com\/radiosite\/wp-content\/uploads\/2026\/03\/e6VYrC0Y.jpg?fit=679%2C293&ssl=1","jetpack_sharing_enabled":true,"_links":{"self":[{"href":"https:\/\/www.iceagetv.com\/radiosite\/wp-json\/wp\/v2\/posts\/42869","targetHints":{"allow":["GET"]}}],"collection":[{"href":"https:\/\/www.iceagetv.com\/radiosite\/wp-json\/wp\/v2\/posts"}],"about":[{"href":"https:\/\/www.iceagetv.com\/radiosite\/wp-json\/wp\/v2\/types\/post"}],"author":[{"embeddable":true,"href":"https:\/\/www.iceagetv.com\/radiosite\/wp-json\/wp\/v2\/users\/2"}],"replies":[{"embeddable":true,"href":"https:\/\/www.iceagetv.com\/radiosite\/wp-json\/wp\/v2\/comments?post=42869"}],"version-history":[{"count":1,"href":"https:\/\/www.iceagetv.com\/radiosite\/wp-json\/wp\/v2\/posts\/42869\/revisions"}],"predecessor-version":[{"id":42871,"href":"https:\/\/www.iceagetv.com\/radiosite\/wp-json\/wp\/v2\/posts\/42869\/revisions\/42871"}],"wp:featuredmedia":[{"embeddable":true,"href":"https:\/\/www.iceagetv.com\/radiosite\/wp-json\/wp\/v2\/media\/42870"}],"wp:attachment":[{"href":"https:\/\/www.iceagetv.com\/radiosite\/wp-json\/wp\/v2\/media?parent=42869"}],"wp:term":[{"taxonomy":"category","embeddable":true,"href":"https:\/\/www.iceagetv.com\/radiosite\/wp-json\/wp\/v2\/categories?post=42869"},{"taxonomy":"post_tag","embeddable":true,"href":"https:\/\/www.iceagetv.com\/radiosite\/wp-json\/wp\/v2\/tags?post=42869"}],"curies":[{"name":"wp","href":"https:\/\/api.w.org\/{rel}","templated":true}]}}