{"id":42909,"date":"2026-03-05T08:19:56","date_gmt":"2026-03-05T07:19:56","guid":{"rendered":"https:\/\/www.iceagetv.com\/radiosite\/?p=42909"},"modified":"2026-03-05T08:19:58","modified_gmt":"2026-03-05T07:19:58","slug":"cybermalveillance-pres-dun-maire-sur-trois-a-recu-des-insultes-ou-des-menaces-sur-les-reseaux-sociaux","status":"publish","type":"post","link":"https:\/\/www.iceagetv.com\/radiosite\/cybermalveillance-pres-dun-maire-sur-trois-a-recu-des-insultes-ou-des-menaces-sur-les-reseaux-sociaux\/","title":{"rendered":"Cybermalveillance\u00a0: pr\u00e8s d&rsquo;un maire sur trois a re\u00e7u des insultes ou des menaces sur les r\u00e9seaux sociaux"},"content":{"rendered":"\n<p class=\"\">En 2025, alors que les \u00e9lus sont de plus en plus actifs sur les r\u00e9seaux sociaux, pr\u00e8s d&rsquo;un maire sur trois reconna\u00eet subir des insultes ou des agressions en ligne, selon une \u00e9tude de l&rsquo;Association des maires de France (AMF) et du Cevipof, r\u00e9v\u00e9l\u00e9e ce jeudi en exclusivit\u00e9 par ICI.<\/p>\n\n\n\n<p class=\"\">\u00c0 quelques jours du premier tour des \u00e9lections municipales, de nombreux candidats utilisent les r\u00e9seaux sociaux pour faire campagne. Une pratique qui n&rsquo;est pas sans risque. Selon une \u00e9tude de l&rsquo;Association des maires de France (AMF) et du Cevipof, r\u00e9v\u00e9l\u00e9e ce jeudi en exclusivit\u00e9 par ICI,\u00a0<strong>pr\u00e8s d&rsquo;un maire sur trois a re\u00e7u des insultes ou des menaces sur les r\u00e9seaux sociaux<\/strong>.\u00a0<em>\u00ab\u00a028% des maires faisaient \u00e9tat d\u2019au moins une attaque sur les r\u00e9seaux sociaux \u00e0 leur encontre\u00a0\u00bb<\/em>\u00a0en 2025, d\u00e9taille l&rsquo;\u00e9tude, qui pointe du doigt une hausse de la cybermalveillance. En 2020, la proportion de maires ayant re\u00e7u des attaques sur les r\u00e9seaux sociaux \u00e9tait de 20%.Les maires utilisent de plus en plus les r\u00e9seaux sociaux<\/p>\n\n\n\n<p class=\"\">Les r\u00e9seaux sociaux sont de plus en plus utilis\u00e9s, ajoute l&rsquo;\u00e9tude, qui montre comment les plateformes sont devenues incontournables, y compris dans les petites villes. Selon l&rsquo;\u00e9tude, 100% des grandes villes (plus de 100.000 habitants) sont pr\u00e9sentes sur Facebook et pr\u00e8s de deux tiers des communes moyennes ont des comptes actifs sur X, Instagram ou Facebook.<\/p>\n\n\n\n<p class=\"\">Les maires aussi utilisent de plus en plus les r\u00e9seaux sociaux avec des comptes personnels (49% en 2020), ce qui leur permet de se faire entendre, m\u00eame avec tr\u00e8s peu de moyens. \u00ab\u00a0<em>Tout le monde vit dans cette esp\u00e8ce d&rsquo;illusion qu&rsquo;\u00e0 partir du moment o\u00f9 on a un compte Facebook depuis 10 ans, on sait comment \u00e7a fonctionne. Alors que \u00e7a n&rsquo;a rien \u00e0 voir,<\/em>&nbsp;pr\u00e9vient Olivier Costa, directeur de recherche CNRS au Cevipof.<em>Une personne lambda ne se fait pas attaquer sur les r\u00e9seaux sociaux tous les jours\u00a0\u00bb<\/em>.<\/p>\n\n\n\n<h2 class=\"wp-block-heading\">Les poursuites doivent \u00eatre syst\u00e9matiques<\/h2>\n\n\n\n<p class=\"\">Voici les principales erreurs commises par les communes sur les r\u00e9seaux sociaux, selon l&rsquo;\u00e9tude\u00a0: m\u00e9langer le compte officiel de la ville et le compte priv\u00e9, r\u00e9pondre aux attaques et aux pol\u00e9miques, perdre son calme ou encore prendre position sur un d\u00e9bat explosif, manquer d&#8217;empathie ou encore donner trop de justifications techniques en cas de critiques sur la r\u00e9alisation de travaux publics par exempleL&rsquo;\u00e9tude pointe aussi une am\u00e9lioration possible, du c\u00f4t\u00e9 du droit. Les poursuites doivent \u00eatre syst\u00e9matiques lors de cyberharc\u00e8lement et ne doivent pas reposer uniquement sur la d\u00e9cision de l&rsquo;\u00e9lu attaqu\u00e9, propose Olivier Costa&nbsp;:&nbsp;<em>\u00ab\u00a0De la m\u00eame mani\u00e8re qu&rsquo;on n&rsquo;a pas le droit d&rsquo;insulter les gens sur une nationale, on n&rsquo;a pas le droit d&rsquo;insulter les gens sur les r\u00e9seaux sociaux. Que toutes les r\u00e8gles que les gens connaissent s&rsquo;appliquent sur les r\u00e9seaux sociaux. Parfois les gens en sont tout surpris<\/em>.\u00a0\u00bb<\/p>\n\n\n\n<p class=\"\">En 2023, Christian Eurgal, le maire de Montjoi dans le Tarn-et-Garonne, avait ainsi port\u00e9 plainte apr\u00e8s des insultes ou des menaces de mort le visant sur les r\u00e9seaux sociaux. Ces plaintes ont abouti \u00e0 plusieurs condamnations. En 2024, u<a href=\"https:\/\/www.francebleu.fr\/infos\/faits-divers-justice\/l-eleveur-de-cochons-de-montjoi-tarn-et-garonne-condamne-a-de-la-prison-avec-sursis-pour-outrage-9704490\">n \u00e9leveur de cochons<\/a>&nbsp;a \u00e9t\u00e9 condamn\u00e9 \u00e0 un an de prison avec sursis pour outrage et le&nbsp;<a href=\"https:\/\/www.francebleu.fr\/infos\/faits-divers-justice\/youtube-ferme-la-chaine-du-videaste-toulousain-d-extreme-droite-papacito-1001019\">youtubeur&nbsp;d&rsquo;extr\u00eame droite Papacito<\/a>&nbsp;\u00e0 une amende de 5.000 euros pour injures homophobes et incitation \u00e0 la violence.<\/p>\n","protected":false},"excerpt":{"rendered":"<p>En 2025, alors que les \u00e9lus sont de plus en plus actifs sur les r\u00e9seaux sociaux, pr\u00e8s d&rsquo;un maire sur trois reconna\u00eet subir des insultes ou des agressions en ligne, selon une \u00e9tude de l&rsquo;Association des maires de France (AMF) et du Cevipof, r\u00e9v\u00e9l\u00e9e ce jeudi en exclusivit\u00e9 par ICI. \u00c0 quelques jours du premier [&hellip;]<\/p>\n","protected":false},"author":2,"featured_media":42910,"comment_status":"open","ping_status":"open","sticky":false,"template":"","format":"standard","meta":{"_jetpack_memberships_contains_paid_content":false,"footnotes":"","jetpack_publicize_message":"","jetpack_publicize_feature_enabled":true,"jetpack_social_post_already_shared":true,"jetpack_social_options":{"image_generator_settings":{"template":"highway","default_image_id":0,"font":"","enabled":false},"version":2},"_wpas_customize_per_network":false},"categories":[405],"tags":[],"class_list":["post-42909","post","type-post","status-publish","format-standard","has-post-thumbnail","hentry","category-actu-france-monde"],"jetpack_publicize_connections":[],"jetpack_featured_media_url":"https:\/\/i0.wp.com\/www.iceagetv.com\/radiosite\/wp-content\/uploads\/2026\/03\/Cybermalveillance-.jpg?fit=645%2C322&ssl=1","jetpack_sharing_enabled":true,"_links":{"self":[{"href":"https:\/\/www.iceagetv.com\/radiosite\/wp-json\/wp\/v2\/posts\/42909","targetHints":{"allow":["GET"]}}],"collection":[{"href":"https:\/\/www.iceagetv.com\/radiosite\/wp-json\/wp\/v2\/posts"}],"about":[{"href":"https:\/\/www.iceagetv.com\/radiosite\/wp-json\/wp\/v2\/types\/post"}],"author":[{"embeddable":true,"href":"https:\/\/www.iceagetv.com\/radiosite\/wp-json\/wp\/v2\/users\/2"}],"replies":[{"embeddable":true,"href":"https:\/\/www.iceagetv.com\/radiosite\/wp-json\/wp\/v2\/comments?post=42909"}],"version-history":[{"count":1,"href":"https:\/\/www.iceagetv.com\/radiosite\/wp-json\/wp\/v2\/posts\/42909\/revisions"}],"predecessor-version":[{"id":42911,"href":"https:\/\/www.iceagetv.com\/radiosite\/wp-json\/wp\/v2\/posts\/42909\/revisions\/42911"}],"wp:featuredmedia":[{"embeddable":true,"href":"https:\/\/www.iceagetv.com\/radiosite\/wp-json\/wp\/v2\/media\/42910"}],"wp:attachment":[{"href":"https:\/\/www.iceagetv.com\/radiosite\/wp-json\/wp\/v2\/media?parent=42909"}],"wp:term":[{"taxonomy":"category","embeddable":true,"href":"https:\/\/www.iceagetv.com\/radiosite\/wp-json\/wp\/v2\/categories?post=42909"},{"taxonomy":"post_tag","embeddable":true,"href":"https:\/\/www.iceagetv.com\/radiosite\/wp-json\/wp\/v2\/tags?post=42909"}],"curies":[{"name":"wp","href":"https:\/\/api.w.org\/{rel}","templated":true}]}}