{"id":42926,"date":"2026-03-06T08:46:08","date_gmt":"2026-03-06T07:46:08","guid":{"rendered":"https:\/\/www.iceagetv.com\/radiosite\/?p=42926"},"modified":"2026-03-06T08:46:10","modified_gmt":"2026-03-06T07:46:10","slug":"je-nai-aucune-date-de-retour-le-parcours-du-combattant-de-deux-haut-savoyards-et-dun-iserois-pour-rentrer-en-france-sur-fond-de-guerre-au-moyen-orient","status":"publish","type":"post","link":"https:\/\/www.iceagetv.com\/radiosite\/je-nai-aucune-date-de-retour-le-parcours-du-combattant-de-deux-haut-savoyards-et-dun-iserois-pour-rentrer-en-france-sur-fond-de-guerre-au-moyen-orient\/","title":{"rendered":"Je n&rsquo;ai aucune date de retour\u00a0\u00bb : le parcours du combattant de deux Haut-Savoyards et d&rsquo;un Is\u00e9rois pour rentrer en France sur fond de guerre au Moyen-Orient"},"content":{"rendered":"\n<p class=\"\"><strong>Des Fran\u00e7ais en d\u00e9placement \u00e0 l&rsquo;\u00e9tranger pour les vacances ou le travail cherchent toujours \u00e0 rejoindre l&rsquo;Hexagone. Confront\u00e9s aux perturbations du trafic a\u00e9rien li\u00e9es \u00e0 la guerre au Moyen-Orient, deux Haut-Savoyards et un Is\u00e9rois t\u00e9moignent de la situation complexe dans laquelle ils se trouvent.<\/strong><em>\u00ab\u00a0C\u2019\u00e9taient les trois jours de trop\u00a0\u00bb<\/em>, avoue Pierrick, habitant \u00e0 Annecy et venu un mois \u00e0 Duba\u00ef (\u00c9mirats arabes unis), en compagnie de sa femme et de sa fille de quatre ans, pour d\u00e9velopper son activit\u00e9 professionnelle. C&rsquo;\u00e9tait aussi une occasion de revoir une amie.&nbsp;<em>\u00ab\u00a0Comme j&rsquo;\u00e9tais l\u00e0 essentiellement pour le travail, j&rsquo;ai d\u00e9cid\u00e9 avec ma famille de prolonger le s\u00e9jour, mais c&rsquo;est l\u00e0 que les choses ont commenc\u00e9.\u00a0\u00bb<\/em><\/p>\n\n\n\n<p class=\"\">Depuis le d\u00e9but de la guerre en Iran, Duba\u00ef est touch\u00e9 par des missiles.&nbsp;<em>\u00ab\u00a0\u00c7a s&rsquo;est quand m\u00eame calm\u00e9 depuis deux jours. On se sent quand m\u00eame en s\u00e9curit\u00e9, mais le plus difficile, c&rsquo;est de ne pas avoir de vision sur la situation, de ce qu&rsquo;il va se passer dans les prochains jours, les prochaines semaines. On n\u2019a pas d&rsquo;informations de la part de l&rsquo;ambassade fran\u00e7aise, on ne sait pas concr\u00e8tement ce qu&rsquo;on doit faire. M\u00eame si je peux travailler \u00e0 distance comme auto-entrepreneur, c&rsquo;est stressant et \u00e7a limite la capacit\u00e9 de travail.\u00a0\u00bb<\/em><\/p>\n\n\n\n<blockquote class=\"wp-block-quote is-layout-flow wp-block-quote-is-layout-flow\">\n<p class=\"\">Je n&rsquo;ai aucune date de retour. C&rsquo;est le cinqui\u00e8me billet r\u00e9serv\u00e9, puis annul\u00e9. On est pr\u00eat \u00e0 prendre n&rsquo;importe quel vol pour retourner chez nous.Pierrick<\/p>\n\n\n\n<p class=\"\">En voyage professionnel \u00e0 Duba\u00ef<\/p>\n<\/blockquote>\n\n\n\n<p class=\"\">L&rsquo;Ann\u00e9cien s&rsquo;inqui\u00e8te surtout pour sa fille :<em>&nbsp;\u00ab\u00a0Elle ne joue pas sa scolarit\u00e9 en moyenne section, mais je veux lui donner l&rsquo;impression qu&rsquo;elle est encore en vacances. Il y a beaucoup de feux d\u2019artifice, donc elle assimile les bruits des missiles \u00e0 \u00e7a.\u00a0\u00bb<\/em><\/p>\n\n\n\n<h2 class=\"wp-block-heading\">Rassurer ses proches<\/h2>\n\n\n\n<p class=\"\">De son c\u00f4t\u00e9, Hannah, r\u00e9sidant \u00e0 Bons-en-Chablais (Haute-Savoie),&nbsp;<a href=\"https:\/\/www.franceinfo.fr\/replay-radio\/l-il-de-constance\/dubai-avec-la-guerre-au-moyen-orient-la-fin-du-paradis-dore-des-influenceurs_7808747.html\" target=\"_blank\" rel=\"noreferrer noopener\">doit \u00e9courter son s\u00e9jour \u00e0 Duba\u00ef.<\/a>&nbsp;Elle devait rester jusqu&rsquo;en avril et effectuait des allers-retours entre la France et la monarchie du Golfe pour chercher de nouveaux clients pour son activit\u00e9 d&rsquo;\u00e9v\u00e8nementiel. Elle a pr\u00e9f\u00e9r\u00e9 anticiper son retour :&nbsp;<em>\u00ab\u00a0Si les gens doivent rester chez eux, \u00e7a devient difficile de faire ce que je suis venue faire ici. J&rsquo;organise des mariages, donc il est imp\u00e9ratif que je revienne en France. Et puis mes clients demandent comment je vais.\u00a0\u00bb<\/em><\/p>\n\n\n\n<p class=\"\">Concernant les conditions de s\u00e9curit\u00e9, elle partage le m\u00eame sentiment que Pierrick :&nbsp;<em>\u00ab\u00a0Les deux premi\u00e8res nuits, j&rsquo;\u00e9tais apeur\u00e9e, les bruits \u00e9taient impressionnants, j&rsquo;\u00e9tais \u00e0 l&rsquo;aff\u00fbt, je ne savais pas ce qu&rsquo;il se passait. Mais au final, on re\u00e7oit des alertes d\u00e8s qu&rsquo;il y a un missile et cela ne manque pas. Mais le reste du temps, on doit respecter des consignes de s\u00e9curit\u00e9 comme ne pas trop s&rsquo;approcher des vitres, mais on se sent prot\u00e9ger.\u00a0\u00bb<\/em><\/p>\n\n\n\n<p class=\"\">L&rsquo;inqui\u00e9tude lui est davantage parvenue de ses proches, comme de la part de ses parents qui l&rsquo;appellent quotidiennement :&nbsp;<em>\u00ab\u00a0Je les rassure parce qu&rsquo;ils sont vraiment mal. Mes parents me demandent de filmer mon balcon pour s&rsquo;assurer que je sois bien en s\u00e9curit\u00e9. Peut-\u00eatre que je suis dans le d\u00e9ni, mais je ne vis pas la situation de la m\u00eame mani\u00e8re, je suis au 15\u00e8me \u00e9tage d&rsquo;un immeuble, \u00e0 l&rsquo;air libre et je me sens en s\u00e9curit\u00e9\u00a0\u00bb,<\/em>&nbsp;explique-t-elle.<\/p>\n\n\n\n<p class=\"\">Hannah attend un vol pour le 10 mars, mais pressent qu&rsquo;il sera probablement annul\u00e9 et qu&rsquo;elle devra faire encore preuve de patience.<\/p>\n\n\n\n<h2 class=\"wp-block-heading\">Bloqu\u00e9 au Vietnam<\/h2>\n\n\n\n<p class=\"\">S\u2019ils ne sont pas directement concern\u00e9s par la r\u00e9gion en crise, d&rsquo;autres se retrouvent bloqu\u00e9s dans des pays plus \u00e9loign\u00e9s de la zone de conflit. C&rsquo;est le cas de Jean-Paul, originaire de Pressins (Is\u00e8re), retrait\u00e9, parti au Vietnam le 30 janvier pour rendre visite \u00e0 sa famille avec son fr\u00e8re. En possession d&rsquo;une autorisation de s\u00e9jour dans le pays d&rsquo;une dur\u00e9e de 45 jours et avec une date d&rsquo;\u00e9ch\u00e9ance au 15 mars, ils avaient pr\u00e9vu leur vol retour le 4 mars. Probl\u00e8me : l&rsquo;annulation, en raison de la guerre, de ce vol via&nbsp;<a href=\"https:\/\/dubairealestate.net\/actualite\/dxb-conserve-son-titre-daeroport-international-le-plus-frequente-au-monde\/\" target=\"_blank\" rel=\"noreferrer noopener\">Dubai, premier a\u00e9roport le plus fr\u00e9quent\u00e9 du monde<\/a>&nbsp;et r\u00e9guli\u00e8rement escale pour les vols entre l&rsquo;Asie et l&rsquo;Europe. Et le prochain que l&rsquo;Is\u00e9rois et son fr\u00e8re peuvent prendre n&rsquo;est programm\u00e9 que le 19 mars. Une date probl\u00e9matique qui les plonge dans l&rsquo;incertitude.<\/p>\n\n\n\n<p class=\"\"><em>\u00ab\u00a0Je me suis pr\u00e9sent\u00e9 au service d\u2019immigration avec les papiers n\u00e9cessaires pour prolonger mon autorisation de s\u00e9jour,\u00a0\u00bb&nbsp;<\/em>raconte Jean-Paul.<em>&nbsp;\u00ab\u00a0L\u2019officier d\u2019immigration m\u2019a alors inform\u00e9 qu\u2019il lui fallait une lettre de l\u2019ambassade de France comme justificatif. Mais on m\u2019a inform\u00e9 que l\u2019ambassade ne fournissait pas ce type de document. Elle m&rsquo;a conseill\u00e9 de passer la fronti\u00e8re terrestre du Laos, puis de la repasser en sens contraire pour ainsi avoir une nouvelle autorisation de 45 jours\u00a0\u00bb,&nbsp;<\/em>s&rsquo;\u00e9tonne Jean Paul.<\/p>\n\n\n\n<blockquote class=\"wp-block-quote is-layout-flow wp-block-quote-is-layout-flow\">\n<p class=\"\">Je ne pensais pas qu&rsquo;un papier qui semble aussi simple allait poser autant de difficult\u00e9s.Jean Paul<\/p>\n\n\n\n<p class=\"\">Vacancier bloqu\u00e9 au Vietnam<\/p>\n<\/blockquote>\n\n\n\n<p class=\"\">Le vacancier a d\u00e9cid\u00e9 de ne pas tenter de traverser la fronti\u00e8re, le co\u00fbt \u00e9tant trop \u00e9lev\u00e9, et a jug\u00e9 plus judicieux de prendre le risque de recevoir une amende des autorit\u00e9s vietnamiennes.<em>\u00a0\u00ab\u00a0On n\u2019est pas pessimiste. Il faut prendre \u00e7a avec philosophie. Il y a pire. On a r\u00e9ussi \u00e0 trouver ce vol, reliant Hanoi \u00e0 Paris en passant par Kuala Lumpur (Malaisie), il dure 14 heures et co\u00fbte 800 euros par personne. Mais, on a cherch\u00e9 pendant des heures et on a vu des vols \u00e0 4 000 euros, \u00e7a, c&rsquo;est trop\u00a0\u00bb<\/em>, avoue-t-il.Les trois Alpins tiennent \u00e0 rappeler une nuance essentielle : \u00ab\u00a0<em>Il ne faut pas assimiler notre situation \u00e0 celle d&rsquo;influenceurs que l&rsquo;on peut voir sur les r\u00e9seaux sociaux. Les expatri\u00e9s eux veulent rester. C&rsquo;est un choix assum\u00e9. Mais, on est aussi nombreux \u00e0 n&rsquo;\u00eatre que de passage ici, certains sont simplement en escale et se retrouvent bloqu\u00e9s. On veut juste rentrer chez nous\u00a0\u00bb,&nbsp;<\/em>rappelle Pierrick.<\/p>\n\n\n\n<p class=\"\">Le minist\u00e8re des Affaires \u00e9trang\u00e8res communique les instructions et les derni\u00e8res mises \u00e0 jour sur la situation au Moyen-Orient sur leur site officiel ou via les r\u00e9seaux sociaux. Il est possible de contacter le Quai d&rsquo;Orsay \u00e0 ce num\u00e9ro : +33 (0)1 43 17 53 53 37. Le contact des ambassades fran\u00e7aises \u00e0 l&rsquo;\u00e9tranger est disponible&nbsp;<a href=\"https:\/\/www.diplomatie.gouv.fr\/fr\/\" target=\"_blank\" rel=\"noreferrer noopener\">le site internet du minist\u00e8re<\/a>.<\/p>\n","protected":false},"excerpt":{"rendered":"<p>Des Fran\u00e7ais en d\u00e9placement \u00e0 l&rsquo;\u00e9tranger pour les vacances ou le travail cherchent toujours \u00e0 rejoindre l&rsquo;Hexagone. Confront\u00e9s aux perturbations du trafic a\u00e9rien li\u00e9es \u00e0 la guerre au Moyen-Orient, deux Haut-Savoyards et un Is\u00e9rois t\u00e9moignent de la situation complexe dans laquelle ils se trouvent.\u00ab\u00a0C\u2019\u00e9taient les trois jours de trop\u00a0\u00bb, avoue Pierrick, habitant \u00e0 Annecy et [&hellip;]<\/p>\n","protected":false},"author":2,"featured_media":42927,"comment_status":"open","ping_status":"open","sticky":false,"template":"","format":"standard","meta":{"_jetpack_memberships_contains_paid_content":false,"footnotes":"","jetpack_publicize_message":"","jetpack_publicize_feature_enabled":true,"jetpack_social_post_already_shared":true,"jetpack_social_options":{"image_generator_settings":{"template":"highway","default_image_id":0,"font":"","enabled":false},"version":2},"_wpas_customize_per_network":false},"categories":[405],"tags":[],"class_list":["post-42926","post","type-post","status-publish","format-standard","has-post-thumbnail","hentry","category-actu-france-monde"],"jetpack_publicize_connections":[],"jetpack_featured_media_url":"https:\/\/i0.wp.com\/www.iceagetv.com\/radiosite\/wp-content\/uploads\/2026\/03\/design-sans-titre-1-69a9b1926f9af744289328.jpg?fit=2000%2C1414&ssl=1","jetpack_sharing_enabled":true,"_links":{"self":[{"href":"https:\/\/www.iceagetv.com\/radiosite\/wp-json\/wp\/v2\/posts\/42926","targetHints":{"allow":["GET"]}}],"collection":[{"href":"https:\/\/www.iceagetv.com\/radiosite\/wp-json\/wp\/v2\/posts"}],"about":[{"href":"https:\/\/www.iceagetv.com\/radiosite\/wp-json\/wp\/v2\/types\/post"}],"author":[{"embeddable":true,"href":"https:\/\/www.iceagetv.com\/radiosite\/wp-json\/wp\/v2\/users\/2"}],"replies":[{"embeddable":true,"href":"https:\/\/www.iceagetv.com\/radiosite\/wp-json\/wp\/v2\/comments?post=42926"}],"version-history":[{"count":1,"href":"https:\/\/www.iceagetv.com\/radiosite\/wp-json\/wp\/v2\/posts\/42926\/revisions"}],"predecessor-version":[{"id":42928,"href":"https:\/\/www.iceagetv.com\/radiosite\/wp-json\/wp\/v2\/posts\/42926\/revisions\/42928"}],"wp:featuredmedia":[{"embeddable":true,"href":"https:\/\/www.iceagetv.com\/radiosite\/wp-json\/wp\/v2\/media\/42927"}],"wp:attachment":[{"href":"https:\/\/www.iceagetv.com\/radiosite\/wp-json\/wp\/v2\/media?parent=42926"}],"wp:term":[{"taxonomy":"category","embeddable":true,"href":"https:\/\/www.iceagetv.com\/radiosite\/wp-json\/wp\/v2\/categories?post=42926"},{"taxonomy":"post_tag","embeddable":true,"href":"https:\/\/www.iceagetv.com\/radiosite\/wp-json\/wp\/v2\/tags?post=42926"}],"curies":[{"name":"wp","href":"https:\/\/api.w.org\/{rel}","templated":true}]}}