{"id":42938,"date":"2026-03-06T15:46:19","date_gmt":"2026-03-06T14:46:19","guid":{"rendered":"https:\/\/www.iceagetv.com\/radiosite\/?p=42938"},"modified":"2026-03-06T15:46:22","modified_gmt":"2026-03-06T14:46:22","slug":"baisse-des-taxes-gel-des-tarifs-marges-reduites-quelles-solutions-pour-limiter-la-hausse-du-prix-des-carburants","status":"publish","type":"post","link":"https:\/\/www.iceagetv.com\/radiosite\/baisse-des-taxes-gel-des-tarifs-marges-reduites-quelles-solutions-pour-limiter-la-hausse-du-prix-des-carburants\/","title":{"rendered":"Baisse des taxes, gel des tarifs, marges r\u00e9duites\u00a0: quelles solutions pour limiter la hausse du prix des carburants\u00a0?"},"content":{"rendered":"\n<p class=\"\">Les prix des carburants ont augment\u00e9 depuis le d\u00e9clenchement de la guerre en Iran. Quels sont les leviers pour les faire baisser&nbsp;? Est-il envisageable de les bloquer&nbsp;? ICI fait le point sur les solutions pour contenir la hausse des prix.<\/p>\n\n\n\n<p class=\"\">C&rsquo;est l&rsquo;un des impacts concrets de la guerre au Moyen-Orient pour les consommateurs fran\u00e7ais\u00a0:\u00a0<a href=\"https:\/\/www.francebleu.fr\/infos\/international\/israel-annonce-avoir-lance-une-frappe-preventive-contre-l-iran-3608860\">depuis le lancement des frappes isra\u00e9lo-am\u00e9ricaines sur l&rsquo;Iran<\/a>\u00a0le 28 f\u00e9vrier dernier, les prix \u00e0 la pompe augmentent.\u00a0Depuis la semaine du 23 f\u00e9vrier en France, la hausse du prix des carburants a \u00e9t\u00e9 de \u00ab\u00a0<em><strong>5 \u00e0 15 centimes d&rsquo;euro<\/strong><\/em>\u00a0\u00bb\u00a0<strong>par litre<\/strong>\u00a0<strong>pour le SP95<\/strong>\u00a0et de \u00ab\u00a0<strong><em>15 \u00e0 20 centimes<\/em>\u00a0\u00bb par litre pour le gazole<\/strong>, a indiqu\u00e9 le ministre de l&rsquo;\u00c9conomie Roland Lescure dans un entretien\u00a0pour le journal\u00a0<a href=\"https:\/\/www.leparisien.fr\/economie\/roland-lescure-sur-la-guerre-de-liran-nous-navons-pas-de-risque-dapprovisionnement-ni-en-gaz-ni-en-essence-a-court-terme-05-03-2026-4CK2OGQSWZCUFNALTBFXVB4YSU.php\" target=\"_blank\" rel=\"noreferrer noopener\">Le Parisien<\/a>\u00a0jeudi.Depuis, le d\u00e9bat fait rage\u00a0: \u00e0 qui profite cette hausse\u00a0? Existe-t-il des solutions pour pr\u00e9server le pouvoir d&rsquo;achat des automobilistes\u00a0? Pour y voir plus clair, ICI d\u00e9cortique la fa\u00e7on dont sont fix\u00e9s les prix des carburants et les solutions possibles pour limiter la hausse des tarifs.De quoi sont compos\u00e9s les prix des carburants&nbsp;?<\/p>\n\n\n\n<p class=\"\">Le prix du litre de carburant se d\u00e9compose en trois parties&nbsp;: les taxes pr\u00e9lev\u00e9es par l&rsquo;\u00c9tat, le co\u00fbt de la mati\u00e8re premi\u00e8re et le co\u00fbt de la distribution. L&rsquo;Ufip (Union fran\u00e7aise des industries p\u00e9troli\u00e8res)&nbsp;<a target=\"_blank\" rel=\"noreferrer noopener\" href=\"https:\/\/www.energiesetmobilites.fr\/presse\/informations\/decomposition-des-prix-des-carburants\">en donne un d\u00e9tail pr\u00e9cis sur son site<\/a>. Sur un litre de gazole vendu 1,70 euro,&nbsp;<strong>52% correspond aux taxes, 31,5% au co\u00fbt de la mati\u00e8re premi\u00e8re et 16,5% au co\u00fbt de la distribution<\/strong>. La proportion varie \u00e0 peine si l&rsquo;on prend l&rsquo;exemple d&rsquo;un litre de SP95-E10. Dans ce cas, la part de taxes est un peu plus \u00e9lev\u00e9e, 56%, celle de la mati\u00e8re premi\u00e8re est un peu plus basse, 27%, le co\u00fbt de la distribution est similaire, 17%.<\/p>\n\n\n\n<p class=\"\"><a target=\"_blank\" rel=\"noreferrer noopener\" href=\"https:\/\/www.franceinfo.fr\/monde\/iran\/guerre-entre-les-etats-unis-israel-et-l-iran\/prix-des-carburants-le-grand-gagnant-dans-cette-affaire-c-est-l-etat-estime-le-pdg-de-cooperative-u_7846955.html\">Sur franceinfo jeudi matin<\/a>, le PDG de Coop\u00e9rative U, Dominique Schelcher, a estim\u00e9 que l&rsquo;\u00c9tat \u00e9tait \u00ab\u00a0<em>le grand gagnant\u00a0\u00bb de la hausse du prix de l&rsquo;essence, car \u00ab\u00a0plus de 51% du prix que vous payez \u00e0 la pompe part directement dans [ses] poches<\/em>\u00ab\u00a0. Une affirmation qui n&rsquo;est qu&rsquo;en partie vraie. Oui,&nbsp;<strong>plus de la moiti\u00e9 de ce qu&rsquo;on paie \u00e0 la pompe revient \u00e0 l&rsquo;\u00c9tat<\/strong>&nbsp;\u00e0 travers la TVA et l&rsquo;accise sur les produits p\u00e9troliers (ex-TICPE, taxe int\u00e9rieure de consommation sur les produits \u00e9nerg\u00e9tiques). Mais, si la premi\u00e8re, fix\u00e9e \u00e0 20%, augmente effectivement quand les prix s&rsquo;envolent, la seconde, fixe, ne varie pas. Elle est actuellement de 60 centimes par litre pour le gazole et de 67 centimes pour le litre de SP95.<\/p>\n\n\n\n<h2 class=\"wp-block-heading\">R\u00e9duire la TVA sur les carburants<\/h2>\n\n\n\n<p class=\"\">Pour limiter la hausse des prix, plusieurs voix r\u00e9clament une baisse des taxes. C&rsquo;est le cas notamment de l&rsquo;association 40 millions d&rsquo;automobilistes et du Rassemblement national qui demandent&nbsp;<strong>une baisse de la TVA&nbsp;de 20% \u00e0 5,5% sur les carburants<\/strong>. Le pr\u00e9sident du RN, Jordan Bardella, a appel\u00e9 d\u00e8s le d\u00e9but de la semaine \u00e0 une baisse de l&rsquo;accise sur les produits p\u00e9troliers, estimant sur X qu'\u00a0\u00bb<em>il ne serait pas tenable que l&rsquo;\u00c9tat s&rsquo;enrichisse sur le dos des Fran\u00e7ais en profitant de la crise internationale<\/em>\u00ab\u00a0.<\/p>\n\n\n\n<p class=\"\">La ministre d\u00e9l\u00e9gu\u00e9e \u00e0 l&rsquo;\u00c9nergie, Maud Br\u00e9geon, a jug\u00e9 jeudi \u00ab\u00a0inconcevable\u00a0\u00bb de baisser TVA et TICPE, car cela repr\u00e9senterait, selon elle,&nbsp;<strong>un trou de pr\u00e8s de 20 milliards dans le budget de l&rsquo;\u00c9tat<\/strong>.<\/p>\n\n\n\n<h2 class=\"wp-block-heading\">Un blocage des prix est-il possible&nbsp;?<\/h2>\n\n\n\n<p class=\"\">\u00c0 l&rsquo;autre extr\u00e9mit\u00e9 du spectre politique,\u00a0<strong>La France insoumise r\u00e9clame de son c\u00f4t\u00e9 un \u00ab\u00a0blocage\u00a0\u00bb des prix des carburants<\/strong>. Une proposition de loi en ce sens a \u00e9t\u00e9 d\u00e9pos\u00e9e \u00e0 l&rsquo;Assembl\u00e9e nationale, a annonc\u00e9 ce vendredi sur X Aur\u00e9lie Trouv\u00e9, d\u00e9put\u00e9e LFI de Seine-Saint-Denis.\u00a0<em>\u00ab\u00a0La guerre s&rsquo;\u00e9tend au Moyen-Orient et tous les prix de l&rsquo;\u00e9nergie risquent de flamber pour profiter aux multinationales. Il est urgent de bloquer les prix des carburants\u00a0! \u00ab\u00a0L&rsquo;\u00c9tat doit prot\u00e9ger nos concitoyens\u00a0\u00bb<\/em>, \u00e9crit Aur\u00e9lie Trouv\u00e9.La d\u00e9put\u00e9e s&rsquo;appuie sur l&rsquo;article L. 410-2 du code de commerce, qui offre la possibilit\u00e9 de&nbsp;<em>\u00ab\u00a0r\u00e9glementer les prix en cas de circonstances exceptionnelles, une calamit\u00e9 publique ou une situation manifestement anormale du march\u00e9\u00a0\u00bb.<\/em>&nbsp;Dans ce cas, le gouvernement consulte l&rsquo;Autorit\u00e9 de la concurrence et&nbsp;<strong>peut adopter un d\u00e9cret pour plafonner le prix de certains produits<\/strong>&nbsp;pour une dur\u00e9e maximum de six mois.<\/p>\n\n\n\n<p class=\"\">Cette disposition a d\u00e9j\u00e0 \u00e9t\u00e9 prise en juillet 2020, en pleine crise sanitaire du Covid-19. Le gouvernement avait alors d\u00e9cid\u00e9 de plafonner le prix des masques chirurgicaux et du gel hydroalcoolique face \u00e0 la pand\u00e9mie. Mais pour trouver un exemple de plafonnement des prix de l&rsquo;essence, il faut remonter bien plus longtemps en arri\u00e8re, en ao\u00fbt 1990.&nbsp;<strong>Pierre B\u00e9r\u00e9govoy, alors Premier ministre, avait d\u00e9cid\u00e9 de limiter les prix \u00e0 la pompe, au d\u00e9but de la guerre du Golfe.<\/strong><\/p>\n\n\n\n<p class=\"\">C&rsquo;est la seule fois o\u00f9 le prix des carburants a \u00e9t\u00e9 bloqu\u00e9. Cette option avait \u00e9t\u00e9 \u00e9cart\u00e9e au d\u00e9but de la guerre en Ukraine, au profit d&rsquo;une autre mesure&nbsp;: une r\u00e9duction de 15 centimes par litre de carburant pendant quatre mois, d&rsquo;avril \u00e0 juin 2022. Ce choix s&rsquo;explique de plusieurs fa\u00e7ons, selon l&rsquo;\u00e9conomiste Patrice Geoffron, interrog\u00e9 par&nbsp;<a target=\"_blank\" rel=\"noreferrer noopener\" href=\"https:\/\/www.franceinfo.fr\/replay-radio\/le-vrai-du-faux\/peut-on-vraiment-bloquer-les-prix-du-carburant-comme-le-demande-le-depute-lfi-eric-coquerel_7818017.html\">franceinfo<\/a>. S&rsquo;il avait plafonn\u00e9 les prix de l&rsquo;\u00e9nergie, l&rsquo;\u00c9tat aurait d\u00fb compenser int\u00e9gralement les pertes des distributeurs et raffineurs, ce qui aurait co\u00fbt\u00e9 tr\u00e8s cher.&nbsp; Et cela n&rsquo;aurait pas emp\u00each\u00e9 une flamb\u00e9e des prix d\u00e8s la fin du plafonnement, limit\u00e9 \u00e0 6 mois.<\/p>\n\n\n\n<h2 class=\"wp-block-heading\">Baisser les marges des distributeurs<\/h2>\n\n\n\n<p class=\"\">Pour financer la mesure, \u00c9ric Coquerel, d\u00e9put\u00e9 LFI de Seine-Saint-Denis, sugg\u00e8re&nbsp;<strong>d&rsquo;agir sur les revenus&nbsp;des distributeurs<\/strong>&nbsp;et non sur la fiscalit\u00e9&nbsp;: \u00ab\u00a0<em>Vu les marges des distributeurs et des p\u00e9troliers dans la situation actuelle, ils ne sont pas \u00e0 plaindre<\/em>\u00ab\u00a0, a-t-il assur\u00e9 sur franceinfo jeudi.<\/p>\n\n\n\n<p class=\"\">Sans aller jusque-l\u00e0,&nbsp;<a href=\"https:\/\/www.francebleu.fr\/infos\/economie-social\/guerre-au-moyen-orient-des-controles-auront-lieu-pour-s-assurer-de-hausses-de-prix-raisonnables-sur-les-carburants-4561451\">le gouvernement a promis de surveiller le prix final factur\u00e9 aux consommateurs<\/a>. Mercredi, le ministre de l&rsquo;Economie, Roland Lescure, a indiqu\u00e9 avoir demand\u00e9 \u00e0 la DGCCRF, Direction g\u00e9n\u00e9rale de la Concurrence, de la Consommation et de la R\u00e9pression des Fraudes, \u00ab\u00a0<em>de faire des contr\u00f4les<\/em>\u00a0\u00bb pour s&rsquo;assurer du caract\u00e8re \u00ab\u00a0<em>raisonnable<\/em>\u00a0\u00bb des hausses. Les distributeurs ont d&rsquo;ailleurs \u00e9t\u00e9 re\u00e7us ce jeudi \u00e0 Bercy. Le ministre les a exhort\u00e9s, selon les d\u00e9clarations d&rsquo;un participant \u00e0 l&rsquo;AFP, \u00e0 \u00ab\u00a0<em>\u00eatre solidaires dans la crise<\/em>\u00ab\u00a0.<\/p>\n","protected":false},"excerpt":{"rendered":"<p>Les prix des carburants ont augment\u00e9 depuis le d\u00e9clenchement de la guerre en Iran. Quels sont les leviers pour les faire baisser&nbsp;? Est-il envisageable de les bloquer&nbsp;? ICI fait le point sur les solutions pour contenir la hausse des prix. C&rsquo;est l&rsquo;un des impacts concrets de la guerre au Moyen-Orient pour les consommateurs fran\u00e7ais\u00a0:\u00a0depuis le [&hellip;]<\/p>\n","protected":false},"author":2,"featured_media":42939,"comment_status":"open","ping_status":"open","sticky":false,"template":"","format":"standard","meta":{"_jetpack_memberships_contains_paid_content":false,"footnotes":"","jetpack_publicize_message":"","jetpack_publicize_feature_enabled":true,"jetpack_social_post_already_shared":true,"jetpack_social_options":{"image_generator_settings":{"template":"highway","default_image_id":0,"font":"","enabled":false},"version":2},"_wpas_customize_per_network":false},"categories":[405],"tags":[],"class_list":["post-42938","post","type-post","status-publish","format-standard","has-post-thumbnail","hentry","category-actu-france-monde"],"jetpack_publicize_connections":[],"jetpack_featured_media_url":"https:\/\/i0.wp.com\/www.iceagetv.com\/radiosite\/wp-content\/uploads\/2026\/03\/quelles-solutions-pour-limiter-la-hausse-du-prix-des-carburants.jpg?fit=891%2C516&ssl=1","jetpack_sharing_enabled":true,"_links":{"self":[{"href":"https:\/\/www.iceagetv.com\/radiosite\/wp-json\/wp\/v2\/posts\/42938","targetHints":{"allow":["GET"]}}],"collection":[{"href":"https:\/\/www.iceagetv.com\/radiosite\/wp-json\/wp\/v2\/posts"}],"about":[{"href":"https:\/\/www.iceagetv.com\/radiosite\/wp-json\/wp\/v2\/types\/post"}],"author":[{"embeddable":true,"href":"https:\/\/www.iceagetv.com\/radiosite\/wp-json\/wp\/v2\/users\/2"}],"replies":[{"embeddable":true,"href":"https:\/\/www.iceagetv.com\/radiosite\/wp-json\/wp\/v2\/comments?post=42938"}],"version-history":[{"count":1,"href":"https:\/\/www.iceagetv.com\/radiosite\/wp-json\/wp\/v2\/posts\/42938\/revisions"}],"predecessor-version":[{"id":42940,"href":"https:\/\/www.iceagetv.com\/radiosite\/wp-json\/wp\/v2\/posts\/42938\/revisions\/42940"}],"wp:featuredmedia":[{"embeddable":true,"href":"https:\/\/www.iceagetv.com\/radiosite\/wp-json\/wp\/v2\/media\/42939"}],"wp:attachment":[{"href":"https:\/\/www.iceagetv.com\/radiosite\/wp-json\/wp\/v2\/media?parent=42938"}],"wp:term":[{"taxonomy":"category","embeddable":true,"href":"https:\/\/www.iceagetv.com\/radiosite\/wp-json\/wp\/v2\/categories?post=42938"},{"taxonomy":"post_tag","embeddable":true,"href":"https:\/\/www.iceagetv.com\/radiosite\/wp-json\/wp\/v2\/tags?post=42938"}],"curies":[{"name":"wp","href":"https:\/\/api.w.org\/{rel}","templated":true}]}}