{"id":42955,"date":"2026-03-07T17:44:46","date_gmt":"2026-03-07T16:44:46","guid":{"rendered":"https:\/\/www.iceagetv.com\/radiosite\/?p=42955"},"modified":"2026-03-07T17:44:49","modified_gmt":"2026-03-07T16:44:49","slug":"donald-trump-assure-que-cuba-vit-ses-derniers-moments","status":"publish","type":"post","link":"https:\/\/www.iceagetv.com\/radiosite\/donald-trump-assure-que-cuba-vit-ses-derniers-moments\/","title":{"rendered":"Donald Trump assure que Cuba \u00ab\u00a0vit ses derniers moments\u00a0\u00bb"},"content":{"rendered":"\n<p class=\"\">\u00ab\u00a0Je vais m&rsquo;occuper\u00a0\u00bb de Cuba, a dit le pr\u00e9sident am\u00e9ricain pendant un sommet en Floride avec des dirigeants alli\u00e9s d&rsquo;Am\u00e9rique latine.Le pr\u00e9sident am\u00e9ricain multiplie&nbsp;<a href=\"https:\/\/www.franceinfo.fr\/monde\/cuba\/ces-mesures-vont-asphyxier-les-habitants-cuba-confrontee-a-une-penurie-de-petrole-apres-les-menaces-de-donald-trump_7794326.html\">les d\u00e9clarations offensives<\/a>. Donald Trump a promis, samedi 7&nbsp;mars, que Cuba&nbsp;<em>\u00ab\u00a0vivait ses derniers moments\u00a0\u00bb&nbsp;<\/em>et a pr\u00e9dit un&nbsp;<em>\u00ab\u00a0grand changement\u00a0\u00bb<\/em>.&nbsp;<em>\u00ab\u00a0Je vais m&rsquo;occuper\u00a0\u00bb&nbsp;<\/em>de l&rsquo;\u00eele, a encore dit le pr\u00e9sident am\u00e9ricain pendant un sommet en Floride avec des dirigeants alli\u00e9s d&rsquo;Am\u00e9rique latine, en \u00e9voquant aussi en termes vagues des n\u00e9gociations en vue d&rsquo;un possible&nbsp;<em>\u00ab\u00a0accord\u00a0\u00bb<\/em>. En pleine guerre en Iran, Donald Trump avait r\u00e9p\u00e9t\u00e9 qu&rsquo;apr\u00e8s cette offensive, il serait&nbsp;<em>\u00ab\u00a0une question de temps\u00a0\u00bb&nbsp;<\/em>avant qu&rsquo;il ne tourne ses regards vers Cuba, o\u00f9 il assure que le pouvoir va chuter de mani\u00e8re imminente.<\/p>\n\n\n\n<p class=\"\">Douze&nbsp;dirigeants, pour certains adeptes enthousiastes de la rh\u00e9torique nationaliste du pr\u00e9sident am\u00e9ricain, sont r\u00e9unis au Trump National Doral Golf \u00e0 Miami \u00e0 l&rsquo;occasion d&rsquo;un sommet appel\u00e9 \u00ab\u00a0Bouclier des Am\u00e9riques\u00a0\u00bb. Parmi eux se trouvent le pr\u00e9sident argentin, Javier Milei, le dirigeant \u00e9quatorien, Daniel Noboa, et le chef d&rsquo;Etat du Salvador, Nayib Bukele. La pr\u00e9sidente mexicaine, Claudia Sheinbaum, et le pr\u00e9sident br\u00e9silien, Lula, tous deux de gauche, manquent \u00e0 l&rsquo;appel.<\/p>\n","protected":false},"excerpt":{"rendered":"<p>\u00ab\u00a0Je vais m&rsquo;occuper\u00a0\u00bb de Cuba, a dit le pr\u00e9sident am\u00e9ricain pendant un sommet en Floride avec des dirigeants alli\u00e9s d&rsquo;Am\u00e9rique latine.Le pr\u00e9sident am\u00e9ricain multiplie&nbsp;les d\u00e9clarations offensives. Donald Trump a promis, samedi 7&nbsp;mars, que Cuba&nbsp;\u00ab\u00a0vivait ses derniers moments\u00a0\u00bb&nbsp;et a pr\u00e9dit un&nbsp;\u00ab\u00a0grand changement\u00a0\u00bb.&nbsp;\u00ab\u00a0Je vais m&rsquo;occuper\u00a0\u00bb&nbsp;de l&rsquo;\u00eele, a encore dit le pr\u00e9sident am\u00e9ricain pendant un sommet en Floride [&hellip;]<\/p>\n","protected":false},"author":2,"featured_media":42956,"comment_status":"open","ping_status":"open","sticky":false,"template":"","format":"standard","meta":{"_jetpack_memberships_contains_paid_content":false,"footnotes":"","jetpack_publicize_message":"","jetpack_publicize_feature_enabled":true,"jetpack_social_post_already_shared":true,"jetpack_social_options":{"image_generator_settings":{"template":"highway","default_image_id":0,"font":"","enabled":false},"version":2},"_wpas_customize_per_network":false},"categories":[405],"tags":[],"class_list":["post-42955","post","type-post","status-publish","format-standard","has-post-thumbnail","hentry","category-actu-france-monde"],"jetpack_publicize_connections":[],"jetpack_featured_media_url":"https:\/\/i0.wp.com\/www.iceagetv.com\/radiosite\/wp-content\/uploads\/2026\/03\/Donald-Trump-assure-que-Cuba.jpg?fit=796%2C381&ssl=1","jetpack_sharing_enabled":true,"_links":{"self":[{"href":"https:\/\/www.iceagetv.com\/radiosite\/wp-json\/wp\/v2\/posts\/42955","targetHints":{"allow":["GET"]}}],"collection":[{"href":"https:\/\/www.iceagetv.com\/radiosite\/wp-json\/wp\/v2\/posts"}],"about":[{"href":"https:\/\/www.iceagetv.com\/radiosite\/wp-json\/wp\/v2\/types\/post"}],"author":[{"embeddable":true,"href":"https:\/\/www.iceagetv.com\/radiosite\/wp-json\/wp\/v2\/users\/2"}],"replies":[{"embeddable":true,"href":"https:\/\/www.iceagetv.com\/radiosite\/wp-json\/wp\/v2\/comments?post=42955"}],"version-history":[{"count":1,"href":"https:\/\/www.iceagetv.com\/radiosite\/wp-json\/wp\/v2\/posts\/42955\/revisions"}],"predecessor-version":[{"id":42957,"href":"https:\/\/www.iceagetv.com\/radiosite\/wp-json\/wp\/v2\/posts\/42955\/revisions\/42957"}],"wp:featuredmedia":[{"embeddable":true,"href":"https:\/\/www.iceagetv.com\/radiosite\/wp-json\/wp\/v2\/media\/42956"}],"wp:attachment":[{"href":"https:\/\/www.iceagetv.com\/radiosite\/wp-json\/wp\/v2\/media?parent=42955"}],"wp:term":[{"taxonomy":"category","embeddable":true,"href":"https:\/\/www.iceagetv.com\/radiosite\/wp-json\/wp\/v2\/categories?post=42955"},{"taxonomy":"post_tag","embeddable":true,"href":"https:\/\/www.iceagetv.com\/radiosite\/wp-json\/wp\/v2\/tags?post=42955"}],"curies":[{"name":"wp","href":"https:\/\/api.w.org\/{rel}","templated":true}]}}