{"id":42970,"date":"2026-03-08T16:47:23","date_gmt":"2026-03-08T15:47:23","guid":{"rendered":"https:\/\/www.iceagetv.com\/radiosite\/?p=42970"},"modified":"2026-03-08T16:47:25","modified_gmt":"2026-03-08T15:47:25","slug":"guerre-en-iran-et-au-moyen-orient-emmanuel-macron-se-rendra-ce-lundi-a-chypre-qui-avait-ete-vise-par-des-frappes","status":"publish","type":"post","link":"https:\/\/www.iceagetv.com\/radiosite\/guerre-en-iran-et-au-moyen-orient-emmanuel-macron-se-rendra-ce-lundi-a-chypre-qui-avait-ete-vise-par-des-frappes\/","title":{"rendered":"Guerre en Iran et au Moyen-Orient: Emmanuel Macron se rendra ce lundi \u00e0 Chypre qui avait \u00e9t\u00e9 vis\u00e9 par des frappes"},"content":{"rendered":"\n<p class=\"\">Le chef de l&rsquo;\u00c9tat rencontrera ce lundi 9 mars le pr\u00e9sident de la R\u00e9publique et le Premier ministre chypriotes apr\u00e8s que le pays a \u00e9t\u00e9 frapp\u00e9 par des attaques de drones et de missiles, indique l&rsquo;\u00c9lys\u00e9e.<\/p>\n\n\n\n<p class=\"\">Emmanuel Macron entend \u00ab\u00a0t\u00e9moigner de la solidarit\u00e9 de la France\u00a0\u00bb\u00a0<a href=\"https:\/\/www.bfmtv.com\/international\/europe\/grece\/la-grece-envoie-deux-fregates-et-des-avions-f-16-a-chypre-apres-une-attaque-de-drones-contre-une-base-britannique-situee-sur-l-ile_AD-202603020541.html\">\u00e0 l&rsquo;\u00e9gard de Chypre<\/a>, pris dans le\u00a0<a href=\"https:\/\/www.bfmtv.com\/international\/moyen-orient\/direct-guerre-en-iran-et-au-moyen-orient-les-emirats-arabes-unis-attaques-par-des-missiles-et-drones-iraniens_LN-202603080048.html\">conflit au Moyen-Orient<\/a>. Le pr\u00e9sident de la R\u00e9publique se rendra ce lundi 9 mars sur l&rsquo;\u00eele m\u00e9diterran\u00e9enne et rencontrera \u00e0 Paphos le pr\u00e9sident de la R\u00e9publique, Nikos Christodoulides, ainsi que le Premier ministre Kyriakos Mitsotakis, a appris BFMTV aupr\u00e8s de l&rsquo;\u00c9lys\u00e9e.\u00a0\u00bbCe d\u00e9placement vise \u00e0 t\u00e9moigner la solidarit\u00e9 de la France avec Chypre, \u00c9tat membre de l\u2019Union europ\u00e9enne avec qui nous avons un partenariat strat\u00e9gique, et qui a \u00e9t\u00e9 frapp\u00e9e, la semaine derni\u00e8re,&nbsp;<a href=\"https:\/\/www.bfmtv.com\/international\/europe\/angleterre\/une-frappe-de-drone-presumee-sur-une-base-de-l-armee-britannique-a-chypre_AD-202603020053.html\">par plusieurs drones<\/a>&nbsp;et tirs de missiles\u00a0\u00bb, explique la pr\u00e9sidence de la R\u00e9publique.<\/p>\n\n\n\n<p class=\"\">La piste de la base britannique d&rsquo;Akrotiri a notamment \u00e9t\u00e9 touch\u00e9 par une frappe de drone dans la nuit du dimanche 1er au lundi 2 mars et deux autres drones ont vis\u00e9 cette m\u00eame base lundi.<\/p>\n\n\n\n<p class=\"\">Mercredi, la Turquie a intercept\u00e9 un missile balistique tir\u00e9 depuis l\u2019Iran et dirigeant vers son espace a\u00e9rien. Mais la cible \u00e9tait vraisemblablement une base militaire de Chypre, a pr\u00e9cis\u00e9 un responsable turc.<\/p>\n","protected":false},"excerpt":{"rendered":"<p>Le chef de l&rsquo;\u00c9tat rencontrera ce lundi 9 mars le pr\u00e9sident de la R\u00e9publique et le Premier ministre chypriotes apr\u00e8s que le pays a \u00e9t\u00e9 frapp\u00e9 par des attaques de drones et de missiles, indique l&rsquo;\u00c9lys\u00e9e. Emmanuel Macron entend \u00ab\u00a0t\u00e9moigner de la solidarit\u00e9 de la France\u00a0\u00bb\u00a0\u00e0 l&rsquo;\u00e9gard de Chypre, pris dans le\u00a0conflit au Moyen-Orient. Le [&hellip;]<\/p>\n","protected":false},"author":2,"featured_media":42971,"comment_status":"open","ping_status":"open","sticky":false,"template":"","format":"standard","meta":{"_jetpack_memberships_contains_paid_content":false,"footnotes":"","jetpack_publicize_message":"","jetpack_publicize_feature_enabled":true,"jetpack_social_post_already_shared":true,"jetpack_social_options":{"image_generator_settings":{"template":"highway","default_image_id":0,"font":"","enabled":false},"version":2},"_wpas_customize_per_network":false},"categories":[405],"tags":[],"class_list":["post-42970","post","type-post","status-publish","format-standard","has-post-thumbnail","hentry","category-actu-france-monde"],"jetpack_publicize_connections":[],"jetpack_featured_media_url":"https:\/\/i0.wp.com\/www.iceagetv.com\/radiosite\/wp-content\/uploads\/2026\/03\/Emmanuel-Macron-se-rendra-ce-lundi-a-Chypre.jpg?fit=799%2C407&ssl=1","jetpack_sharing_enabled":true,"_links":{"self":[{"href":"https:\/\/www.iceagetv.com\/radiosite\/wp-json\/wp\/v2\/posts\/42970","targetHints":{"allow":["GET"]}}],"collection":[{"href":"https:\/\/www.iceagetv.com\/radiosite\/wp-json\/wp\/v2\/posts"}],"about":[{"href":"https:\/\/www.iceagetv.com\/radiosite\/wp-json\/wp\/v2\/types\/post"}],"author":[{"embeddable":true,"href":"https:\/\/www.iceagetv.com\/radiosite\/wp-json\/wp\/v2\/users\/2"}],"replies":[{"embeddable":true,"href":"https:\/\/www.iceagetv.com\/radiosite\/wp-json\/wp\/v2\/comments?post=42970"}],"version-history":[{"count":1,"href":"https:\/\/www.iceagetv.com\/radiosite\/wp-json\/wp\/v2\/posts\/42970\/revisions"}],"predecessor-version":[{"id":42972,"href":"https:\/\/www.iceagetv.com\/radiosite\/wp-json\/wp\/v2\/posts\/42970\/revisions\/42972"}],"wp:featuredmedia":[{"embeddable":true,"href":"https:\/\/www.iceagetv.com\/radiosite\/wp-json\/wp\/v2\/media\/42971"}],"wp:attachment":[{"href":"https:\/\/www.iceagetv.com\/radiosite\/wp-json\/wp\/v2\/media?parent=42970"}],"wp:term":[{"taxonomy":"category","embeddable":true,"href":"https:\/\/www.iceagetv.com\/radiosite\/wp-json\/wp\/v2\/categories?post=42970"},{"taxonomy":"post_tag","embeddable":true,"href":"https:\/\/www.iceagetv.com\/radiosite\/wp-json\/wp\/v2\/tags?post=42970"}],"curies":[{"name":"wp","href":"https:\/\/api.w.org\/{rel}","templated":true}]}}