{"id":42983,"date":"2026-03-08T18:12:07","date_gmt":"2026-03-08T17:12:07","guid":{"rendered":"https:\/\/www.iceagetv.com\/radiosite\/?p=42983"},"modified":"2026-03-08T18:12:08","modified_gmt":"2026-03-08T17:12:08","slug":"paris-bordeaux-lille-marseille-des-dizaines-de-milliers-de-manifestants-attendus-a-travers-la-france-pour-la-journee-de-lutte-pour-les-droits-des-femmes","status":"publish","type":"post","link":"https:\/\/www.iceagetv.com\/radiosite\/paris-bordeaux-lille-marseille-des-dizaines-de-milliers-de-manifestants-attendus-a-travers-la-france-pour-la-journee-de-lutte-pour-les-droits-des-femmes\/","title":{"rendered":"Paris, Bordeaux, Lille, Marseille\u2026 Des dizaines de milliers de manifestants attendus \u00e0 travers la France pour la journ\u00e9e de lutte pour les droits des femmes"},"content":{"rendered":"\n<p class=\"\">Plus d&rsquo;une centaine d&rsquo;organisations appellent \u00e0 participer aux manifestations organis\u00e9es dans 150 lieux en France, \u00e0 l&rsquo;occasion de la journ\u00e9e du 8 mars.<em>Stop aux violences\u00a0\u00bb<\/em>,\u00a0<em>\u00ab\u00a0du travail pour vivre, pas survivre\u00a0\u00bb<\/em>,\u00a0<em>\u00ab\u00a0notre corps nous appartient\u00a0\u00bb<\/em>. Des dizaines de milliers de personnes se pr\u00e9parent \u00e0 manifester, dimanche 8\u00a0mars, partout en France\u00a0<a href=\"https:\/\/france3-regions.franceinfo.fr\/paris-ile-de-france\/paris\/journee-internationale-des-droits-des-femmes-3-questions-pour-mieux-comprendre-le-8-mars-3310020.html\" target=\"_blank\" rel=\"noreferrer noopener\">\u00e0 l&rsquo;occasion de la journ\u00e9e de lutte pour les droits des femmes(Nouvelle fen\u00eatre)<\/a>, menac\u00e9s par la mont\u00e9e du conservatisme. L&rsquo;occasion de d\u00e9fendre\u00a0<em>\u00ab\u00a0des valeurs qui nous sont fondamentales\u00a0\u00bb<\/em>, comme\u00a0<em>\u00ab\u00a0la lutte pour l&rsquo;\u00e9mancipation des femmes\u00a0\u00bb<\/em>\u00a0et<em>\u00a0<\/em><a href=\"https:\/\/france3-regions.franceinfo.fr\/grand-est\/meurthe-et-moselle\/nancy\/il-est-temps-qu-on-riposte-des-centaines-de-personnes-manifestent-pour-les-droits-des-femmes-et-contre-l-extreme-droite-3311496.html\" target=\"_blank\" rel=\"noreferrer noopener\"><em>\u00ab\u00a0contre l&rsquo;extr\u00eame droite<\/em>(Nouvelle fen\u00eatre)<\/a><em>, qui s\u00e8me le racisme, la misogynie et l&rsquo;homophobie\u00a0\u00bb<\/em>, a soulign\u00e9 lors d&rsquo;une conf\u00e9rence de presse sur le d\u00e9roul\u00e9 de cette journ\u00e9e Myriam Lebkiri, r\u00e9f\u00e9rente de la commission Femmes\u2011Mixit\u00e9 de la CGT.A Bordeaux, Lille, Marseille ou dans des villes plus petites comme Saint-Malo (Ille-et-Vilaine), Annemasse (Haute-Savoie) ou&nbsp;<a href=\"https:\/\/france3-regions.franceinfo.fr\/corse\/haute-corse\/balagne\/journee-internationale-des-droits-des-femmes-actions-et-mobilisation-organisees-a-l-ile-rousse-3311517.html\" target=\"_blank\" rel=\"noreferrer noopener\">l&rsquo;\u00cele-Rousse(Nouvelle fen\u00eatre)<\/a>&nbsp;(Haute-Corse)\u2026 Plus d&rsquo;une centaine d&rsquo;organisations, dont des associations f\u00e9ministes et des syndicats, appellent \u00e0 participer aux manifestations organis\u00e9es dans 150&nbsp;lieux en France, \u00e0 l&rsquo;occasion de la journ\u00e9e internationale des droits des femmes. A Paris, le cort\u00e8ge partira \u00e0 14&nbsp;heures, dans le nord-est, de Stalingrad en direction de la place de la R\u00e9publique. Initiative symbolique, la devise d\u00e9tourn\u00e9e&nbsp;<em>\u00ab\u00a0libert\u00e9, \u00e9galit\u00e9*, fraternit\u00e9\u00a0\u00bb<\/em>&nbsp;sera projet\u00e9e dans la soir\u00e9e sur la Tour Eiffel, l&rsquo;ast\u00e9risque symbolisant une \u00e9galit\u00e9&nbsp;<em>\u00ab\u00a0sous conditions non consenties\u00a0\u00bb<\/em>&nbsp;pour les femmes.<\/p>\n\n\n\n<p class=\"\">De son c\u00f4t\u00e9, le collectif d&rsquo;extr\u00eame droite N\u00e9m\u00e9sis organisera son propre rassemblement dans l&rsquo;ouest de la capitale. Une partie des organisateurs avait demand\u00e9 l&rsquo;interdiction de sa pr\u00e9sence dans la manifestation, l&rsquo;accusant d'\u00a0\u00bb<em>instrumentaliser\u00a0\u00bb<\/em>&nbsp;le f\u00e9minisme&nbsp;<em>\u00ab\u00a0\u00e0 des fins racistes\u00a0\u00bb<\/em>.<\/p>\n\n\n\n<h2 class=\"wp-block-heading\">Un contexte international qui inqui\u00e8te<\/h2>\n\n\n\n<p class=\"\">Les associations membres du collectif Gr\u00e8ve f\u00e9ministe, qui organise la mobilisation dimanche, cherchent \u00e0 alerter sur le&nbsp;<em>\u00ab\u00a0danger\u00a0\u00bb<\/em>&nbsp;que repr\u00e9sente l&rsquo;extr\u00eame droite pour les droits des femmes, \u00e0 l&rsquo;approche des&nbsp;<a href=\"https:\/\/www.franceinfo.fr\/elections\/municipales-2026-l-article-a-lire-pour-tout-savoir-avant-de-choisir-votre-maire_7730446.html\">\u00e9lections municipales<\/a>, pr\u00e9vues les 15 et 22&nbsp;mars.&nbsp;<em>\u00ab\u00a0Il suffit de voir ce qu&rsquo;il se passe aux Etats-Unis, avec Donald Trump, c&rsquo;est un laboratoire\u00a0\u00bb<\/em>, a point\u00e9 Anne Leclerc, membre du Collectif national pour les droits des femmes. Depuis son retour l&rsquo;an dernier \u00e0 la Maison Blanche, le pr\u00e9sident am\u00e9ricain a notamment pris&nbsp;<a href=\"https:\/\/www.franceinfo.fr\/societe\/ivg\/donald-trump-veut-encore-restreindre-le-droit-a-l-avortement_7293147.html\">une s\u00e9rie de mesures contre l&rsquo;avortement<\/a>&nbsp;et d\u00e9mantel\u00e9 des politiques de lutte contre la discrimination.<\/p>\n\n\n\n<p class=\"\">En France, les associations s&rsquo;inqui\u00e8tent au sujet des droits li\u00e9s \u00e0 la sexualit\u00e9 (contraception, avortement)&nbsp;:&nbsp;<em>\u00ab\u00a0Nous sommes en alerte\u00a0\u00bb<\/em>, a soulign\u00e9 Sarah Durocher, du Planning familial, qui observe&nbsp;<em>\u00ab\u00a0des difficult\u00e9s d&rsquo;acc\u00e8s \u00e0 l&rsquo;avortement sur le terrain\u00a0\u00bb<\/em>, li\u00e9es \u00e0 un<em>&nbsp;\u00ab\u00a0manque de moyens\u00a0\u00bb<\/em>&nbsp;et \u00e0 la&nbsp;<em>\u00ab\u00a0fermeture de structures de proximit\u00e9\u00a0\u00bb<\/em>.<\/p>\n","protected":false},"excerpt":{"rendered":"<p>Plus d&rsquo;une centaine d&rsquo;organisations appellent \u00e0 participer aux manifestations organis\u00e9es dans 150 lieux en France, \u00e0 l&rsquo;occasion de la journ\u00e9e du 8 mars.Stop aux violences\u00a0\u00bb,\u00a0\u00ab\u00a0du travail pour vivre, pas survivre\u00a0\u00bb,\u00a0\u00ab\u00a0notre corps nous appartient\u00a0\u00bb. Des dizaines de milliers de personnes se pr\u00e9parent \u00e0 manifester, dimanche 8\u00a0mars, partout en France\u00a0\u00e0 l&rsquo;occasion de la journ\u00e9e de lutte pour [&hellip;]<\/p>\n","protected":false},"author":2,"featured_media":42984,"comment_status":"open","ping_status":"open","sticky":false,"template":"","format":"standard","meta":{"_jetpack_memberships_contains_paid_content":false,"footnotes":"","jetpack_publicize_message":"","jetpack_publicize_feature_enabled":true,"jetpack_social_post_already_shared":true,"jetpack_social_options":{"image_generator_settings":{"template":"highway","default_image_id":0,"font":"","enabled":false},"version":2},"_wpas_customize_per_network":false},"categories":[405],"tags":[],"class_list":["post-42983","post","type-post","status-publish","format-standard","has-post-thumbnail","hentry","category-actu-france-monde"],"jetpack_publicize_connections":[],"jetpack_featured_media_url":"https:\/\/i0.wp.com\/www.iceagetv.com\/radiosite\/wp-content\/uploads\/2026\/03\/Des-dizaines-de-milliers-de-manifestants-attendus-a-travers-la-France-pour-la-journee-de-lutte-pour-les-droits-des-femmes.jpg?fit=853%2C484&ssl=1","jetpack_sharing_enabled":true,"_links":{"self":[{"href":"https:\/\/www.iceagetv.com\/radiosite\/wp-json\/wp\/v2\/posts\/42983","targetHints":{"allow":["GET"]}}],"collection":[{"href":"https:\/\/www.iceagetv.com\/radiosite\/wp-json\/wp\/v2\/posts"}],"about":[{"href":"https:\/\/www.iceagetv.com\/radiosite\/wp-json\/wp\/v2\/types\/post"}],"author":[{"embeddable":true,"href":"https:\/\/www.iceagetv.com\/radiosite\/wp-json\/wp\/v2\/users\/2"}],"replies":[{"embeddable":true,"href":"https:\/\/www.iceagetv.com\/radiosite\/wp-json\/wp\/v2\/comments?post=42983"}],"version-history":[{"count":1,"href":"https:\/\/www.iceagetv.com\/radiosite\/wp-json\/wp\/v2\/posts\/42983\/revisions"}],"predecessor-version":[{"id":42985,"href":"https:\/\/www.iceagetv.com\/radiosite\/wp-json\/wp\/v2\/posts\/42983\/revisions\/42985"}],"wp:featuredmedia":[{"embeddable":true,"href":"https:\/\/www.iceagetv.com\/radiosite\/wp-json\/wp\/v2\/media\/42984"}],"wp:attachment":[{"href":"https:\/\/www.iceagetv.com\/radiosite\/wp-json\/wp\/v2\/media?parent=42983"}],"wp:term":[{"taxonomy":"category","embeddable":true,"href":"https:\/\/www.iceagetv.com\/radiosite\/wp-json\/wp\/v2\/categories?post=42983"},{"taxonomy":"post_tag","embeddable":true,"href":"https:\/\/www.iceagetv.com\/radiosite\/wp-json\/wp\/v2\/tags?post=42983"}],"curies":[{"name":"wp","href":"https:\/\/api.w.org\/{rel}","templated":true}]}}