{"id":42996,"date":"2026-03-09T13:15:44","date_gmt":"2026-03-09T12:15:44","guid":{"rendered":"https:\/\/www.iceagetv.com\/radiosite\/?p=42996"},"modified":"2026-03-09T13:15:46","modified_gmt":"2026-03-09T12:15:46","slug":"guerre-au-moyen-orient-il-est-trop-tot-pour-parler-de-nouvelles-aides-a-lachat-de-carburant-selon-le-gouvernement","status":"publish","type":"post","link":"https:\/\/www.iceagetv.com\/radiosite\/guerre-au-moyen-orient-il-est-trop-tot-pour-parler-de-nouvelles-aides-a-lachat-de-carburant-selon-le-gouvernement\/","title":{"rendered":"Guerre au Moyen-Orient\u00a0: il est \u00ab\u00a0trop t\u00f4t\u00a0\u00bb pour parler de nouvelles aides \u00e0 l&rsquo;achat de carburant, selon le gouvernement"},"content":{"rendered":"\n<p class=\"\">Il est encore \u00ab\u00a0trop t\u00f4t\u00a0\u00bb pour parler de nouvelles aides \u00e0 l&rsquo;achat de carburant, a declar\u00e9 lundi la ministre d\u00e9l\u00e9gu\u00e9e \u00e0 l&rsquo;\u00c9nergie, alors que le prix du baril de p\u00e9trole a d\u00e9pass\u00e9 dimanche les 100 dollars le baril. Le recours aux r\u00e9serves strat\u00e9giques \u00ab\u00a0est une option envisag\u00e9e\u00a0\u00bb par le gouvernement.<\/p>\n\n\n\n<p class=\"\">Face \u00e0 la flamb\u00e9e des prix des carburants, il est\u00a0<em>\u00ab\u00a0trop t\u00f4t\u00a0\u00bb<\/em>\u00a0pour parler de nouvelles aides \u00e0 l&rsquo;achat de carburant, a d\u00e9clar\u00e9 lundi la ministre d\u00e9l\u00e9gu\u00e9e \u00e0 l&rsquo;\u00c9nergie et porte-parole du gouvernement, Maud Bregeon.<em>\u00ab\u00a0Aujourd&rsquo;hui il est trop t\u00f4t pour en parler. Je le redis, nous \u00e9tudions tous les sc\u00e9narios\u00a0\u00bb<\/em>, a d\u00e9clar\u00e9 Maud Bregeon, interrog\u00e9e sur\u00a0<a href=\"https:\/\/www.rtl.fr\/actu\/politique\/prix-de-l-essence-maud-bregeon-annonce-sur-rtl-une-reunion-avec-les-distributeurs-en-fin-de-semaine-7900610095\" target=\"_blank\" rel=\"noreferrer noopener\">RTL<\/a>\u00a0quant \u00e0 la possibilit\u00e9 de mettre en place des aides cibl\u00e9es face \u00e0 la hausse des prix de l&rsquo;essence et du gasoil \u00e0 la pompe.\u00a0Les prix des carburants ont fortement augment\u00e9 depuis le d\u00e9but de\u00a0<a href=\"https:\/\/www.francebleu.fr\/theme\/guerre-israel-hamas\">la guerre au Moyen-Orient<\/a>\u00a0il y a dix jours, notamment en raison du blocage du d\u00e9troit d&rsquo;Ormuz. Ce lundi,\u00a0<strong>le baril de p\u00e9trole a flamb\u00e9 et d\u00e9pass\u00e9 les 100 dollars<\/strong>.Plusieurs partis politiques, dont le Rassemblement national et La France insoumise, se sont \u00e9mus ces derniers jours de cette hausse des prix, appelant, pour le premier, \u00e0 une baisse des taxes sur les carburants et pour la seconde, \u00e0 un blocage des prix. Le Premier ministre S\u00e9bastien Lecornu avait annonc\u00e9 dimanche&nbsp;<a href=\"https:\/\/www.francebleu.fr\/infos\/economie-social\/carburants-sebastien-lecornu-annonce-500-controles-dans-les-stations-service-contre-les-hausses-abusives-de-prix-7467492\">\u00ab\u00a0un plan exceptionnel de 500 contr\u00f4les\u00a0\u00bb&nbsp;dans les stations-service<\/a>,&nbsp;<em>\u00ab\u00a0entre lundi et mercredi\u00a0\u00bb<\/em>, pour \u00e9viter les&nbsp;<em>\u00ab\u00a0hausses abusives des prix \u00e0 la pompe\u00a0\u00bb<\/em>.<\/p>\n\n\n\n<p class=\"\"><em>\u00ab\u00a0Nous recevrons de nouveau les distributeurs en fin de semaine avec Roland Lescure (ministre de l&rsquo;\u00c9conomie, ndlr), pour faire un point, un \u00e9tat des lieux avec eux en fonction des r\u00e9sultats des trois jours \u00e0 venir\u00a0\u00bb<\/em>, a soulign\u00e9 Maud Bregeon.\u00a0<em>\u00ab\u00a0Il y a \u00e9videmment des distributeurs qui jouent le jeu. Il ne faut pas mettre tout le monde dans le m\u00eame panier, mais il y a, de toute \u00e9vidence, (&#8230;) des prix qui ont \u00e9t\u00e9 rehauss\u00e9s trop t\u00f4t\u00a0\u00bb et \u00ab\u00a0dans certains cas des abus\u00a0\u00bb<\/em>, a notamment relev\u00e9 la ministre.Michel-Edouard Leclerc appelle les raffineurs \u00e0 \u00ab\u00a0s&rsquo;expliquer\u00a0\u00bb<\/p>\n\n\n\n<p class=\"\">Face \u00e0 cette flamb\u00e9e des prix du p\u00e9trole \u00e0 la pompe,&nbsp;<em>\u00ab\u00a0il faut qu&rsquo;ils s&rsquo;expliquent\u00a0\u00bb<\/em>, r\u00e9agit ce lundi sur France 2 Michel-Edouard Leclerc, pr\u00e9sident du comit\u00e9 strat\u00e9gique des centres E. Leclerc, au sujet des raffineurs de carburants. La hausse du prix des carburants \u00e0 la pompe n&rsquo;est pas du fait des pompistes ou des garagistes selon Michel-Edouard Leclerc, mais des raffineurs&nbsp;<em>\u00ab\u00a0qui ont des stocks\u00a0\u00bb<\/em>, dit-il, citant&nbsp;<em>\u00ab\u00a0Total, BP, Shell, Avia, ou encore Esso\u00a0\u00bb<\/em>.<\/p>\n\n\n\n<p class=\"\">Le pr\u00e9sident du comit\u00e9 strat\u00e9gique des centres E. Leclerc s&rsquo;interroge notamment sur le fait que&nbsp;<em>\u00ab\u00a0le produit raffin\u00e9 a flamb\u00e9 en m\u00eame temps que le brut\u00a0\u00bb<\/em>, alors qu&rsquo;il faut en moyenne trois semaines pour que le produit raffin\u00e9 arrive dans les stations-services. La grande distribution,&nbsp;<em>\u00ab\u00a0qui fait 60% des ventes d&rsquo;essence et de gazole en France\u00a0\u00bb<\/em>, subit la hausse r\u00e9percut\u00e9e par les raffineurs, affirme Michel-Edouard Leclerc. Pour les centres Leclerc,&nbsp;<em>\u00ab\u00a0on est pratiquement \u00e0 prix co\u00fbtant (&#8230;) On s&rsquo;est pris la hausse\u00a0\u00bb<\/em>&nbsp;du prix impos\u00e9 par les raffineries, constate-t-il.<\/p>\n\n\n\n<h2 class=\"wp-block-heading\">Le recours aux r\u00e9serves strat\u00e9giques \u00ab\u00a0envisag\u00e9\u00a0\u00bb<\/h2>\n\n\n\n<p class=\"\">Par ailleurs, le recours aux r\u00e9serves strat\u00e9giques&nbsp;<em>\u00ab\u00a0est une option envisag\u00e9e\u00a0\u00bb<\/em>&nbsp;par le gouvernement, ont appris&nbsp;<a target=\"_blank\" rel=\"noreferrer noopener\" href=\"https:\/\/www.franceinfo.fr\/economie\/transports\/prix-des-carburants\/prix-des-carburants-le-recours-aux-reserves-strategiques-est-une-option-envisagee-par-le-gouvernement_7855562.html\">franceinfo<\/a>&nbsp;et&nbsp;<a target=\"_blank\" rel=\"noreferrer noopener\" href=\"https:\/\/www.radiofrance.fr\/franceinter\">France Inter<\/a>&nbsp;ce lundi aupr\u00e8s d&rsquo;une source au sein de l&rsquo;ex\u00e9cutif. La coordination des dirigeants du G7 sur la question du prix de l\u2019\u00e9nergie est \u00e0 l\u2019\u00e9tude, pr\u00e9cise cette m\u00eame source. Ces questions doivent \u00eatre abord\u00e9es lors d&rsquo;une r\u00e9union du G7 \u00c9nergie qui aura lieu ce mardi.<\/p>\n","protected":false},"excerpt":{"rendered":"<p>Il est encore \u00ab\u00a0trop t\u00f4t\u00a0\u00bb pour parler de nouvelles aides \u00e0 l&rsquo;achat de carburant, a declar\u00e9 lundi la ministre d\u00e9l\u00e9gu\u00e9e \u00e0 l&rsquo;\u00c9nergie, alors que le prix du baril de p\u00e9trole a d\u00e9pass\u00e9 dimanche les 100 dollars le baril. Le recours aux r\u00e9serves strat\u00e9giques \u00ab\u00a0est une option envisag\u00e9e\u00a0\u00bb par le gouvernement. Face \u00e0 la flamb\u00e9e des [&hellip;]<\/p>\n","protected":false},"author":2,"featured_media":42997,"comment_status":"open","ping_status":"open","sticky":false,"template":"","format":"standard","meta":{"_jetpack_memberships_contains_paid_content":false,"footnotes":"","jetpack_publicize_message":"","jetpack_publicize_feature_enabled":true,"jetpack_social_post_already_shared":true,"jetpack_social_options":{"image_generator_settings":{"template":"highway","default_image_id":0,"font":"","enabled":false},"version":2},"_wpas_customize_per_network":false},"categories":[405],"tags":[],"class_list":["post-42996","post","type-post","status-publish","format-standard","has-post-thumbnail","hentry","category-actu-france-monde"],"jetpack_publicize_connections":[],"jetpack_featured_media_url":"https:\/\/i0.wp.com\/www.iceagetv.com\/radiosite\/wp-content\/uploads\/2026\/03\/l-est-trop-tot-pour-parler-de-nouvelles-aides-a-lachat.jpg?fit=903%2C514&ssl=1","jetpack_sharing_enabled":true,"_links":{"self":[{"href":"https:\/\/www.iceagetv.com\/radiosite\/wp-json\/wp\/v2\/posts\/42996","targetHints":{"allow":["GET"]}}],"collection":[{"href":"https:\/\/www.iceagetv.com\/radiosite\/wp-json\/wp\/v2\/posts"}],"about":[{"href":"https:\/\/www.iceagetv.com\/radiosite\/wp-json\/wp\/v2\/types\/post"}],"author":[{"embeddable":true,"href":"https:\/\/www.iceagetv.com\/radiosite\/wp-json\/wp\/v2\/users\/2"}],"replies":[{"embeddable":true,"href":"https:\/\/www.iceagetv.com\/radiosite\/wp-json\/wp\/v2\/comments?post=42996"}],"version-history":[{"count":1,"href":"https:\/\/www.iceagetv.com\/radiosite\/wp-json\/wp\/v2\/posts\/42996\/revisions"}],"predecessor-version":[{"id":42998,"href":"https:\/\/www.iceagetv.com\/radiosite\/wp-json\/wp\/v2\/posts\/42996\/revisions\/42998"}],"wp:featuredmedia":[{"embeddable":true,"href":"https:\/\/www.iceagetv.com\/radiosite\/wp-json\/wp\/v2\/media\/42997"}],"wp:attachment":[{"href":"https:\/\/www.iceagetv.com\/radiosite\/wp-json\/wp\/v2\/media?parent=42996"}],"wp:term":[{"taxonomy":"category","embeddable":true,"href":"https:\/\/www.iceagetv.com\/radiosite\/wp-json\/wp\/v2\/categories?post=42996"},{"taxonomy":"post_tag","embeddable":true,"href":"https:\/\/www.iceagetv.com\/radiosite\/wp-json\/wp\/v2\/tags?post=42996"}],"curies":[{"name":"wp","href":"https:\/\/api.w.org\/{rel}","templated":true}]}}