{"id":43038,"date":"2026-03-11T09:20:18","date_gmt":"2026-03-11T08:20:18","guid":{"rendered":"https:\/\/www.iceagetv.com\/radiosite\/?p=43038"},"modified":"2026-03-11T09:20:19","modified_gmt":"2026-03-11T08:20:19","slug":"au-moins-six-morts-acte-volontaire-privilegie-ce-que-lon-sait-sur-lincendie-dun-autocar-en-suisse","status":"publish","type":"post","link":"https:\/\/www.iceagetv.com\/radiosite\/au-moins-six-morts-acte-volontaire-privilegie-ce-que-lon-sait-sur-lincendie-dun-autocar-en-suisse\/","title":{"rendered":"Au moins six morts, \u00ab\u00a0acte volontaire\u00a0\u00bb privil\u00e9gi\u00e9\u2026 Ce que l&rsquo;on sait sur l&rsquo;incendie d&rsquo;un autocar en Suisse"},"content":{"rendered":"\n<p class=\"\">Un car postal, un bus de transport r\u00e9gional suisse, a pris feu dans la rue centrale de la ville de Chi\u00e8tres ce mardi 10 mars. Les autorit\u00e9s font \u00e9tat d&rsquo;au moins six morts apr\u00e8s un acte qui \u00ab\u00a0pourrait\u00a0\u00bb \u00eatre \u00ab\u00a0volontaire\u00a0\u00bb.<\/p>\n\n\n\n<p class=\"\">Un\u00a0<a href=\"https:\/\/www.bfmtv.com\/international\/europe\/suisse\/un-incendie-d-un-autocar-en-suisse-fait-plusieurs-morts-et-blesses_AD-202603100936.html\">incendie s&rsquo;est d\u00e9clar\u00e9 dans un autocar de transport r\u00e9gional<\/a>\u00a0en Suisse, aussi appel\u00e9 dans le pays car postal, ce mardi 10 mars en d\u00e9but de soir\u00e9e. Le v\u00e9hicule transportait des passagers lors du drame. Les autorit\u00e9s ont fait \u00e9tat d&rsquo;au moins six morts et cinq bless\u00e9s.&nbsp;Le car \u00ab\u00a0totalement la proie des flammes\u00a0\u00bb<\/p>\n\n\n\n<p class=\"\">L&rsquo;autocar a pris feu \u00e0 18h25 (heure locale) dans la rue centrale Murtenstrasse, sur la commune de Kerzers (Chi\u00e8tres en fran\u00e7ais), dans le canton de Fribourg, \u00e0 l&rsquo;ouest de Berne. Arriv\u00e9s sur place, les secours ont proc\u00e9d\u00e9 directement aux op\u00e9rations de sauvetage des passagers et d&rsquo;extinction du feu, en \u00e9tablissant un p\u00e9rim\u00e8tre de s\u00e9curit\u00e9.<\/p>\n\n\n\n<blockquote class=\"wp-block-quote is-layout-flow wp-block-quote-is-layout-flow\">\n<p class=\"\">\u00ab\u00a0Les forces d&rsquo;intervention qui sont intervenues sur place ont eu tr\u00e8s rapidement contact avec des personnes qui \u00e9taient paniqu\u00e9es et bless\u00e9es, qui sortaient de ce car, qui en \u00e9taient passagers\u00a0\u00bb, a rapport\u00e9 le porte-parole de la police Fr\u00e9d\u00e9ric Papaux.<\/p>\n<\/blockquote>\n\n\n\n<p class=\"\">Aucun autre v\u00e9hicule n&rsquo;a \u00e9t\u00e9 impliqu\u00e9 dans le sinistre, et le feu ne s&rsquo;est propag\u00e9 ni aux voitures alentours ni aux b\u00e2timents de la rue, bien que l&rsquo;autocar \u00e9tait \u00ab\u00a0totalement la proie des flammes\u00a0\u00bb, a soulign\u00e9 la police.<\/p>\n\n\n\n<p class=\"\">L&rsquo;intervention des secours \u00e9tait toujours en cours peu avant 23 heures.Six morts et cinq bless\u00e9s<\/p>\n\n\n\n<p class=\"\">Le nombre pr\u00e9cis de voyageurs \u00e0 bord du bus n&rsquo;a pas \u00e9t\u00e9 d\u00e9voil\u00e9, mais la police cantonale de Fribourg a annonc\u00e9 lors d&rsquo;une conf\u00e9rence de presse que six personnes avaient \u00e9t\u00e9 tu\u00e9es par l&rsquo;incendie, tandis que quatre autres passagers ont \u00e9t\u00e9 bless\u00e9s, dont trois gravement. Le cinqui\u00e8me et dernier bless\u00e9 est un secouriste, rapporte&nbsp;<a href=\"https:\/\/www.letemps.ch\/suisse\/l-incendie-d-un-car-postal-dans-le-canton-de-fribourg-fait-plusieurs-blesses\" target=\"_blank\" rel=\"noreferrer noopener\">Le Temps<\/a>.<\/p>\n\n\n\n<p class=\"\">Les trois bless\u00e9s grave ont \u00e9t\u00e9 achemin\u00e9s vers des \u00e9tablissements hospitaliers gr\u00e2ce \u00e0 des ambulances et un h\u00e9licopt\u00e8re de la Garde a\u00e9rienne suisse de sauvetage (REGA). Les deux autres bless\u00e9s ont \u00e9t\u00e9 examin\u00e9s sur place et n&rsquo;ont pas n\u00e9cessit\u00e9 d&rsquo;hospitalisation.<\/p>\n\n\n\n<h2 class=\"wp-block-heading\" id=\"1j6g\">\u2022 L&rsquo;hypoth\u00e8se d&rsquo;un acte volontaire privil\u00e9gi\u00e9<\/h2>\n\n\n\n<p class=\"\">Les causes de l&rsquo;incendie ne sont pas connues, mais la police cantonale a indiqu\u00e9 en fin de soir\u00e9e qu'\u00a0\u00bbun acte volontaire pourrait \u00eatre l&rsquo;origine de ce drame\u00a0\u00bb. \u00ab\u00a0Des t\u00e9moignages ont parl\u00e9 d\u2019une personne qui a agi sciemment avec un engin incendiaire\u00a0\u00bb, a indiqu\u00e9 l&rsquo;adjudant Fr\u00e9d\u00e9ric Papaux. Les autorit\u00e9s ne se sont pas avanc\u00e9es sur d&rsquo;\u00e9ventuelles hypoth\u00e8ses de suicide par immolation ou d&rsquo;acte terroriste.Une enqu\u00eate est en cours, a pr\u00e9cis\u00e9 la police de Fribourg dans son communiqu\u00e9. \u00ab\u00a0Une instruction p\u00e9nale a \u00e9t\u00e9 ouverte par le minist\u00e8re public, qui conduit les investigations.\u00a0\u00bb<\/p>\n\n\n\n<p class=\"\">Une \u00ab\u00a0hotline\u00a0\u00bb a \u00e9t\u00e9 ouverte par les autorit\u00e9s, destin\u00e9e aux familles des victimes mais aussi aux t\u00e9moins de l&rsquo;incendie.<\/p>\n\n\n\n<h2 class=\"wp-block-heading\" id=\"9cspr\">\u2022 La Suisse \u00ab\u00a0choqu\u00e9e\u00a0\u00bb, deux mois apr\u00e8s Crans-Montana<\/h2>\n\n\n\n<p class=\"\">L&rsquo;autocar assurait la liaison entre D\u00fcdingen (Guin en fran\u00e7ais) et Kerzers. Il provient de l&rsquo;entreprise suisse CarPostal, tr\u00e8s reconnaissable par sa couleur jaune et son klaxon tr\u00e8s reconnaissable. Il existe 2.400 cars postaux de ce type en Suisse.<\/p>\n\n\n\n<p class=\"\">Dans un communiqu\u00e9 repris par l&rsquo;agence de presse suisse ATS-Keystone, la compagnie CarPostal a r\u00e9agi \u00e0 l&rsquo;incendie et a indiqu\u00e9 qu'\u00a0\u00bbune \u00e9quipe de soutien psychologique sera \u00e0 la disposition des collaborateurs d\u00e8s\u00a0\u00bb ce mercredi. \u00ab\u00a0Cette nouvelle tragique nous touche tous profond\u00e9ment. Nos pens\u00e9es accompagnent les bless\u00e9s ainsi que les proches des personnes d\u00e9c\u00e9d\u00e9es.\u00a0\u00bbLe pr\u00e9sident de la Conf\u00e9d\u00e9ration suisse Guy Parmelin s&rsquo;est dit \u00ab\u00a0profond\u00e9ment choqu\u00e9 et attrist\u00e9 d&rsquo;apprendre qu&rsquo;une fois de plus, des personnes ont perdu la vie dans un grave incendie en Suisse\u00a0\u00bb. L&rsquo;incendie survient plus de deux mois apr\u00e8s&nbsp;<a href=\"https:\/\/www.bfmtv.com\/international\/europe\/suisse\/incendie-mortel-d-un-bar-a-crans-montana_DN-202601010278.html\">l&rsquo;incendie du Nouvel-An \u00e0 Crans-Montana<\/a>, une plaie encore ouverte pour la Suisse alors que 41 personnes y ont perdu la vie.<\/p>\n\n\n\n<p class=\"\">Le&nbsp;<a href=\"https:\/\/www.fr.ch\/dsjs\/pol\/actualites\/incendie-tragique-a-kerzers-le-conseil-detat-fribourgeois-adresse-ses-plus-sinceres-condoleances\" target=\"_blank\" rel=\"noreferrer noopener\">Conseil d&rsquo;\u00c9tat de Fribourg<\/a>&nbsp;a quant \u00e0 lui adress\u00e9 \u00ab\u00a0ses plus sinc\u00e8res condol\u00e9ances aux familles et aux proches des victimes\u00a0\u00bb, et a annonc\u00e9 tenir une conf\u00e9rence de presse en d\u00e9but d&rsquo;apr\u00e8s-midi ce mercredi 11 mars.<\/p>\n","protected":false},"excerpt":{"rendered":"<p>Un car postal, un bus de transport r\u00e9gional suisse, a pris feu dans la rue centrale de la ville de Chi\u00e8tres ce mardi 10 mars. Les autorit\u00e9s font \u00e9tat d&rsquo;au moins six morts apr\u00e8s un acte qui \u00ab\u00a0pourrait\u00a0\u00bb \u00eatre \u00ab\u00a0volontaire\u00a0\u00bb. Un\u00a0incendie s&rsquo;est d\u00e9clar\u00e9 dans un autocar de transport r\u00e9gional\u00a0en Suisse, aussi appel\u00e9 dans le pays [&hellip;]<\/p>\n","protected":false},"author":2,"featured_media":43039,"comment_status":"open","ping_status":"open","sticky":false,"template":"","format":"standard","meta":{"_jetpack_memberships_contains_paid_content":false,"footnotes":"","jetpack_publicize_message":"","jetpack_publicize_feature_enabled":true,"jetpack_social_post_already_shared":true,"jetpack_social_options":{"image_generator_settings":{"template":"highway","default_image_id":0,"font":"","enabled":false},"version":2},"_wpas_customize_per_network":false},"categories":[405],"tags":[],"class_list":["post-43038","post","type-post","status-publish","format-standard","has-post-thumbnail","hentry","category-actu-france-monde"],"jetpack_publicize_connections":[],"jetpack_featured_media_url":"https:\/\/i0.wp.com\/www.iceagetv.com\/radiosite\/wp-content\/uploads\/2026\/03\/4gD4TsPZ.jpg?fit=679%2C293&ssl=1","jetpack_sharing_enabled":true,"_links":{"self":[{"href":"https:\/\/www.iceagetv.com\/radiosite\/wp-json\/wp\/v2\/posts\/43038","targetHints":{"allow":["GET"]}}],"collection":[{"href":"https:\/\/www.iceagetv.com\/radiosite\/wp-json\/wp\/v2\/posts"}],"about":[{"href":"https:\/\/www.iceagetv.com\/radiosite\/wp-json\/wp\/v2\/types\/post"}],"author":[{"embeddable":true,"href":"https:\/\/www.iceagetv.com\/radiosite\/wp-json\/wp\/v2\/users\/2"}],"replies":[{"embeddable":true,"href":"https:\/\/www.iceagetv.com\/radiosite\/wp-json\/wp\/v2\/comments?post=43038"}],"version-history":[{"count":1,"href":"https:\/\/www.iceagetv.com\/radiosite\/wp-json\/wp\/v2\/posts\/43038\/revisions"}],"predecessor-version":[{"id":43040,"href":"https:\/\/www.iceagetv.com\/radiosite\/wp-json\/wp\/v2\/posts\/43038\/revisions\/43040"}],"wp:featuredmedia":[{"embeddable":true,"href":"https:\/\/www.iceagetv.com\/radiosite\/wp-json\/wp\/v2\/media\/43039"}],"wp:attachment":[{"href":"https:\/\/www.iceagetv.com\/radiosite\/wp-json\/wp\/v2\/media?parent=43038"}],"wp:term":[{"taxonomy":"category","embeddable":true,"href":"https:\/\/www.iceagetv.com\/radiosite\/wp-json\/wp\/v2\/categories?post=43038"},{"taxonomy":"post_tag","embeddable":true,"href":"https:\/\/www.iceagetv.com\/radiosite\/wp-json\/wp\/v2\/tags?post=43038"}],"curies":[{"name":"wp","href":"https:\/\/api.w.org\/{rel}","templated":true}]}}