{"id":43093,"date":"2026-03-13T08:25:18","date_gmt":"2026-03-13T07:25:18","guid":{"rendered":"https:\/\/www.iceagetv.com\/radiosite\/?p=43093"},"modified":"2026-03-13T08:25:22","modified_gmt":"2026-03-13T07:25:22","slug":"un-soldat-francais-est-mort-lors-dune-attaque-au-kurdistan-irakien-annonce-emmanuel-macron","status":"publish","type":"post","link":"https:\/\/www.iceagetv.com\/radiosite\/un-soldat-francais-est-mort-lors-dune-attaque-au-kurdistan-irakien-annonce-emmanuel-macron\/","title":{"rendered":"Un soldat fran\u00e7ais est mort \u00ab\u00a0lors d&rsquo;une attaque\u00a0\u00bb au Kurdistan irakien, annonce Emmanuel Macron"},"content":{"rendered":"\n<p class=\"\">Arnaud Frion est le premier soldat fran\u00e7ais tu\u00e9 depuis le d\u00e9but de la guerre au Moyen-Orient, d\u00e9clench\u00e9e par des frappes isra\u00e9lo-am\u00e9ricaines sur l&rsquo;Iran le 28 f\u00e9vrier, qui s&rsquo;est propag\u00e9e dans plusieurs pays de la r\u00e9gion.Un militaire fran\u00e7ais est mort\u00a0<em>\u00ab\u00a0lors d&rsquo;une attaque\u00a0\u00bb<\/em>\u00a0dans la r\u00e9gion d&rsquo;Erbil au Kurdistan irakien, a d\u00e9clar\u00e9 Emmanuel Macron dans la nuit du jeudi 12 au vendredi 13 mars.\u00a0<em>\u00ab\u00a0L&rsquo;adjudant-chef Arnaud Frion du 7e bataillon de chasseurs alpins de Varces est mort pour la France lors d&rsquo;une attaque dans la r\u00e9gion d&rsquo;Erbil en Irak\u00a0\u00bb,\u00a0<\/em>a-t-il \u00e9crit, confirmant que\u00a0<a href=\"https:\/\/www.franceinfo.fr\/monde\/proche-orient\/irak\/six-soldats-francais-blesses-en-irak-apres-une-attaque-de-drones_7863884.html\">plusieurs militaires fran\u00e7ais avaient \u00e9t\u00e9 bless\u00e9s<\/a>. C&rsquo;est le premier soldat fran\u00e7ais tu\u00e9 depuis le d\u00e9but de la guerre au Moyen-Orient, d\u00e9clench\u00e9e par des frappes isra\u00e9lo-am\u00e9ricaines sur l&rsquo;Iran le 28 f\u00e9vrier.<em>\u00ab\u00a0Cette attaque contre nos forces engag\u00e9es dans la lutte contre Daech depuis 2015 est inacceptable\u00a0\u00bb,\u00a0<\/em>a \u00e9crit le pr\u00e9sident fran\u00e7ais sur le r\u00e9seau social X, en r\u00e9f\u00e9rence \u00e0 l&rsquo;organisation Etat islamique, pr\u00e9cisant que la pr\u00e9sence de militaires fran\u00e7ais en Irak\u00a0<em>\u00ab\u00a0s&rsquo;inscrit dans le strict cadre de la lutte contre le terrorisme\u00a0\u00bb. \u00ab\u00a0La guerre en Iran ne saurait justifier de telles attaques\u00a0\u00bb<\/em>, a ajout\u00e9 le chef de l&rsquo;Etat dans son message.En parall\u00e8le, le groupe arm\u00e9 pro-iranien Ashab al-Kahf a annonc\u00e9 vendredi sur Telegram prendre pour cible&nbsp;<em>\u00ab\u00a0tous les int\u00e9r\u00eats fran\u00e7ais en Irak et dans la r\u00e9gion\u00a0\u00bb<\/em>&nbsp;apr\u00e8s le d\u00e9ploiement du porte-avion fran\u00e7ais&nbsp;<em>Charles-de-Gaulle&nbsp;<\/em>dans le Golfe. Le groupe a exhort\u00e9 les habitants \u00e0 rester \u00e0 au moins 500&nbsp;m d&rsquo;une base au Kurdistan irakien o\u00f9 se trouvent des militaires fran\u00e7ais, sans revendiquer directement d&rsquo;attaque.<\/p>\n\n\n\n<h2 class=\"wp-block-heading\">Des soldats pr\u00e9sents pour former les Kurdes<\/h2>\n\n\n\n<p class=\"\">Six soldats fran\u00e7ais avaient \u00e9t\u00e9 bless\u00e9s dans une<em>&nbsp;\u00ab\u00a0attaque de drones dans la r\u00e9gion d&rsquo;Erbil\u00a0\u00bb<\/em>, avait d\u00e9clar\u00e9 jeudi soir l&rsquo;\u00e9tat-major fran\u00e7ais. Ces militaires \u00e9taient<em>&nbsp;\u00ab\u00a0engag\u00e9s dans des actions de formation \u00e0 la lutte contre le terrorisme aupr\u00e8s de partenaires irakiens\u00a0\u00bb<\/em>. Selon le gouverneur d&rsquo;Erbil, la frappe ayant bless\u00e9 ces soldats a impliqu\u00e9 deux drones et a eu lieu sur une base situ\u00e9e \u00e0 Mala Qara, \u00e0 une quarantaine de kilom\u00e8tres au sud-ouest d&rsquo;Erbil. Emmanuel Macron n&rsquo;a pas explicitement pr\u00e9cis\u00e9 si Arnaud Frion faisait partie des soldats fran\u00e7ais bless\u00e9s dans cette attaque.<\/p>\n\n\n\n<p class=\"\">Dans le cadre d&rsquo;une coalition internationale antijihadiste dirig\u00e9e par les Etats-Unis, des militaires de plusieurs pays, dont l&rsquo;Italie et la France, entra\u00eenent des membres des forces de s\u00e9curit\u00e9 kurdes dans le Kurdistan irakien. Depuis le d\u00e9but de la guerre au Moyen-Orient, la r\u00e9gion autonome du Kurdistan irakien et Erbil ont essuy\u00e9 de multiples attaques imput\u00e9es \u00e0 des factions pro-iraniennes et pour la plupart neutralis\u00e9es par la d\u00e9fense antia\u00e9rienne.<\/p>\n","protected":false},"excerpt":{"rendered":"<p>Arnaud Frion est le premier soldat fran\u00e7ais tu\u00e9 depuis le d\u00e9but de la guerre au Moyen-Orient, d\u00e9clench\u00e9e par des frappes isra\u00e9lo-am\u00e9ricaines sur l&rsquo;Iran le 28 f\u00e9vrier, qui s&rsquo;est propag\u00e9e dans plusieurs pays de la r\u00e9gion.Un militaire fran\u00e7ais est mort\u00a0\u00ab\u00a0lors d&rsquo;une attaque\u00a0\u00bb\u00a0dans la r\u00e9gion d&rsquo;Erbil au Kurdistan irakien, a d\u00e9clar\u00e9 Emmanuel Macron dans la nuit du [&hellip;]<\/p>\n","protected":false},"author":2,"featured_media":43094,"comment_status":"open","ping_status":"open","sticky":false,"template":"","format":"standard","meta":{"_jetpack_memberships_contains_paid_content":false,"footnotes":"","jetpack_publicize_message":"","jetpack_publicize_feature_enabled":true,"jetpack_social_post_already_shared":true,"jetpack_social_options":{"image_generator_settings":{"template":"highway","default_image_id":0,"font":"","enabled":false},"version":2},"_wpas_customize_per_network":false},"categories":[405],"tags":[],"class_list":["post-43093","post","type-post","status-publish","format-standard","has-post-thumbnail","hentry","category-actu-france-monde"],"jetpack_publicize_connections":[],"jetpack_featured_media_url":"https:\/\/i0.wp.com\/www.iceagetv.com\/radiosite\/wp-content\/uploads\/2026\/03\/Un-soldat-francais-est-mort.jpg?fit=832%2C432&ssl=1","jetpack_sharing_enabled":true,"_links":{"self":[{"href":"https:\/\/www.iceagetv.com\/radiosite\/wp-json\/wp\/v2\/posts\/43093","targetHints":{"allow":["GET"]}}],"collection":[{"href":"https:\/\/www.iceagetv.com\/radiosite\/wp-json\/wp\/v2\/posts"}],"about":[{"href":"https:\/\/www.iceagetv.com\/radiosite\/wp-json\/wp\/v2\/types\/post"}],"author":[{"embeddable":true,"href":"https:\/\/www.iceagetv.com\/radiosite\/wp-json\/wp\/v2\/users\/2"}],"replies":[{"embeddable":true,"href":"https:\/\/www.iceagetv.com\/radiosite\/wp-json\/wp\/v2\/comments?post=43093"}],"version-history":[{"count":1,"href":"https:\/\/www.iceagetv.com\/radiosite\/wp-json\/wp\/v2\/posts\/43093\/revisions"}],"predecessor-version":[{"id":43095,"href":"https:\/\/www.iceagetv.com\/radiosite\/wp-json\/wp\/v2\/posts\/43093\/revisions\/43095"}],"wp:featuredmedia":[{"embeddable":true,"href":"https:\/\/www.iceagetv.com\/radiosite\/wp-json\/wp\/v2\/media\/43094"}],"wp:attachment":[{"href":"https:\/\/www.iceagetv.com\/radiosite\/wp-json\/wp\/v2\/media?parent=43093"}],"wp:term":[{"taxonomy":"category","embeddable":true,"href":"https:\/\/www.iceagetv.com\/radiosite\/wp-json\/wp\/v2\/categories?post=43093"},{"taxonomy":"post_tag","embeddable":true,"href":"https:\/\/www.iceagetv.com\/radiosite\/wp-json\/wp\/v2\/tags?post=43093"}],"curies":[{"name":"wp","href":"https:\/\/api.w.org\/{rel}","templated":true}]}}