{"id":43097,"date":"2026-03-13T11:43:13","date_gmt":"2026-03-13T10:43:13","guid":{"rendered":"https:\/\/www.iceagetv.com\/radiosite\/?p=43097"},"modified":"2026-03-13T11:43:16","modified_gmt":"2026-03-13T10:43:16","slug":"liran-promet-une-repression-encore-plus-cinglante-quen-janvier-en-cas-de-nouvelles-manifestations-contre-le-regime","status":"publish","type":"post","link":"https:\/\/www.iceagetv.com\/radiosite\/liran-promet-une-repression-encore-plus-cinglante-quen-janvier-en-cas-de-nouvelles-manifestations-contre-le-regime\/","title":{"rendered":"L&rsquo;Iran promet une r\u00e9pression encore \u00ab\u00a0plus cinglante\u00a0\u00bb qu&rsquo;en janvier en cas de nouvelles manifestations contre le r\u00e9gime"},"content":{"rendered":"\n<p class=\"\">Des manifestations s\u00e9v\u00e8rement r\u00e9prim\u00e9es par le r\u00e9gime s&rsquo;\u00e9taient tenues entre fin d\u00e9cembre et janvier, d&rsquo;abord contre la vie ch\u00e8re, avant de se transformer en vaste mouvement de contestation contre le pouvoir. Alors que le bilan reste difficile \u00e0 \u00e9tablir, des ONG redoutent plusieurs dizaines de milliers de morts.Les Gardiens de la R\u00e9volution iraniens ont averti, vendredi 13 mars,&nbsp;<a href=\"https:\/\/www.franceinfo.fr\/monde\/iran\/manifestations\/manifestations-en-iran-les-ong-redoutent-plusieurs-dizaines-de-milliers-de-morts_7765835.html\" target=\"_blank\" rel=\"noreferrer noopener\">que toute nouvelle manifestation contre le pouvoir donnerait lieu(Nouvelle fen\u00eatre)<\/a>&nbsp;\u00e0 une r\u00e9ponse&nbsp;<em>\u00ab\u00a0plus cinglante\u00a0\u00bb<\/em>&nbsp;qu&rsquo;en janvier, quand des milliers de personnes avaient \u00e9t\u00e9 tu\u00e9es.&nbsp;<em>\u00ab\u00a0Aujourd&rsquo;hui, l&rsquo;ennemi, incapable d&rsquo;atteindre ses objectifs militaires sur le terrain cherche de nouveau \u00e0 instiller la terreur et provoquer des \u00e9meutes\u00a0\u00bb,<\/em>&nbsp;a d\u00e9clar\u00e9 l&rsquo;arm\u00e9e id\u00e9ologique du r\u00e9gime.<\/p>\n\n\n\n<p class=\"\">La guerre a d\u00e9but\u00e9 quelques semaines seulement apr\u00e8s des manifestations sans pr\u00e9c\u00e9dent en Iran, d&rsquo;abord contre la vie ch\u00e8re, avant de se transformer en vaste mouvement de contestation contre le pouvoir. Des ONG qui \u00e9tudient&nbsp;<a href=\"https:\/\/www.franceinfo.fr\/monde\/iran\/manifestations\/repression-en-iran-le-chef-du-pouvoir-judiciaire-promet-des-proces-au-plus-vite-contre-les-manifestants-et-des-punitions-sans-la-moindre-clemence_7764446.html\">la r\u00e9pression sanglante<\/a>&nbsp;du r\u00e9gime iranien contre les manifestations&nbsp;<a href=\"https:\/\/www.franceinfo.fr\/monde\/iran\/manifestations\/manifestations-nocturnes-repression-meurtriere-coupure-d-internet-on-fait-le-point-sur-la-grande-vague-de-revolte-en-iran_7730110.html\">entre fin d\u00e9cembre<\/a>&nbsp;et janvier&nbsp;<a href=\"https:\/\/www.franceinfo.fr\/monde\/iran\/manifestations\/manifestations-en-iran-les-ong-redoutent-plusieurs-dizaines-de-milliers-de-morts_7765835.html\">redoutent plusieurs dizaines de milliers de morts<\/a>.<\/p>\n\n\n\n<p class=\"\">Le Premier ministre isra\u00e9lien Benyamin N\u00e9tanyahou a affirm\u00e9 jeudi que l&rsquo;offensive isra\u00e9lo-am\u00e9ricaine contre l&rsquo;Iran avait notamment pour objectif de donner aux Iraniens les moyens de<em>&nbsp;\u00ab\u00a0faire tomber le r\u00e9gime\u00a0\u00bb<\/em>&nbsp;de la R\u00e9publique islamique, en place depuis 1979, et qu&rsquo;Isra\u00ebl consid\u00e8re comme une menace existentielle.<\/p>\n","protected":false},"excerpt":{"rendered":"<p>Des manifestations s\u00e9v\u00e8rement r\u00e9prim\u00e9es par le r\u00e9gime s&rsquo;\u00e9taient tenues entre fin d\u00e9cembre et janvier, d&rsquo;abord contre la vie ch\u00e8re, avant de se transformer en vaste mouvement de contestation contre le pouvoir. Alors que le bilan reste difficile \u00e0 \u00e9tablir, des ONG redoutent plusieurs dizaines de milliers de morts.Les Gardiens de la R\u00e9volution iraniens ont averti, [&hellip;]<\/p>\n","protected":false},"author":2,"featured_media":43098,"comment_status":"open","ping_status":"open","sticky":false,"template":"","format":"standard","meta":{"_jetpack_memberships_contains_paid_content":false,"footnotes":"","jetpack_publicize_message":"","jetpack_publicize_feature_enabled":true,"jetpack_social_post_already_shared":true,"jetpack_social_options":{"image_generator_settings":{"template":"highway","default_image_id":0,"font":"","enabled":false},"version":2},"_wpas_customize_per_network":false},"categories":[405],"tags":[],"class_list":["post-43097","post","type-post","status-publish","format-standard","has-post-thumbnail","hentry","category-actu-france-monde"],"jetpack_publicize_connections":[],"jetpack_featured_media_url":"https:\/\/i0.wp.com\/www.iceagetv.com\/radiosite\/wp-content\/uploads\/2026\/03\/LIran-promet-une-repression.jpg?fit=840%2C461&ssl=1","jetpack_sharing_enabled":true,"_links":{"self":[{"href":"https:\/\/www.iceagetv.com\/radiosite\/wp-json\/wp\/v2\/posts\/43097","targetHints":{"allow":["GET"]}}],"collection":[{"href":"https:\/\/www.iceagetv.com\/radiosite\/wp-json\/wp\/v2\/posts"}],"about":[{"href":"https:\/\/www.iceagetv.com\/radiosite\/wp-json\/wp\/v2\/types\/post"}],"author":[{"embeddable":true,"href":"https:\/\/www.iceagetv.com\/radiosite\/wp-json\/wp\/v2\/users\/2"}],"replies":[{"embeddable":true,"href":"https:\/\/www.iceagetv.com\/radiosite\/wp-json\/wp\/v2\/comments?post=43097"}],"version-history":[{"count":1,"href":"https:\/\/www.iceagetv.com\/radiosite\/wp-json\/wp\/v2\/posts\/43097\/revisions"}],"predecessor-version":[{"id":43099,"href":"https:\/\/www.iceagetv.com\/radiosite\/wp-json\/wp\/v2\/posts\/43097\/revisions\/43099"}],"wp:featuredmedia":[{"embeddable":true,"href":"https:\/\/www.iceagetv.com\/radiosite\/wp-json\/wp\/v2\/media\/43098"}],"wp:attachment":[{"href":"https:\/\/www.iceagetv.com\/radiosite\/wp-json\/wp\/v2\/media?parent=43097"}],"wp:term":[{"taxonomy":"category","embeddable":true,"href":"https:\/\/www.iceagetv.com\/radiosite\/wp-json\/wp\/v2\/categories?post=43097"},{"taxonomy":"post_tag","embeddable":true,"href":"https:\/\/www.iceagetv.com\/radiosite\/wp-json\/wp\/v2\/tags?post=43097"}],"curies":[{"name":"wp","href":"https:\/\/api.w.org\/{rel}","templated":true}]}}