{"id":43103,"date":"2026-03-13T14:47:43","date_gmt":"2026-03-13T13:47:43","guid":{"rendered":"https:\/\/www.iceagetv.com\/radiosite\/?p=43103"},"modified":"2026-03-13T14:47:45","modified_gmt":"2026-03-13T13:47:45","slug":"jeux-paralympiques-2026-le-skieur-arthur-bauchet-decroche-lor-sur-le-slalom-geant-11e-medaille-francaise","status":"publish","type":"post","link":"https:\/\/www.iceagetv.com\/radiosite\/jeux-paralympiques-2026-le-skieur-arthur-bauchet-decroche-lor-sur-le-slalom-geant-11e-medaille-francaise\/","title":{"rendered":"Jeux paralympiques 2026 : le skieur Arthur Bauchet d\u00e9croche l&rsquo;or sur le slalom g\u00e9ant, 11e m\u00e9daille fran\u00e7aise"},"content":{"rendered":"\n<p class=\"\">Le skieur Arthur Bauchet a d\u00e9croch\u00e9 sa deuxi\u00e8me m\u00e9daille d&rsquo;or, ce vendredi 13 mars, dans l&rsquo;\u00e9preuve du slalom g\u00e9ant, aux Jeux&nbsp;paralympiques&nbsp;d\u2019hiver 2026 de Milan-Cortina. C&rsquo;est la 11e m\u00e9daille fran\u00e7aise.<\/p>\n\n\n\n<p class=\"\">Ce vendredi 13 mars, Arthur Bauchet a d\u00e9croch\u00e9 sa deuxi\u00e8me m\u00e9daille d&rsquo;or de ces\u00a0<a href=\"https:\/\/www.francebleu.fr\/auvergne-rhone-alpes\/savoie-73\/jeux-paralympiques-2026-horaires-sports-epreuves-retrouvez-le-programme-jour-par-jour-a-milan-cortina-7311047\">Jeux\u00a0paralympiques\u00a0d\u2019hiver 2026 de Milan-Cortina<\/a>\u00a0en remportant l&rsquo;\u00e9preuve du\u00a0slalom g\u00e9ant. C&rsquo;est la troisi\u00e8me m\u00e9daille de ces jeux pour le jeune skieur varois.\u00a0Jules Segers, skieur des Gets (Haute-Savoie) \u00e2g\u00e9 de 23 ans termine lui \u00e0 la 5e place.<\/p>\n\n\n\n<p class=\"\">Deuxi\u00e8me m\u00e9daille d&rsquo;or pour Arthur Bauchet<\/p>\n\n\n\n<p class=\"\">\u00c0 25 ans, Arthur Bauchet a remport\u00e9 un total de trois m\u00e9dailles dans ceux Jeux, apr\u00e8s un\u00a0<a href=\"https:\/\/www.francebleu.fr\/sports\/hiver-ski-biathlon\/jeux-paralympiques-2026-le-skieur-arthur-bauchet-medaille-d-or-sur-le-super-combine-8e-medaille-francaise-7019001\">m\u00e9daille d&rsquo;or sur le super combin\u00e9<\/a>\u00a0et une\u00a0<a href=\"https:\/\/www.francebleu.fr\/sports\/hiver-ski-biathlon\/jeux-paralympiques-2026-arthur-bauchet-decroche-l-argent-sur-la-descente-2e-medaille-francaise-3185410\">m\u00e9daille d&rsquo;argent sur la descente<\/a>. Dimanche, il tentera de compl\u00e9ter sa collection avec l&rsquo;\u00e9preuve de slalom, dont il est tenant du titre.<br>Il s&rsquo;agit de la 11e m\u00e9daille des Bleus (la 4e en or) qui n&rsquo;ont plus que deux jours de comp\u00e9titions samedi et dimanche pour tenter d&rsquo;am\u00e9liorer le r\u00e9sultat de P\u00e9kin (12 m\u00e9dailles, 7 en or) et tenter d&rsquo;entrer dans le top 4, objectif affich\u00e9 en d\u00e9but de comp\u00e9tition.<\/p>\n","protected":false},"excerpt":{"rendered":"<p>Le skieur Arthur Bauchet a d\u00e9croch\u00e9 sa deuxi\u00e8me m\u00e9daille d&rsquo;or, ce vendredi 13 mars, dans l&rsquo;\u00e9preuve du slalom g\u00e9ant, aux Jeux&nbsp;paralympiques&nbsp;d\u2019hiver 2026 de Milan-Cortina. C&rsquo;est la 11e m\u00e9daille fran\u00e7aise. Ce vendredi 13 mars, Arthur Bauchet a d\u00e9croch\u00e9 sa deuxi\u00e8me m\u00e9daille d&rsquo;or de ces\u00a0Jeux\u00a0paralympiques\u00a0d\u2019hiver 2026 de Milan-Cortina\u00a0en remportant l&rsquo;\u00e9preuve du\u00a0slalom g\u00e9ant. C&rsquo;est la troisi\u00e8me m\u00e9daille de [&hellip;]<\/p>\n","protected":false},"author":2,"featured_media":43104,"comment_status":"open","ping_status":"open","sticky":false,"template":"","format":"standard","meta":{"_jetpack_memberships_contains_paid_content":false,"footnotes":"","jetpack_publicize_message":"","jetpack_publicize_feature_enabled":true,"jetpack_social_post_already_shared":true,"jetpack_social_options":{"image_generator_settings":{"template":"highway","default_image_id":0,"font":"","enabled":false},"version":2},"_wpas_customize_per_network":false},"categories":[18],"tags":[],"class_list":["post-43103","post","type-post","status-publish","format-standard","has-post-thumbnail","hentry","category-actu-sport"],"jetpack_publicize_connections":[],"jetpack_featured_media_url":"https:\/\/i0.wp.com\/www.iceagetv.com\/radiosite\/wp-content\/uploads\/2026\/03\/le-skieur-Arthur-Bauchet.jpg?fit=860%2C464&ssl=1","jetpack_sharing_enabled":true,"_links":{"self":[{"href":"https:\/\/www.iceagetv.com\/radiosite\/wp-json\/wp\/v2\/posts\/43103","targetHints":{"allow":["GET"]}}],"collection":[{"href":"https:\/\/www.iceagetv.com\/radiosite\/wp-json\/wp\/v2\/posts"}],"about":[{"href":"https:\/\/www.iceagetv.com\/radiosite\/wp-json\/wp\/v2\/types\/post"}],"author":[{"embeddable":true,"href":"https:\/\/www.iceagetv.com\/radiosite\/wp-json\/wp\/v2\/users\/2"}],"replies":[{"embeddable":true,"href":"https:\/\/www.iceagetv.com\/radiosite\/wp-json\/wp\/v2\/comments?post=43103"}],"version-history":[{"count":1,"href":"https:\/\/www.iceagetv.com\/radiosite\/wp-json\/wp\/v2\/posts\/43103\/revisions"}],"predecessor-version":[{"id":43105,"href":"https:\/\/www.iceagetv.com\/radiosite\/wp-json\/wp\/v2\/posts\/43103\/revisions\/43105"}],"wp:featuredmedia":[{"embeddable":true,"href":"https:\/\/www.iceagetv.com\/radiosite\/wp-json\/wp\/v2\/media\/43104"}],"wp:attachment":[{"href":"https:\/\/www.iceagetv.com\/radiosite\/wp-json\/wp\/v2\/media?parent=43103"}],"wp:term":[{"taxonomy":"category","embeddable":true,"href":"https:\/\/www.iceagetv.com\/radiosite\/wp-json\/wp\/v2\/categories?post=43103"},{"taxonomy":"post_tag","embeddable":true,"href":"https:\/\/www.iceagetv.com\/radiosite\/wp-json\/wp\/v2\/tags?post=43103"}],"curies":[{"name":"wp","href":"https:\/\/api.w.org\/{rel}","templated":true}]}}