{"id":43133,"date":"2026-03-14T09:47:40","date_gmt":"2026-03-14T08:47:40","guid":{"rendered":"https:\/\/www.iceagetv.com\/radiosite\/?p=43133"},"modified":"2026-03-14T09:47:44","modified_gmt":"2026-03-14T08:47:44","slug":"on-ne-devrait-pas-partir-en-guerre-et-mourir-vive-emotion-dans-la-commune-darnaud-frion-le-soldat-francais-tue-en-irak","status":"publish","type":"post","link":"https:\/\/www.iceagetv.com\/radiosite\/on-ne-devrait-pas-partir-en-guerre-et-mourir-vive-emotion-dans-la-commune-darnaud-frion-le-soldat-francais-tue-en-irak\/","title":{"rendered":"On ne devrait pas partir en guerre et mourir\u00a0\u00bb : vive \u00e9motion dans la commune d&rsquo;Arnaud Frion, le soldat fran\u00e7ais tu\u00e9 en Irak"},"content":{"rendered":"\n<p class=\"\">Arnaud Frion, tu\u00e9 au Kurdistan irakien par une frappe de drone iranien, faisait partie du 7\u1d49 bataillon des chasseurs alpins de Varces. Son corps devrait \u00eatre rapatri\u00e9 en France dans les prochains jours.C&rsquo;est une \u00ab\u00a0profonde tristesse\u00a0\u00bb qui a touch\u00e9 la commune de Varces, en Is\u00e8re, apr\u00e8s l&rsquo;annonce de la mort d&rsquo;Arnaud Frion, sous-officier de 42 ans, tu\u00e9 par une frappe iranienne sur\u00a0<a href=\"https:\/\/www.rtl.fr\/actu\/international\/guerre-en-iran-pourquoi-des-militaires-francais-se-trouvent-en-irak-ou-un-soldat-a-ete-tue-7900611778\">une base fran\u00e7aise au Kurdistan irakien<\/a>. Arnaud Frion y faisait partie du 7\u1d49\u00a0bataillon des chasseurs alpins de Varces, et m\u00eame si les habitants y ont l&rsquo;habitude de voir des militaires partir en mission, ils redoutent toujours ce genre de mauvaise nouvelle.\u00a0\u00ab\u00a0On est malheureusement souvent concern\u00e9, parce que c&rsquo;est des r\u00e9giments qui se d\u00e9placent \u00e0 l&rsquo;\u00e9tranger, et aujourd&rsquo;hui c&rsquo;est tr\u00e8s triste, surtout pour les familles\u00a0\u00bb, d\u00e9clare Jean-Pierre, un habitant de la commune. Devant la caserne, le drapeau a \u00e9t\u00e9 mis en berne, et les habitants s&rsquo;arr\u00eatent parfois quelques minutes en passant. \u00ab\u00a0\u00c7a me touche \u00e9norm\u00e9ment, moi qui ai vu construire la caserne,\u00a0\u00bb souffle Marie-France, retrait\u00e9e, au micro de RTL. \u00ab\u00a0\u00c7a fait mal au c\u0153ur, ces jeunes qui partent, cette ambiance de guerre tout autour de nous.\u00a0\u00bb&nbsp;<br>Eliane, coiffeuse de la commune dont le fils \u00e9tait lui-m\u00eame militaire, imagine bien la douleur de la famille d&rsquo;Arnaud Frion : \u00ab\u00a0Je sais ce que c&rsquo;est quand un fils ou un p\u00e8re part, c&rsquo;est compliqu\u00e9. C&rsquo;est bien dommage qu&rsquo;il arrive ces choses-l\u00e0 en ce moment.<\/p>\n\n\n\n<h3 class=\"wp-block-heading\">Une c\u00e9r\u00e9monie d&rsquo;hommage dans les prochains jours<\/h3>\n\n\n\n<p class=\"\">S&rsquo;il \u00e9tait bas\u00e9 \u00e0 Varces, Arnaud Frion \u00e9tait originaire de la commune de Roye, dans la Somme. La maire, Delphine Delanoy, y a re\u00e7u vendredi les parents et le fr\u00e8re du sous-officier. \u00ab\u00a0Il y a peu de mots qui peuvent d\u00e9crire\u00a0\u00bb la peine de la famille, d\u00e9clare-t-elle aupr\u00e8s de RTL. \u00ab\u00a0J&rsquo;ai trouv\u00e9 une famille qui vit l&rsquo;inentendable, l&rsquo;inacceptable : la perte d&rsquo;un enfant.\u00a0\u00bbL&rsquo;\u00e9lue \u00e9voque une famille \u00ab\u00a0sous le choc, sid\u00e9r\u00e9e,\u00a0\u00bb et d\u00e9crit un \u00ab\u00a0sentiment de col\u00e8re\u00a0\u00bb face \u00e0 \u00ab\u00a0tout ce qu&rsquo;il se passe dans le monde aujourd&rsquo;hui\u00a0\u00bb : \u00ab\u00a0On ne devrait pas partir en guerre et mourir,\u00a0\u00bb d\u00e9clare l&rsquo;\u00e9dile, qui ajoute qu&rsquo;aujourd&rsquo;hui, \u00ab\u00a0la commune enti\u00e8re est en deuil\u00a0\u00bb.\u00a0<\/p>\n","protected":false},"excerpt":{"rendered":"<p>Arnaud Frion, tu\u00e9 au Kurdistan irakien par une frappe de drone iranien, faisait partie du 7\u1d49 bataillon des chasseurs alpins de Varces. Son corps devrait \u00eatre rapatri\u00e9 en France dans les prochains jours.C&rsquo;est une \u00ab\u00a0profonde tristesse\u00a0\u00bb qui a touch\u00e9 la commune de Varces, en Is\u00e8re, apr\u00e8s l&rsquo;annonce de la mort d&rsquo;Arnaud Frion, sous-officier de 42 [&hellip;]<\/p>\n","protected":false},"author":2,"featured_media":43134,"comment_status":"open","ping_status":"open","sticky":false,"template":"","format":"standard","meta":{"_jetpack_memberships_contains_paid_content":false,"footnotes":"","jetpack_publicize_message":"","jetpack_publicize_feature_enabled":true,"jetpack_social_post_already_shared":true,"jetpack_social_options":{"image_generator_settings":{"template":"highway","default_image_id":0,"font":"","enabled":false},"version":2},"_wpas_customize_per_network":false},"categories":[405],"tags":[],"class_list":["post-43133","post","type-post","status-publish","format-standard","has-post-thumbnail","hentry","category-actu-france-monde"],"jetpack_publicize_connections":[],"jetpack_featured_media_url":"https:\/\/i0.wp.com\/www.iceagetv.com\/radiosite\/wp-content\/uploads\/2026\/03\/1823719-arnaud-frion-le-sous-officier-francais-tue-par-une-frappe-iranienne-au-kurdistant-irakien.jpg?fit=1155%2C769&ssl=1","jetpack_sharing_enabled":true,"_links":{"self":[{"href":"https:\/\/www.iceagetv.com\/radiosite\/wp-json\/wp\/v2\/posts\/43133","targetHints":{"allow":["GET"]}}],"collection":[{"href":"https:\/\/www.iceagetv.com\/radiosite\/wp-json\/wp\/v2\/posts"}],"about":[{"href":"https:\/\/www.iceagetv.com\/radiosite\/wp-json\/wp\/v2\/types\/post"}],"author":[{"embeddable":true,"href":"https:\/\/www.iceagetv.com\/radiosite\/wp-json\/wp\/v2\/users\/2"}],"replies":[{"embeddable":true,"href":"https:\/\/www.iceagetv.com\/radiosite\/wp-json\/wp\/v2\/comments?post=43133"}],"version-history":[{"count":1,"href":"https:\/\/www.iceagetv.com\/radiosite\/wp-json\/wp\/v2\/posts\/43133\/revisions"}],"predecessor-version":[{"id":43135,"href":"https:\/\/www.iceagetv.com\/radiosite\/wp-json\/wp\/v2\/posts\/43133\/revisions\/43135"}],"wp:featuredmedia":[{"embeddable":true,"href":"https:\/\/www.iceagetv.com\/radiosite\/wp-json\/wp\/v2\/media\/43134"}],"wp:attachment":[{"href":"https:\/\/www.iceagetv.com\/radiosite\/wp-json\/wp\/v2\/media?parent=43133"}],"wp:term":[{"taxonomy":"category","embeddable":true,"href":"https:\/\/www.iceagetv.com\/radiosite\/wp-json\/wp\/v2\/categories?post=43133"},{"taxonomy":"post_tag","embeddable":true,"href":"https:\/\/www.iceagetv.com\/radiosite\/wp-json\/wp\/v2\/tags?post=43133"}],"curies":[{"name":"wp","href":"https:\/\/api.w.org\/{rel}","templated":true}]}}