{"id":43140,"date":"2026-03-14T13:46:52","date_gmt":"2026-03-14T12:46:52","guid":{"rendered":"https:\/\/www.iceagetv.com\/radiosite\/?p=43140"},"modified":"2026-03-14T13:46:54","modified_gmt":"2026-03-14T12:46:54","slug":"municipales-j-1-avant-un-premier-tour-a-fort-suspense-dans-les-grandes-villes","status":"publish","type":"post","link":"https:\/\/www.iceagetv.com\/radiosite\/municipales-j-1-avant-un-premier-tour-a-fort-suspense-dans-les-grandes-villes\/","title":{"rendered":"Municipales: J-1 avant un premier tour \u00e0 fort suspense dans les grandes villes"},"content":{"rendered":"\n<p class=\"\"><strong>J-1 avant le scrutin: la campagne des municipales est suspendue samedi pour une p\u00e9riode de r\u00e9serve, cens\u00e9e permettre aux \u00e9lecteurs de se d\u00e9cider avant d&rsquo;aller aux urnes dimanche, pour un scrutin tr\u00e8s ind\u00e9cis dans plusieurs grandes villes.<\/strong>Quelque 48,7&nbsp;millions d&rsquo;\u00e9lecteurs seront appel\u00e9s \u00e0 d\u00e9partager environ 900.000 candidats, sur quelque 50.000 listes. Les \u00e9lecteurs de Nouvelle-Cal\u00e9donie ouvriront le bal ce samedi d\u00e8s 22H00, heure de Paris &#8211; il sera alors dimanche 08H00 dans l&rsquo;archipel.<\/p>\n\n\n\n<p class=\"\">Sur le march\u00e9 de Toulouse, Stella, une Italienne de 32 ans inscrite, comme quelque 358.000 Europ\u00e9ens sur les listes \u00e9lectorales, explique que son choix se fera loin des enjeux partisans \u00ab\u00a0vraiment sur le programme\u00a0\u00bb avec deux questions, selon elle, les transports en commun et le verdissement de la ville. \u00ab\u00a0Pour ma g\u00e9n\u00e9ration, voter est un devoir\u00a0\u00bb, souligne Dominique, retrait\u00e9 de 80 ans, qui d\u00e9plore toutefois le trop grand nombre de listes &#8211; pas moins de dix &#8211; sur la ligne de d\u00e9part cette ann\u00e9e, ce qui cr\u00e9e de la confusion sur \u00ab\u00a0l&rsquo;orientation\u00a0\u00bb r\u00e9elle des candidats.<\/p>\n\n\n\n<p class=\"\">Guillaume, 47 ans, employ\u00e9 chez Decathlon, ira aussi voter \u00e0 Villeneuve d\u2019Ascq (Nord) pour cette \u00e9lection qui \u00ab\u00a0nous concerne au plus pr\u00e8s\u00a0\u00bb, m\u00eame si elle est \u00ab\u00a0\u00e9cras\u00e9e&nbsp;par l\u2019actualit\u00e9 internationale\u00a0\u00bb avec la guerre au Moyen-Orient.<\/p>\n\n\n\n<p class=\"\">En revanche, \u00e0 Lille, Kevin, trentenaire employ\u00e9 dans le service public, a \u00ab\u00a0beaucoup de mal \u00e0 s&rsquo;identifier aux partis\u00a0\u00bb et d\u00e9cid\u00e9 de ne pas se rendre dans l&rsquo;isoloir, contrairement \u00e0 la pr\u00e9sidentielle de 2022 o\u00f9 il s&rsquo;\u00e9tait d\u00e9plac\u00e9 \u00ab\u00a0contre les populismes\u00a0\u00bb. &nbsp;<\/p>\n\n\n\n<p class=\"\">Les municipales se feront \u00e0 deux vitesses.<\/p>\n\n\n\n<p class=\"\">Pr\u00e8s de 93% des communes, avec seulement une ou deux listes, devraient conna\u00eetre leur maire, dimanche, d\u00e8s le premier tour.<\/p>\n\n\n\n<p class=\"\">Mais le suspense devrait rester entier jusqu&rsquo;au second tour du 22 mars pour de nombreuses grandes villes.<\/p>\n\n\n\n<p class=\"\">A Paris, Emmanuel Gr\u00e9goire (PS), qui brigue la succession d&rsquo;Anne Hidalgo, et Rachida Dati (Les R\u00e9publicains) sont donn\u00e9s en t\u00eate. Mais Pierre-Yves Bournazel (Horizons), Sophia Chikirou (LFI) et Sarah Knafo (Reconqu\u00eate) esp\u00e8rent tous atteindre la barre des 10% pour se qualifier, et ouvrir la porte \u00e0 une quinquangulaire au second tour.<\/p>\n\n\n\n<p class=\"\">Se posera alors, comme dans beaucoup d&rsquo;autres communes, la question des alliances et d\u00e9sistements d&rsquo;entre-deux-tours.&nbsp;<\/p>\n\n\n\n<p class=\"\">A gauche, l&rsquo;inimiti\u00e9 entre socialistes et insoumis fait peser un risque de bascule sur certaines villes.&nbsp;<\/p>\n\n\n\n<p class=\"\">De l&rsquo;autre c\u00f4t\u00e9 de l&rsquo;\u00e9chiquier politique, l&rsquo;extr\u00eame droite entend bien supplanter \u00e0 certains endroits la droite ou faire tomber un cordon sanitaire et l&rsquo;aspirer dans une alliance.<\/p>\n\n\n\n<p class=\"\">Le Rassemblement national, qui entend progresser en allant ravir des villes comme Toulon, esp\u00e8re m\u00eame cr\u00e9er la surprise \u00e0 Marseille, en prenant la ville au sortant Beno\u00eet Payan. Ce dernier, \u00e0 la t\u00eate d&rsquo;une coalition gauche-\u00e9colos-soci\u00e9t\u00e9 civile, et le candidat lep\u00e9niste, Franck Allisio, font la course en t\u00eate dans les sondages, devant la candidate de la droite et du centre, Martine Vassal, et l&rsquo;Insoumis S\u00e9bastien Delogu, qui pourraient toutefois acc\u00e9der au second tour.<\/p>\n\n\n\n<p class=\"\">&#8211; \u00ab\u00a0Enjeu national\u00a0\u00bb &#8211;<\/p>\n\n\n\n<p class=\"\">Parmi les grands vainqueurs de 2020, les Ecologistes sont cette fois sur la d\u00e9fensive dans plusieurs fiefs comme Strasbourg ou Lyon. L&rsquo;ancien patron de l&rsquo;OL et candidat de la droite et des macronistes, Jean-Michel Aulas, a \u00e9t\u00e9 longtemps donn\u00e9 victorieux, mais les derniers sondages laissent augurer une possible remont\u00e9e du sortant \u00e9cologiste Gr\u00e9gory Doucet.<\/p>\n\n\n\n<p class=\"\">A l&rsquo;inverse, le parti pr\u00e9sidentiel Renaissance, qui n&rsquo;a jamais vraiment r\u00e9ussi \u00e0 percer aux municipales depuis l&rsquo;\u00e9lection d&rsquo;Emmanuel Macron, tentera de gagner quelques villes comme Bordeaux, tenue par les \u00e9cologistes. Sa principale chance de succ\u00e8s reste \u00e0 Annecy.<\/p>\n\n\n\n<p class=\"\">Quant aux Insoumis, s&rsquo;ils se montrent volontairement mesur\u00e9s dans leurs ambitions, ils esp\u00e8rent bien ravir Roubaix (Nord), voire cr\u00e9er la surprise dans certaines villes franciliennes ou \u00e0 Limoges, mais surtout planter des graines pour progresser au niveau national.<\/p>\n\n\n\n<p class=\"\">Apr\u00e8s une participation anormalement faible en 2020 \u00e0 cause de l&rsquo;\u00e9pid\u00e9mie de Covid-19, le taux d&rsquo;abstention reste la grande inconnue, les pr\u00e9visions de instituts de sondage diff\u00e9rant sur la question.&nbsp;<\/p>\n\n\n\n<p class=\"\">Par la force du calendrier, le scrutin municipal aura des allures de r\u00e9p\u00e9tition pour les forces politiques, \u00e0 un an de la pr\u00e9sidentielle de 2027.<\/p>\n\n\n\n<p class=\"\">Peut-\u00eatre encore davantage pour le maire (Horizons) du Havre, Edouard Philippe, qui brigue sa r\u00e9\u00e9lection, et qui en a fait le pr\u00e9requis pour poursuivre sa candidature \u00e0 l&rsquo;Elys\u00e9e. L&rsquo;ex-Premier ministre s&rsquo;attend \u00e0 un scrutin \u00ab\u00a0serr\u00e9\u00a0\u00bb avec son adversaire communiste Jean-Paul Lecoq.<\/p>\n","protected":false},"excerpt":{"rendered":"<p>J-1 avant le scrutin: la campagne des municipales est suspendue samedi pour une p\u00e9riode de r\u00e9serve, cens\u00e9e permettre aux \u00e9lecteurs de se d\u00e9cider avant d&rsquo;aller aux urnes dimanche, pour un scrutin tr\u00e8s ind\u00e9cis dans plusieurs grandes villes.Quelque 48,7&nbsp;millions d&rsquo;\u00e9lecteurs seront appel\u00e9s \u00e0 d\u00e9partager environ 900.000 candidats, sur quelque 50.000 listes. Les \u00e9lecteurs de Nouvelle-Cal\u00e9donie ouvriront [&hellip;]<\/p>\n","protected":false},"author":2,"featured_media":43141,"comment_status":"open","ping_status":"open","sticky":false,"template":"","format":"standard","meta":{"_jetpack_memberships_contains_paid_content":false,"footnotes":"","jetpack_publicize_message":"","jetpack_publicize_feature_enabled":true,"jetpack_social_post_already_shared":true,"jetpack_social_options":{"image_generator_settings":{"template":"highway","default_image_id":0,"font":"","enabled":false},"version":2},"_wpas_customize_per_network":false},"categories":[405],"tags":[],"class_list":["post-43140","post","type-post","status-publish","format-standard","has-post-thumbnail","hentry","category-actu-france-monde"],"jetpack_publicize_connections":[],"jetpack_featured_media_url":"https:\/\/i0.wp.com\/www.iceagetv.com\/radiosite\/wp-content\/uploads\/2026\/03\/V_TazcZq.jpg?fit=679%2C452&ssl=1","jetpack_sharing_enabled":true,"_links":{"self":[{"href":"https:\/\/www.iceagetv.com\/radiosite\/wp-json\/wp\/v2\/posts\/43140","targetHints":{"allow":["GET"]}}],"collection":[{"href":"https:\/\/www.iceagetv.com\/radiosite\/wp-json\/wp\/v2\/posts"}],"about":[{"href":"https:\/\/www.iceagetv.com\/radiosite\/wp-json\/wp\/v2\/types\/post"}],"author":[{"embeddable":true,"href":"https:\/\/www.iceagetv.com\/radiosite\/wp-json\/wp\/v2\/users\/2"}],"replies":[{"embeddable":true,"href":"https:\/\/www.iceagetv.com\/radiosite\/wp-json\/wp\/v2\/comments?post=43140"}],"version-history":[{"count":1,"href":"https:\/\/www.iceagetv.com\/radiosite\/wp-json\/wp\/v2\/posts\/43140\/revisions"}],"predecessor-version":[{"id":43142,"href":"https:\/\/www.iceagetv.com\/radiosite\/wp-json\/wp\/v2\/posts\/43140\/revisions\/43142"}],"wp:featuredmedia":[{"embeddable":true,"href":"https:\/\/www.iceagetv.com\/radiosite\/wp-json\/wp\/v2\/media\/43141"}],"wp:attachment":[{"href":"https:\/\/www.iceagetv.com\/radiosite\/wp-json\/wp\/v2\/media?parent=43140"}],"wp:term":[{"taxonomy":"category","embeddable":true,"href":"https:\/\/www.iceagetv.com\/radiosite\/wp-json\/wp\/v2\/categories?post=43140"},{"taxonomy":"post_tag","embeddable":true,"href":"https:\/\/www.iceagetv.com\/radiosite\/wp-json\/wp\/v2\/tags?post=43140"}],"curies":[{"name":"wp","href":"https:\/\/api.w.org\/{rel}","templated":true}]}}