{"id":4315,"date":"2016-04-13T16:51:26","date_gmt":"2016-04-13T16:51:26","guid":{"rendered":"http:\/\/www.iceagetv.com\/radiosite\/?p=4315"},"modified":"2016-04-13T16:51:26","modified_gmt":"2016-04-13T16:51:26","slug":"karim-benzema-annonce-quil-ne-sera-selectionne-a-leuro","status":"publish","type":"post","link":"https:\/\/www.iceagetv.com\/radiosite\/karim-benzema-annonce-quil-ne-sera-selectionne-a-leuro\/","title":{"rendered":"Karim Benzema annonce qu&rsquo;il ne sera pas s\u00e9lectionn\u00e9 \u00e0 l&rsquo;Euro"},"content":{"rendered":"<p>\n\tKarim Benzema a annonc&eacute; sur son compte twitter qu&#39;il ne ferait pas l&#39;Euro 2016. Alors que la FFF doit annoncer d&#39;ici au 15 avril si l&#39;attaquant du Real Madrid redevient ou non s&eacute;lectionnable en Bleu, l&#39;attaquant des Bleus a pris les devants. &quot;Malheureusement pour moi et pour tous ceux qui m&#39;ont toujours soutenu et support&eacute;. Je ne serai pas s&eacute;lectionn&eacute; pour notre Euro en France&quot;, &eacute;crit-il.\n<\/p>\n<p>\n\tPas d&#39;Euro pour Benzema. Apr&egrave;s des mois de pol&eacute;mique, la sentence est tomb&eacute;e : Karim Benzema ne disputera pas l&#39;Euro en juin prochain. Ce n&#39;est pas la FFF qui l&#39;a annonc&eacute;e comme attendu mais le joueur lui-m&ecirc;me via son compte Twitter : &quot;Malheureusement pour moi et pour tous ceux qui m&#39;ont toujours soutenu et support&eacute;. Je ne serai pas s&eacute;lectionn&eacute; pour notre Euro en France.&quot;&nbsp;Benzema a court-circuit&eacute; la communication de No&euml;l Le Gra&euml;t qui voulait d&eacute;voiler sa d&eacute;cision dans la soir&eacute;e.Pris de court, la FFF a publi&eacute; un communiqu&eacute; quelques minutes apr&egrave;s le tweet de l&#39;ancien Lyonnais. Elle a justifi&eacute; sa d&eacute;cision en se pla&ccedil;ant sur le terrain de l&#39;exemplarit&eacute; : &quot;La capacit&eacute; des joueurs &agrave; &oelig;uvrer dans le sens de l&#39;unit&eacute;, au sein et autour du groupe, l&#39;exemplarit&eacute; et la pr&eacute;servation du groupe sont &eacute;galement prises en compte par l&#39;ensemble des s&eacute;lectionneurs de la F&eacute;d&eacute;ration&quot;, a indiqu&eacute; la 3F. &quot;Il en r&eacute;sulte que No&euml;l Le Gra&euml;t et Didier Deschamps ont d&eacute;cid&eacute; que Karim Benzema ne pourra pas participer &agrave; l&#39;Euro 2016.&quot;\n<\/p>\n<p>\n\tLe Gra&euml;t et Deschamps ont chang&eacute; d&#39;avis\n<\/p>\n<p>\n\tPar ailleurs, la FFF, qui a &quot;eu acc&egrave;s, en sa qualit&eacute; de partie civile dans l&#39;affaire de la tentative de chantage &agrave; l&#39;encontre de Mathieu Valbuena, au contenu du dossier d&#39;instruction&quot;, estime que &quot;les &eacute;l&eacute;ments actuellement disponibles dans ce dossier ne permettent pas d&#39;&eacute;tablir clairement l&#39;implication des diff&eacute;rents acteurs, notamment celle de M. Benzema&quot;. &quot;Il reviendra &agrave; la justice d&#39;&eacute;tablir les responsabilit&eacute;s des protagonistes&quot;, conclut la 3F sur le volet judiciaire.\n<\/p>\n<p>\n\tAlors que, depuis quelques semaines, la tendance dessinait un retour du Madril&egrave;ne dans le groupe tricolore, cette d&eacute;cision marque un vrai changement de cap. No&euml;l Le Gra&euml;t a toujours prot&eacute;g&eacute; Benzema et Deschamps n&#39;a jamais cach&eacute; son pragmatisme dans ce dossier : &quot;Sur le plan sportif, j&#39;ai envie d&#39;avoir les meilleurs joueurs. Vous n&#39;&ecirc;tes pas attaquant du Real pendant cinq ans avec&nbsp;Mourinho,&nbsp;Ancelotti, Benitez ou Zidane comme &ccedil;a. Tous les pays nous l&#39;envient&quot;, glissait-il encore d&eacute;but mars\n<\/p>\n<p>\n\tUn mois plus tard, le communiqu&eacute; de la FFF a pris une autre direction : &quot;Le pr&eacute;sident et le s&eacute;lectionneur tiennent &agrave; rappeler que la performance sportive est un crit&egrave;re important mais pas exclusif pour d&eacute;cider de la s&eacute;lection au sein de l&rsquo;&eacute;quipe de France.&quot; Les deux matches amicaux face aux Pays-Bas (2-3) et &agrave; la Russie (4-2), le festival offensif, la communion avec le public et la d&eacute;fiance de l&#39;opinion publique envers l&#39;attaquant du Real ont sans doute convaincu le pr&eacute;sident Le Gra&euml;t et son s&eacute;lectionneur de changer d&#39;avis. L&#39;&eacute;quipe de France disputera donc son Euro sans son meilleur attaquant.<\/p>\n","protected":false},"excerpt":{"rendered":"<p>Karim Benzema a annonc&eacute; sur son compte twitter qu&#39;il ne ferait pas l&#39;Euro 2016. Alors que la FFF doit annoncer d&#39;ici au 15 avril si l&#39;attaquant du Real Madrid redevient ou non s&eacute;lectionnable en Bleu, l&#39;attaquant des Bleus a pris les devants. &quot;Malheureusement pour moi et pour tous ceux qui m&#39;ont toujours soutenu et support&eacute;. [&hellip;]<\/p>\n","protected":false},"author":2,"featured_media":4317,"comment_status":"open","ping_status":"open","sticky":false,"template":"","format":"standard","meta":{"_jetpack_memberships_contains_paid_content":false,"footnotes":"","jetpack_publicize_message":"","jetpack_publicize_feature_enabled":true,"jetpack_social_post_already_shared":false,"jetpack_social_options":{"image_generator_settings":{"template":"highway","default_image_id":0,"font":"","enabled":false},"version":2},"_wpas_customize_per_network":false},"categories":[18],"tags":[1001],"class_list":["post-4315","post","type-post","status-publish","format-standard","has-post-thumbnail","hentry","category-actu-sport","tag-karim-benzema"],"jetpack_publicize_connections":[],"jetpack_featured_media_url":"https:\/\/i0.wp.com\/www.iceagetv.com\/radiosite\/wp-content\/uploads\/2016\/04\/euro-2016.jpg?fit=1500%2C843&ssl=1","jetpack_sharing_enabled":true,"_links":{"self":[{"href":"https:\/\/www.iceagetv.com\/radiosite\/wp-json\/wp\/v2\/posts\/4315","targetHints":{"allow":["GET"]}}],"collection":[{"href":"https:\/\/www.iceagetv.com\/radiosite\/wp-json\/wp\/v2\/posts"}],"about":[{"href":"https:\/\/www.iceagetv.com\/radiosite\/wp-json\/wp\/v2\/types\/post"}],"author":[{"embeddable":true,"href":"https:\/\/www.iceagetv.com\/radiosite\/wp-json\/wp\/v2\/users\/2"}],"replies":[{"embeddable":true,"href":"https:\/\/www.iceagetv.com\/radiosite\/wp-json\/wp\/v2\/comments?post=4315"}],"version-history":[{"count":1,"href":"https:\/\/www.iceagetv.com\/radiosite\/wp-json\/wp\/v2\/posts\/4315\/revisions"}],"predecessor-version":[{"id":4318,"href":"https:\/\/www.iceagetv.com\/radiosite\/wp-json\/wp\/v2\/posts\/4315\/revisions\/4318"}],"wp:featuredmedia":[{"embeddable":true,"href":"https:\/\/www.iceagetv.com\/radiosite\/wp-json\/wp\/v2\/media\/4317"}],"wp:attachment":[{"href":"https:\/\/www.iceagetv.com\/radiosite\/wp-json\/wp\/v2\/media?parent=4315"}],"wp:term":[{"taxonomy":"category","embeddable":true,"href":"https:\/\/www.iceagetv.com\/radiosite\/wp-json\/wp\/v2\/categories?post=4315"},{"taxonomy":"post_tag","embeddable":true,"href":"https:\/\/www.iceagetv.com\/radiosite\/wp-json\/wp\/v2\/tags?post=4315"}],"curies":[{"name":"wp","href":"https:\/\/api.w.org\/{rel}","templated":true}]}}