{"id":43176,"date":"2026-03-15T15:41:48","date_gmt":"2026-03-15T14:41:48","guid":{"rendered":"https:\/\/www.iceagetv.com\/radiosite\/?p=43176"},"modified":"2026-03-15T15:41:50","modified_gmt":"2026-03-15T14:41:50","slug":"pas-de-calais-que-sait-on-de-ces-deux-freres-qui-prevoyaient-une-attaque-particulierement-dangereuse-visant-des-personnes-de-confession-juive-ou-des-lieux-lies-a-la-communaute-juive","status":"publish","type":"post","link":"https:\/\/www.iceagetv.com\/radiosite\/pas-de-calais-que-sait-on-de-ces-deux-freres-qui-prevoyaient-une-attaque-particulierement-dangereuse-visant-des-personnes-de-confession-juive-ou-des-lieux-lies-a-la-communaute-juive\/","title":{"rendered":"Pas-de-Calais : Que sait-on de ces deux fr\u00e8res qui pr\u00e9voyaient une attaque \u00ab\u00a0particuli\u00e8rement dangereuse\u00a0\u00bb visant des personnes de confession juive ou des lieux li\u00e9s \u00e0 la communaut\u00e9 juive ?"},"content":{"rendered":"\n<p class=\"\">Deux fr\u00e8res ont \u00e9t\u00e9 pr\u00e9sent\u00e9s \u00e0 un juge antiterroriste apr\u00e8s leur interpellation dans le Pas-de-Calais, soup\u00e7onn\u00e9s d\u2019avoir pr\u00e9par\u00e9 un projet d\u2019attaque qualifi\u00e9 par les enqu\u00eateurs de \u00ab mortif\u00e8re et antis\u00e9mite \u00bb. L\u2019affaire, r\u00e9v\u00e9l\u00e9e ces derniers jours, a \u00e9t\u00e9 prise en charge par le Parquet national antiterroriste (PNAT).<\/p>\n\n\n\n<p class=\"\">Les deux suspects, jeunes hommes originaires de la r\u00e9gion, ont \u00e9t\u00e9 arr\u00eat\u00e9s lors d\u2019une op\u00e9ration men\u00e9e par la DGSI apr\u00e8s plusieurs semaines de surveillance.<\/p>\n\n\n\n<p class=\"\">Les services de renseignement avaient rep\u00e9r\u00e9 des \u00e9changes inqui\u00e9tants sur internet et des recherches li\u00e9es \u00e0 la fabrication d\u2019explosifs et \u00e0 des cibles juives.<\/p>\n\n\n\n<p class=\"\">Selon les premiers \u00e9l\u00e9ments de l\u2019enqu\u00eate, les deux fr\u00e8res auraient envisag\u00e9 une action violente visant des personnes de confession juive ou des lieux li\u00e9s \u00e0 la communaut\u00e9 juive. Les enqu\u00eateurs parlent d\u2019un projet particuli\u00e8rement dangereux, susceptible de provoquer de nombreuses victimes.<\/p>\n\n\n\n<p class=\"\">Lors des perquisitions men\u00e9es \u00e0 leur domicile, les policiers ont saisi du mat\u00e9riel informatique, des documents et divers \u00e9l\u00e9ments pouvant servir \u00e0 la pr\u00e9paration d\u2019une attaque.<\/p>\n\n\n\n<p class=\"\">Les analyses sont toujours en cours afin de d\u00e9terminer pr\u00e9cis\u00e9ment l\u2019\u00e9tat d\u2019avancement du projet.<\/p>\n\n\n\n<p class=\"\">Plac\u00e9s en garde \u00e0 vue antiterroriste, les deux hommes ont \u00e9t\u00e9 longuement interrog\u00e9s par les enqu\u00eateurs. \u00c0 l\u2019issue de ces auditions, ils ont \u00e9t\u00e9 pr\u00e9sent\u00e9s \u00e0 un juge d\u2019instruction sp\u00e9cialis\u00e9 dans les affaires de terrorisme en vue d\u2019une possible mise en examen.<\/p>\n\n\n\n<p class=\"\">La justice doit d\u00e9sormais d\u00e9cider des suites judiciaires, notamment d\u2019une mise en examen pour association de malfaiteurs terroriste et d\u2019un \u00e9ventuel placement en d\u00e9tention provisoire.<\/p>\n\n\n\n<p class=\"\">Cette affaire intervient dans un contexte de vigilance renforc\u00e9e des services antiterroristes en France, particuli\u00e8rement face aux menaces visant la communaut\u00e9 juive. Les autorit\u00e9s rappellent que plusieurs projets d\u2019attentats ont d\u00e9j\u00e0 \u00e9t\u00e9 d\u00e9jou\u00e9s ces derni\u00e8res ann\u00e9es gr\u00e2ce au travail de surveillance des services de renseignement.<\/p>\n","protected":false},"excerpt":{"rendered":"<p>Deux fr\u00e8res ont \u00e9t\u00e9 pr\u00e9sent\u00e9s \u00e0 un juge antiterroriste apr\u00e8s leur interpellation dans le Pas-de-Calais, soup\u00e7onn\u00e9s d\u2019avoir pr\u00e9par\u00e9 un projet d\u2019attaque qualifi\u00e9 par les enqu\u00eateurs de \u00ab mortif\u00e8re et antis\u00e9mite \u00bb. L\u2019affaire, r\u00e9v\u00e9l\u00e9e ces derniers jours, a \u00e9t\u00e9 prise en charge par le Parquet national antiterroriste (PNAT). Les deux suspects, jeunes hommes originaires de la [&hellip;]<\/p>\n","protected":false},"author":2,"featured_media":43177,"comment_status":"open","ping_status":"open","sticky":false,"template":"","format":"standard","meta":{"_jetpack_memberships_contains_paid_content":false,"footnotes":"","jetpack_publicize_message":"","jetpack_publicize_feature_enabled":true,"jetpack_social_post_already_shared":true,"jetpack_social_options":{"image_generator_settings":{"template":"highway","default_image_id":0,"font":"","enabled":false},"version":2},"_wpas_customize_per_network":false},"categories":[405],"tags":[],"class_list":["post-43176","post","type-post","status-publish","format-standard","has-post-thumbnail","hentry","category-actu-france-monde"],"jetpack_publicize_connections":[],"jetpack_featured_media_url":"https:\/\/i0.wp.com\/www.iceagetv.com\/radiosite\/wp-content\/uploads\/2026\/03\/cjnysOO0.jpg?fit=679%2C293&ssl=1","jetpack_sharing_enabled":true,"_links":{"self":[{"href":"https:\/\/www.iceagetv.com\/radiosite\/wp-json\/wp\/v2\/posts\/43176","targetHints":{"allow":["GET"]}}],"collection":[{"href":"https:\/\/www.iceagetv.com\/radiosite\/wp-json\/wp\/v2\/posts"}],"about":[{"href":"https:\/\/www.iceagetv.com\/radiosite\/wp-json\/wp\/v2\/types\/post"}],"author":[{"embeddable":true,"href":"https:\/\/www.iceagetv.com\/radiosite\/wp-json\/wp\/v2\/users\/2"}],"replies":[{"embeddable":true,"href":"https:\/\/www.iceagetv.com\/radiosite\/wp-json\/wp\/v2\/comments?post=43176"}],"version-history":[{"count":1,"href":"https:\/\/www.iceagetv.com\/radiosite\/wp-json\/wp\/v2\/posts\/43176\/revisions"}],"predecessor-version":[{"id":43178,"href":"https:\/\/www.iceagetv.com\/radiosite\/wp-json\/wp\/v2\/posts\/43176\/revisions\/43178"}],"wp:featuredmedia":[{"embeddable":true,"href":"https:\/\/www.iceagetv.com\/radiosite\/wp-json\/wp\/v2\/media\/43177"}],"wp:attachment":[{"href":"https:\/\/www.iceagetv.com\/radiosite\/wp-json\/wp\/v2\/media?parent=43176"}],"wp:term":[{"taxonomy":"category","embeddable":true,"href":"https:\/\/www.iceagetv.com\/radiosite\/wp-json\/wp\/v2\/categories?post=43176"},{"taxonomy":"post_tag","embeddable":true,"href":"https:\/\/www.iceagetv.com\/radiosite\/wp-json\/wp\/v2\/tags?post=43176"}],"curies":[{"name":"wp","href":"https:\/\/api.w.org\/{rel}","templated":true}]}}