{"id":43228,"date":"2026-03-18T17:43:45","date_gmt":"2026-03-18T16:43:45","guid":{"rendered":"https:\/\/www.iceagetv.com\/radiosite\/?p=43228"},"modified":"2026-03-18T17:43:47","modified_gmt":"2026-03-18T16:43:47","slug":"le-futur-porte-avions-francais-dont-la-construction-vient-detre-lancee-sappelle-france-libre-devoile-emmanuel-macron-il-succedera-au-charles-de-gaulle-en-2038","status":"publish","type":"post","link":"https:\/\/www.iceagetv.com\/radiosite\/le-futur-porte-avions-francais-dont-la-construction-vient-detre-lancee-sappelle-france-libre-devoile-emmanuel-macron-il-succedera-au-charles-de-gaulle-en-2038\/","title":{"rendered":"Le futur porte-avions fran\u00e7ais, dont la construction vient d&rsquo;\u00eatre lanc\u00e9e, s\u2019appelle \u00ab\u00a0France Libre\u00a0\u00bb, d\u00e9voile Emmanuel Macron &#8211; Il succ\u00e9dera au Charles de Gaulle en 2038\u00a0"},"content":{"rendered":"\n<p class=\"\">Emmanuel Macron est cet apr\u00e8s-midi \u00e0 Indre, pr\u00e8s de Nantes, o\u00f9 il a notamment d\u00e9voil\u00e9 le nom du futur porte-avions fran\u00e7ais dont la construction vient d&rsquo;\u00eatre lanc\u00e9e.<strong>&nbsp;Ce futur porte-avions s\u2019appelle \u00ab\u00a0France Libre\u00a0\u00bb.<\/strong><\/p>\n\n\n\n<p class=\"\">Le chef de l&rsquo;\u00c9tat a donn\u00e9 le feu vert \u00e0 la construction de ce porte-avions de nouvelle g\u00e9n\u00e9ration en d\u00e9cembre, concr\u00e9tisant un projet en gestation depuis 2018. Ce nouveau fleuron, qui repr\u00e9sentera 10 milliards d&rsquo;euros d&rsquo;investissements sur une vingtaine d&rsquo;ann\u00e9es, est d&rsquo;ores et d\u00e9j\u00e0 par\u00e9 de tous les superlatifs.<\/p>\n\n\n\n<p class=\"\">\u00ab\u00a0Ce sera le plus gros navire militaire construit en France, avec 77.000 tonnes contre 42.000 pour le Charles de Gaulle\u00a0\u00bb, rel\u00e8ve l&rsquo;Elys\u00e9e. Seuls deux pays au monde disposent de porte-avions nucl\u00e9aires, les Etats-Unis (11 b\u00e2timents) et la France. La Chine et l&rsquo;Inde sont \u00e0 propulsion classique et les autres (Royaume-uni, Italie&#8230;) sont \u00e9quip\u00e9s de porte-a\u00e9ronefs \u00e0 d\u00e9collage vertical, moins performants.<\/p>\n\n\n\n<p class=\"\">De quoi faire du navire un symbole de la puissance militaire fran\u00e7aise, \u00e0 l&rsquo;heure o\u00f9 le pr\u00e9sident Macron met un accent particulier sur l&rsquo;effort de d\u00e9fense, \u00e0 l&rsquo;image de son r\u00e9cent discours sur la dissuasion nucl\u00e9aire qui marque l&rsquo;augmentation de l&rsquo;arsenal fran\u00e7ais et une coop\u00e9ration avec huit pays europ\u00e9ens.<\/p>\n\n\n\n<p class=\"\">Le futur b\u00e2timent \u00ab\u00a0sera capable \u00e0 la fois de catapulter et de r\u00e9cup\u00e9rer des avions. Actuellement, sur la plupart des porte-avions, vous catapultez et vous reconfigurez ensuite le pont pour r\u00e9cup\u00e9rer, ce qui limite en termes de capacit\u00e9 op\u00e9rationnelle\u00a0\u00bb, souligne la pr\u00e9sidence.<\/p>\n\n\n\n<p class=\"\">Avec trois rails de catapulte, au lieu de deux actuellement, il maximisera aussi la capacit\u00e9 d&rsquo;envol des 40 a\u00e9ronefs embarqu\u00e9s. Un gros b\u00e9mol toutefois: la technologie \u00e9lectromagn\u00e9tique des futures catapultes rel\u00e8vera de l&rsquo;am\u00e9ricain General Atomics, source de vuln\u00e9rabilit\u00e9 potentielle dans un monde aux rapports de forces exacerb\u00e9s.<\/p>\n\n\n\n<p class=\"\">\u00ab\u00a0Le choix a \u00e9t\u00e9 fait et c&rsquo;est un choix \u00e9conomique de travailler avec les \u00c9tats-Unis, qui est parfaitement coh\u00e9rent, mais il existe bien \u00e9videmment d&rsquo;autres plans, un plan B, si jamais on avait des contraintes particuli\u00e8res\u00a0\u00bb, assure toutefois un conseiller pr\u00e9sidentiel.<\/p>\n\n\n\n<p class=\"\">Le b\u00e2timent devra aussi \u00eatre \u00ab\u00a0\u00e9volutif\u00a0\u00bb pour pouvoir accueillir tous les types d&rsquo;avions qui seront d\u00e9ploy\u00e9s pendant sa dur\u00e9e de vie, mais aussi des drones, le nouveau d\u00e9fi militaire r\u00e9v\u00e9l\u00e9 par les guerres en Ukraine et au Moyen-orient. Un enjeu \u00e9norme. \u00ab\u00a0On ne peut pas se contenter de reproduire un outil qui a \u00e9t\u00e9 con\u00e7u \u00e0 la moiti\u00e9 du si\u00e8cle dernier\u00a0\u00bb, souligne le chef d&rsquo;\u00e9tat-major des arm\u00e9es, le g\u00e9n\u00e9ral Fabien Mandon.<\/p>\n\n\n\n<p class=\"\">\u00ab\u00a0Nous aurons besoin de drones qui vont p\u00e9n\u00e9trer les d\u00e9fenses adverses, que ce soit des drones de combat ou des munitions t\u00e9l\u00e9op\u00e9r\u00e9es, de drones ravitailleurs, de drones de surveillance&#8230;\u00a0\u00bb, rench\u00e9rit le chef d&rsquo;\u00e9tat-major de la Marine, l&rsquo;amiral Nicolas Vaujour.<\/p>\n\n\n\n<p class=\"\">La question d&rsquo;un deuxi\u00e8me porte-avions continue aussi de se poser, alors qu&rsquo;un seul b\u00e2timent n&rsquo;est disponible que 65% du temps. \u00ab\u00a0A ce stade, non\u00a0\u00bb, r\u00e9pond-on toutefois \u00e0 l&rsquo;Elys\u00e9e.<\/p>\n","protected":false},"excerpt":{"rendered":"<p>Emmanuel Macron est cet apr\u00e8s-midi \u00e0 Indre, pr\u00e8s de Nantes, o\u00f9 il a notamment d\u00e9voil\u00e9 le nom du futur porte-avions fran\u00e7ais dont la construction vient d&rsquo;\u00eatre lanc\u00e9e.&nbsp;Ce futur porte-avions s\u2019appelle \u00ab\u00a0France Libre\u00a0\u00bb. Le chef de l&rsquo;\u00c9tat a donn\u00e9 le feu vert \u00e0 la construction de ce porte-avions de nouvelle g\u00e9n\u00e9ration en d\u00e9cembre, concr\u00e9tisant un projet [&hellip;]<\/p>\n","protected":false},"author":2,"featured_media":43229,"comment_status":"open","ping_status":"open","sticky":false,"template":"","format":"standard","meta":{"_jetpack_memberships_contains_paid_content":false,"footnotes":"","jetpack_publicize_message":"","jetpack_publicize_feature_enabled":true,"jetpack_social_post_already_shared":true,"jetpack_social_options":{"image_generator_settings":{"template":"highway","default_image_id":0,"font":"","enabled":false},"version":2},"_wpas_customize_per_network":false},"categories":[405],"tags":[],"class_list":["post-43228","post","type-post","status-publish","format-standard","has-post-thumbnail","hentry","category-actu-france-monde"],"jetpack_publicize_connections":[],"jetpack_featured_media_url":"https:\/\/i0.wp.com\/www.iceagetv.com\/radiosite\/wp-content\/uploads\/2026\/03\/a6tNfBoM.jpg?fit=679%2C293&ssl=1","jetpack_sharing_enabled":true,"_links":{"self":[{"href":"https:\/\/www.iceagetv.com\/radiosite\/wp-json\/wp\/v2\/posts\/43228","targetHints":{"allow":["GET"]}}],"collection":[{"href":"https:\/\/www.iceagetv.com\/radiosite\/wp-json\/wp\/v2\/posts"}],"about":[{"href":"https:\/\/www.iceagetv.com\/radiosite\/wp-json\/wp\/v2\/types\/post"}],"author":[{"embeddable":true,"href":"https:\/\/www.iceagetv.com\/radiosite\/wp-json\/wp\/v2\/users\/2"}],"replies":[{"embeddable":true,"href":"https:\/\/www.iceagetv.com\/radiosite\/wp-json\/wp\/v2\/comments?post=43228"}],"version-history":[{"count":1,"href":"https:\/\/www.iceagetv.com\/radiosite\/wp-json\/wp\/v2\/posts\/43228\/revisions"}],"predecessor-version":[{"id":43230,"href":"https:\/\/www.iceagetv.com\/radiosite\/wp-json\/wp\/v2\/posts\/43228\/revisions\/43230"}],"wp:featuredmedia":[{"embeddable":true,"href":"https:\/\/www.iceagetv.com\/radiosite\/wp-json\/wp\/v2\/media\/43229"}],"wp:attachment":[{"href":"https:\/\/www.iceagetv.com\/radiosite\/wp-json\/wp\/v2\/media?parent=43228"}],"wp:term":[{"taxonomy":"category","embeddable":true,"href":"https:\/\/www.iceagetv.com\/radiosite\/wp-json\/wp\/v2\/categories?post=43228"},{"taxonomy":"post_tag","embeddable":true,"href":"https:\/\/www.iceagetv.com\/radiosite\/wp-json\/wp\/v2\/tags?post=43228"}],"curies":[{"name":"wp","href":"https:\/\/api.w.org\/{rel}","templated":true}]}}