{"id":43258,"date":"2026-03-19T11:08:43","date_gmt":"2026-03-19T10:08:43","guid":{"rendered":"https:\/\/www.iceagetv.com\/radiosite\/?p=43258"},"modified":"2026-03-19T11:08:45","modified_gmt":"2026-03-19T10:08:45","slug":"dubai-au-moins-trois-francais-arretes-pour-avoir-diffuse-sur-les-reseaux-sociaux-les-attaques-qui-touchent-depuis-plusieurs-jours-la-ville-ils-beneficient-de-la-protection-consulaire-assure-l","status":"publish","type":"post","link":"https:\/\/www.iceagetv.com\/radiosite\/dubai-au-moins-trois-francais-arretes-pour-avoir-diffuse-sur-les-reseaux-sociaux-les-attaques-qui-touchent-depuis-plusieurs-jours-la-ville-ils-beneficient-de-la-protection-consulaire-assure-l\/","title":{"rendered":"Duba\u00ef : Au moins trois Fran\u00e7ais arr\u00eat\u00e9s pour avoir diffus\u00e9 sur les r\u00e9seaux sociaux les attaques qui touchent depuis plusieurs jours la ville &#8211; Ils \u00ab\u00a0b\u00e9n\u00e9ficient de la protection consulaire\u00a0\u00bb, assure la porte-parole du gouvernement"},"content":{"rendered":"\n<p class=\"\"><strong>Trois Fran\u00e7ais arr\u00eat\u00e9s \u00e0 Duba\u00ef \u00ab\u00a0b\u00e9n\u00e9ficient de la protection consulaire\u00a0\u00bb, a assur\u00e9 ce matin la porte-parole du gouvernement Maud Bregeon, confirmant indirectement l&rsquo;arrestation de plusieurs ressortissants mais sans donner aucun d\u00e9tail.<\/strong><\/p>\n\n\n\n<p class=\"\">Selon plusieurs m\u00e9dias, dont franceinfo, trois Fran\u00e7ais \u00ab\u00a0accus\u00e9s d&rsquo;avoir menac\u00e9 la s\u00e9curit\u00e9 nationale\u00a0\u00bb des \u00c9mirats arabes unis en filmant les attaques iraniennes sur le territoire, ont \u00e9t\u00e9 plac\u00e9s en garde \u00e0 vue, avec une soixantaine d&rsquo;autres personnes.<\/p>\n\n\n\n<p class=\"\">\u00ab\u00a0Ils b\u00e9n\u00e9ficient de la protection consulaire, le Quai d&rsquo;Orsay est en lien avec eux, avec leurs avocats et donc nous suivons la situation avec la plus grande attention\u00a0\u00bb, a affirm\u00e9 Maud Bregeon sur BFMTV-RMC.<\/p>\n\n\n\n<p class=\"\">\u00ab\u00a0Je n&rsquo;ai pas de d\u00e9tails et de pr\u00e9cisions, en revanche, \u00e0 vous apporter sur le dossier\u00a0\u00bb, a-t-elle ajout\u00e9. \u00ab\u00a0Plusieurs cas de Fran\u00e7ais sont suivis par le Consulat g\u00e9n\u00e9ral de France \u00e0 Duba\u00ef\u00a0\u00bb, a confirm\u00e9 \u00e0 l&rsquo;AFP une source diplomatique, assurant \u00e9galement que \u00ab\u00a0ces Fran\u00e7ais b\u00e9n\u00e9ficient de la protection consulaire\u00a0\u00bb.<strong>Au moins trois Fran\u00e7ais, arr\u00eat\u00e9s pour avoir film\u00e9 et diffus\u00e9 sur les r\u00e9seaux sociaux les attaques qui touchent depuis plusieurs jours la ville de Duba\u00ef, selon les r\u00e9v\u00e9lations de France Info. Ils sont accus\u00e9s d&rsquo;avoir menac\u00e9 la s\u00e9curit\u00e9 nationale en filmant les attaques iraniennes sur le territoire. Ces 3 Fran\u00e7ais ne sont pas les seuls \u00e0 avoir \u00e9t\u00e9 interpell\u00e9s, car au moins 60 personnes seraient en ce moment m\u00eame en garde \u00e0 vue.<\/strong><\/p>\n\n\n\n<p class=\"\">Au premier jour de guerre, l&rsquo;influenceuse Maeva Ghennam, s&rsquo;est film\u00e9e, visiblement paniqu\u00e9e. Deux jours plus tard, elle \u00e9tait convoqu\u00e9e par la police duba\u00efote. \u00ab\u00a0Je n&rsquo;ai rien dit de mal, j&rsquo;ai eu peur. J&rsquo;ai eu tr\u00e8s, tr\u00e8s peur\u00a0\u00bb, a-t-elle racont\u00e9 dans une vid\u00e9o. D&rsquo;autres influenceurs t\u00e9moignent d&rsquo;une censure:&nbsp;<\/p>\n\n\n\n<p class=\"\">\u00ab\u00a0J&rsquo;avoue que je ne sais pas trop ce que j&rsquo;ai le droit de dire, pas le droit de dire\u00a0\u00bb, admet une jeune femme en vid\u00e9o. \u00ab\u00a0On n&rsquo;a pas le droit de montrer ce qui se passe, en tout cas on n&rsquo;a pas le droit de montrer ce qui va tomber du ciel\u00a0\u00bb, explique une autre.<\/p>\n\n\n\n<p class=\"\">La diffusion de contenus contredisant les annonces officielles ou pouvant causer la panique est passible d&rsquo;une amende de 50.000 euros.<\/p>\n\n\n\n<p class=\"\">Romain Astruc, un avocat install\u00e9 \u00e0 Duba\u00ef, pr\u00e9cise : \u00ab\u00a0Un d\u00e9bris, des d\u00e9g\u00e2ts, de la fum\u00e9e, n&rsquo;importe quoi. C&rsquo;est interdit. Ce qu&rsquo;on peut prendre comme photo, c&rsquo;est, je r\u00e9p\u00e8te, nos enfants qui jouent dans le parc, un beau coucher de soleil, aller sur les dunes. C&rsquo;est une loi qui doit nous prot\u00e9ger.\u00a0\u00bb<\/p>\n\n\n\n<p class=\"\">Ces interdictions concernent aussi les journalistes, comme l&rsquo;\u00e9quipe de France T\u00e9l\u00e9visions \u00e0 Doha. Au Qatar, elle n&rsquo;a obtenu l&rsquo;autorisation de filmer que dans certains lieux. Il est impossible \u00e9galement de filmer des sites sensibles, des b\u00e2timents officiels du gouvernement ou encore des sites militaires.<\/p>\n\n\n\n<p class=\"\">Les Emirats invoquent des imp\u00e9ratifs de s\u00e9curit\u00e9, le risque de r\u00e9v\u00e9ler des informations sensibles \u00e0 l&rsquo;Iran.&nbsp;<\/p>\n","protected":false},"excerpt":{"rendered":"<p>Trois Fran\u00e7ais arr\u00eat\u00e9s \u00e0 Duba\u00ef \u00ab\u00a0b\u00e9n\u00e9ficient de la protection consulaire\u00a0\u00bb, a assur\u00e9 ce matin la porte-parole du gouvernement Maud Bregeon, confirmant indirectement l&rsquo;arrestation de plusieurs ressortissants mais sans donner aucun d\u00e9tail. Selon plusieurs m\u00e9dias, dont franceinfo, trois Fran\u00e7ais \u00ab\u00a0accus\u00e9s d&rsquo;avoir menac\u00e9 la s\u00e9curit\u00e9 nationale\u00a0\u00bb des \u00c9mirats arabes unis en filmant les attaques iraniennes sur le [&hellip;]<\/p>\n","protected":false},"author":2,"featured_media":43259,"comment_status":"open","ping_status":"open","sticky":false,"template":"","format":"standard","meta":{"_jetpack_memberships_contains_paid_content":false,"footnotes":"","jetpack_publicize_message":"","jetpack_publicize_feature_enabled":true,"jetpack_social_post_already_shared":true,"jetpack_social_options":{"image_generator_settings":{"template":"highway","default_image_id":0,"font":"","enabled":false},"version":2},"_wpas_customize_per_network":false},"categories":[405],"tags":[],"class_list":["post-43258","post","type-post","status-publish","format-standard","has-post-thumbnail","hentry","category-actu-france-monde"],"jetpack_publicize_connections":[],"jetpack_featured_media_url":"https:\/\/i0.wp.com\/www.iceagetv.com\/radiosite\/wp-content\/uploads\/2026\/03\/rMj_c4sN.jpg?fit=679%2C293&ssl=1","jetpack_sharing_enabled":true,"_links":{"self":[{"href":"https:\/\/www.iceagetv.com\/radiosite\/wp-json\/wp\/v2\/posts\/43258","targetHints":{"allow":["GET"]}}],"collection":[{"href":"https:\/\/www.iceagetv.com\/radiosite\/wp-json\/wp\/v2\/posts"}],"about":[{"href":"https:\/\/www.iceagetv.com\/radiosite\/wp-json\/wp\/v2\/types\/post"}],"author":[{"embeddable":true,"href":"https:\/\/www.iceagetv.com\/radiosite\/wp-json\/wp\/v2\/users\/2"}],"replies":[{"embeddable":true,"href":"https:\/\/www.iceagetv.com\/radiosite\/wp-json\/wp\/v2\/comments?post=43258"}],"version-history":[{"count":1,"href":"https:\/\/www.iceagetv.com\/radiosite\/wp-json\/wp\/v2\/posts\/43258\/revisions"}],"predecessor-version":[{"id":43260,"href":"https:\/\/www.iceagetv.com\/radiosite\/wp-json\/wp\/v2\/posts\/43258\/revisions\/43260"}],"wp:featuredmedia":[{"embeddable":true,"href":"https:\/\/www.iceagetv.com\/radiosite\/wp-json\/wp\/v2\/media\/43259"}],"wp:attachment":[{"href":"https:\/\/www.iceagetv.com\/radiosite\/wp-json\/wp\/v2\/media?parent=43258"}],"wp:term":[{"taxonomy":"category","embeddable":true,"href":"https:\/\/www.iceagetv.com\/radiosite\/wp-json\/wp\/v2\/categories?post=43258"},{"taxonomy":"post_tag","embeddable":true,"href":"https:\/\/www.iceagetv.com\/radiosite\/wp-json\/wp\/v2\/tags?post=43258"}],"curies":[{"name":"wp","href":"https:\/\/api.w.org\/{rel}","templated":true}]}}