{"id":43261,"date":"2026-03-19T13:18:20","date_gmt":"2026-03-19T12:18:20","guid":{"rendered":"https:\/\/www.iceagetv.com\/radiosite\/?p=43261"},"modified":"2026-03-19T13:18:22","modified_gmt":"2026-03-19T12:18:22","slug":"ca-va-se-jouer-a-quelques-milliers-de-voix-a-paris-un-2nd-tour-tres-incertain-entre-les-deux-favoris-emmanuel-gregoire-et-rachida-dati","status":"publish","type":"post","link":"https:\/\/www.iceagetv.com\/radiosite\/ca-va-se-jouer-a-quelques-milliers-de-voix-a-paris-un-2nd-tour-tres-incertain-entre-les-deux-favoris-emmanuel-gregoire-et-rachida-dati\/","title":{"rendered":"\u00c7a va se jouer \u00e0 quelques milliers de voix\u00a0\u00bb\u00a0: \u00e0 Paris, un 2nd\u00a0tour tr\u00e8s incertain entre les deux favoris, Emmanuel Gr\u00e9goire et Rachida Dati"},"content":{"rendered":"\n<p class=\"\">Si le maire sortant socialiste est arriv\u00e9 nettement en t\u00eate du 1er tour, la candidate de la droite a obtenu la fusion de sa liste avec celle de Pierre-Yves Bournazel (Horizons), mais aussi le retrait de Sarah Knafo (Reconqu\u00eate). La candidate insoumise, Sophia Chikirou, a, elle, maintenu sa liste. Une situation qui pourrait changer le rapport de force.La capitale basculera-t-elle \u00e0 droite ou restera-t-elle dans le giron de la gauche&nbsp;? A Paris,&nbsp;<a href=\"https:\/\/www.franceinfo.fr\/elections\/de-paris-a-marseille-un-deuxieme-tour-tres-incertain-pour-les-elections-municipales_7877276.html\">le suspense reste entier<\/a>, m\u00eame pour les \u00e9quipes des deux candidats en capacit\u00e9 de d\u00e9crocher la Ville lumi\u00e8re.&nbsp;<em>\u00ab\u00a0Il est sinc\u00e8rement compliqu\u00e9 de savoir, \u00e7a d\u00e9pendra de la capacit\u00e9 de mobilisation de son camp\u00a0\u00bb<\/em>, livre une colisti\u00e8re de Rachida Dati. L&rsquo;ex-ministre de la Culture, d&rsquo;ores et d\u00e9j\u00e0 r\u00e9\u00e9lue maire du 7e&nbsp;arrondissement, a vu son horizon s&rsquo;\u00e9claircir dans&nbsp;<a href=\"https:\/\/www.franceinfo.fr\/elections\/un-mariage-de-raison-bournazel-dati-pas-de-fusion-gregoire-chikirou-le-recit-d-une-longue-journee-de-tractations-a-pari_7872224.html\">l&rsquo;entre-deux-tours<\/a>. Arriv\u00e9e deuxi\u00e8me&nbsp;<a href=\"https:\/\/www.franceinfo.fr\/elections\/rachida-dati-largement-devancee-par-le-socialiste-emmanuel-gregoire-a-paris-au-1er-tour-des-municipales-sophia-chikirou-et-pierre-yves-bournazel-qualifies_7860671.html\">au 1er&nbsp;tour<\/a>&nbsp;avec 25,46%, elle accuse un retard de 12,52&nbsp;points face au socialiste Emmanuel Gr\u00e9goire (37,98%). Mais l&rsquo;ancienne \u00e9toile montante de la sarkozie est parvenue \u00e0 fusionner sa liste avec celle du candidat Horizons, Pierre-Yves Bournazel, arriv\u00e9 troisi\u00e8me avec 11,34%, et b\u00e9n\u00e9ficie du retrait de la candidate d&rsquo;extr\u00eame droite Sarah Knafo, cinqui\u00e8me au 1er&nbsp;tour avec 10,4%.<\/p>\n\n\n\n<p class=\"\">En face, le camp d&rsquo;Emmanuel Gr\u00e9goire ne b\u00e9n\u00e9ficie d&rsquo;aucune alliance. Le d\u00e9put\u00e9 de Paris a refus\u00e9<em>&nbsp;\u00ab\u00a0une fusion technique\u00a0\u00bb,&nbsp;<\/em>comme le proposait la candidate LFI, Sophia Chikirou, qui a totalis\u00e9 11,72% des suffrages lors du 1er&nbsp;tour.&nbsp;<em>\u00ab\u00a0J&rsquo;ai fait le choix \u00e0 Paris de ne pas\u00a0\u00bb<\/em>&nbsp;faire alliance avec la d\u00e9put\u00e9e insoumise, qui&nbsp;<em>\u00ab\u00a0a pass\u00e9 son temps \u00e0 nous cogner dessus\u00a0\u00bb,&nbsp;<\/em>a justifi\u00e9 Emmanuel Gr\u00e9goire, mardi sur&nbsp;<a href=\"https:\/\/www.radiofrance.fr\/franceinter\/podcasts\/l-info-de-france-inter\/a-paris-le-candidat-de-gauche-emmanuel-gregoire-largement-devant-l-ex-ministre-rachida-dati-8678162\" target=\"_blank\" rel=\"noreferrer noopener\">France Inter(Nouvelle fen\u00eatre)<\/a>. R\u00e9sultat&nbsp;: Sophia Chikirou se maintient, rendant le r\u00e9sultat du dimanche 22&nbsp;mars difficilement pr\u00e9visible.&nbsp;<em>\u00ab\u00a0Le scrutin va se jouer \u00e0 quelques milliers de voix\u00a0\u00bb<\/em>, estime le d\u00e9put\u00e9 Renaissance Sylvain Maillard, num\u00e9ro deux de la liste Dati.<\/p>\n\n\n\n<h2 class=\"wp-block-heading\">\u00ab\u00a0Le retrait de Knafo est un plus, on ne va pas le nier\u00a0\u00bb<\/h2>\n\n\n\n<p class=\"\">Cette configuration<em>&nbsp;\u00ab\u00a0remet Dati en selle\u00a0\u00bb. \u00ab\u00a0La situation de ballottage tr\u00e8s d\u00e9favorable dans laquelle se trouvait Dati a significativement chang\u00e9 (&#8230;) et cela rend l&rsquo;issue du scrutin autrement plus difficile \u00e0 cerner\u00a0\u00bb<\/em>, assure \u00e0 l&rsquo;AFP St\u00e9phane Zumsteeg, de l&rsquo;institut Ipsos-BVA. Dans l&rsquo;\u00e9quipe de l&rsquo;opposante historique \u00e0 Anne Hidalgo, on se r\u00e9jouit de la situation.<em>&nbsp;\u00ab\u00a0On y va pour gagner&nbsp;!\u00a0\u00bb,&nbsp;<\/em>assure Benjamin Haddad, ministre de l&rsquo;Europe et colistier de Rachida Dati.&nbsp;<em>\u00ab\u00a0C&rsquo;est la meilleure configuration possible. Avant, on \u00e9tait pris en \u00e9tau entre Pierre-Yves Bournazel et Sarah Knafo. Les sondages ont montr\u00e9 que c&rsquo;est ce sc\u00e9nario qui permet de gagner\u00a0\u00bb,&nbsp;<\/em>livre une proche de Rachida Dati.<\/p>\n\n\n\n<p class=\"\">En effet, les instituts de sondage avaient test\u00e9, avant le 1er\u00a0tour, cette hypoth\u00e8se qui verrait Rachida Dati s&#8217;emparer de l&rsquo;h\u00f4tel de ville. Un sondage Elabe pour\u00a0<a href=\"https:\/\/www.latribune.fr\/article\/la-tribune-dimanche\/municipales\/3147751247933814\/sondage-exclusif-municipales-a-paris-bataille-serree-entre-gregoire-et-dati-la-percee-de-knafo\" target=\"_blank\" rel=\"noreferrer noopener\"><em>La Tribune<\/em>(Nouvelle fen\u00eatre)<\/a>, publi\u00e9 le 7\u00a0mars, estimait, par exemple, Emmanuel Gr\u00e9goire \u00e0 40%, Rachida Dati \u00e0 47% et Sophia Chikirou \u00e0 13%. Il faut n\u00e9anmoins prendre avec beaucoup de pincettes ces projections r\u00e9alis\u00e9es avant le 1er\u00a0tour. Aucun sondage d&rsquo;entre-deux-tours n&rsquo;a, par ailleurs, \u00e9t\u00e9 r\u00e9alis\u00e9. Mais<em>\u00a0\u00ab\u00a0le retrait de Knafo est un plus, on ne va pas le nier\u00a0\u00bb,<\/em>\u00a0conc\u00e8de-t-on dans le camp Dati.Il reste n\u00e9anmoins une question centrale&nbsp;: les \u00e9lectorats de Pierre-Yves Bournazel et de Sarah Knafo se reporteront-ils massivement sur la candidature de Rachida Dati&nbsp;? Les observateurs de la vie politique ont fait leurs calculs.&nbsp;<em>\u00ab\u00a0Pour que Rachida Dati soit \u00e9lue, il faudrait que moins de 25% des \u00e9lecteurs LFI se reportent en &lsquo;vote utile&rsquo; sur Emmanuel Gr\u00e9goire et que les \u00e9lecteurs de Pierre-Yves Bournazel soient moins de 20% \u00e0 voter pour Emmanuel Gr\u00e9goire, parce que tous ne sont pas de droite\u00a0\u00bb,<\/em>&nbsp;a d\u00e9taill\u00e9, dans&nbsp;<a href=\"https:\/\/x.com\/Cdanslair\/status\/2034330743359336642?s=20\" target=\"_blank\" rel=\"noreferrer noopener\">l&rsquo;\u00e9mission \u00ab\u00a0C dans l&rsquo;air\u00a0\u00bb, sur France&nbsp;5,(Nouvelle fen\u00eatre)<\/a>&nbsp;le directeur du d\u00e9partement Opinion de l&rsquo;Ifop, J\u00e9rome Fourquet.<\/p>\n\n\n\n<p class=\"\"><em>\u00ab\u00a0Chez nous, \u00e7a sera du 50\/50\u00a0\u00bb,<\/em>&nbsp;estime ainsi un proche de Pierre-Yves Bournazel.<em>&nbsp;\u00ab\u00a0Car on a une bonne partie de nos \u00e9lecteurs de centre ou de centre gauche qui s&rsquo;abstiendra, voire ira voter pour Emmanuel Gr\u00e9goire.\u00a0\u00bb&nbsp;<\/em>De plus,<em>&nbsp;\u00ab\u00a0l&rsquo;absence de Bournazel est un gros handicap pour Dati\u00a0\u00bb,&nbsp;<\/em>poursuit-on de m\u00eame source. L&rsquo;ex-candidat Horizons a en effet surpris&nbsp;<a href=\"https:\/\/www.franceinfo.fr\/elections\/pour-moi-le-chemin-s-arrete-declare-le-candidat-centriste-pierre-yves-bournazel-sur-france-2-qui-abandonne-la-course-a-la-mairie-de-paris_7873160.html\">en annon\u00e7ant sur France&nbsp;2<\/a>&nbsp;lundi soir qu&rsquo;il ne figurerait pas sur la liste fusionn\u00e9e \u2013&nbsp;ses propres soutiens n&rsquo;ont \u00e9t\u00e9 pr\u00e9venus que quelques minutes plus t\u00f4t.<em>&nbsp;\u00ab\u00a0Pour moi, le chemin s&rsquo;arr\u00eate puisque les Parisiens n&rsquo;ont pas souhait\u00e9 que je sois le prochain maire de Paris\u00a0\u00bb,&nbsp;<\/em>a-t-il annonc\u00e9.&nbsp;<em>\u00ab\u00a0Oui, \u00e7a aurait \u00e9t\u00e9 beaucoup plus fort, pour nous, qu&rsquo;il reste, mais c&rsquo;est sa trajectoire personnelle\u00a0\u00bb<\/em>, balaie une proche de Rachida Dati. Sylvain Maillard estime encore que ce retrait reste&nbsp;<em>\u00ab\u00a0anecdotique car l&rsquo;\u00e9quipe<\/em>&nbsp;[de Pierre-Yves Bournazel]&nbsp;<em>et ses soutiens sont l\u00e0\u00a0\u00bb.<\/em><\/p>\n\n\n\n<p class=\"\">Du c\u00f4t\u00e9 des \u00e9lecteurs de Sarah Knafo, il n&rsquo;est pas non plus certain que tous se reportent massivement sur la candidature de Rachida Dati.<em>&nbsp;\u00ab\u00a0Chez Knafo, c&rsquo;est un vote tr\u00e8s localis\u00e9 dans le 16e. Or, le maire d&rsquo;<\/em><a href=\"https:\/\/www.franceinfo.fr\/elections\/carte-resultats-du-1er-tour-des-municipales-2026-a-paris-decouvrez-les-candidats-arrives-en-tete-dans-chaque-arrondissement_7862705.html\"><em>arrondissement<\/em><\/a><em>&nbsp;a d\u00e9j\u00e0 \u00e9t\u00e9 \u00e9lu dimanche dernier, \u00e7a peut les d\u00e9mobiliser\u00a0\u00bb,&nbsp;<\/em>imagine un soutien de Pierre-Yves Bournazel.&nbsp;<em>\u00ab\u00a0On ne va pas se risquer \u00e0 faire des pronostics\u00a0\u00bb,&nbsp;<\/em>nuance l&rsquo;entourage de Sarah Knafo.<em>&nbsp;\u00ab\u00a0Mais on a un \u00e9lectorat qui est tr\u00e8s sensible \u00e0 l&rsquo;union et&nbsp;<\/em><a href=\"https:\/\/www.franceinfo.fr\/elections\/municipales\/c-est-tout-ce-qui-nous-reste-parce-qu-on-ne-veut-pas-une-mairie-de-gauche-a-paris-ces-electeurs-de-sarah-knafo-vont-voter-rachida-dati-au-2d-tour_7876700.html\"><em>qui ne veut vraiment pas que la gauche passe<\/em><\/a><em>, donc on peut esp\u00e9rer qu&rsquo;ils seront nombreux.\u00a0\u00bb<\/em><\/p>\n\n\n\n<h2 class=\"wp-block-heading\">\u00ab\u00a0Il n&rsquo;est pas s\u00fbr que les propos de Jordan Bardella aident beaucoup Rachida Dati\u00a0\u00bb<\/h2>\n\n\n\n<p class=\"\">A gauche justement, la strat\u00e9gie est claire&nbsp;: alerter sur le danger que repr\u00e9senterait la victoire de Rachida Dati, qui va d\u00e9sormais b\u00e9n\u00e9ficier du retrait de Sarah Knafo.&nbsp;<em>\u00ab\u00a0La droite est pr\u00eate \u00e0 toutes les compromissions pour tenter de prendre Paris, y compris les alliances implicites avec l&rsquo;extr\u00eame droite. Elle choisit ainsi de se compromettre de la pire des fa\u00e7ons\u00a0\u00bb,<\/em>&nbsp;<a href=\"https:\/\/www.franceinfo.fr\/elections\/municipales\/fusion-des-listes-dati-bournazel-une-operation-casse-cou-de-la-droite-pointe-emmanuel-gregoire-candidat-a-la-mairie-de-paris_7874435.html\">a fustig\u00e9 Emmanuel Gr\u00e9goire<\/a>, dans un communiqu\u00e9 publi\u00e9 apr\u00e8s l&rsquo;annonce de la candidate d&rsquo;extr\u00eame droite.&nbsp;<em>\u00ab\u00a0Imaginez-vous un seul instant (&#8230;) Jacques Chirac, \u00e9lu maire de Paris avec le soutien de Jean-Marie Le Pen&nbsp;?\u00a0\u00bb<\/em>, a-t-il \u00e9galement appuy\u00e9, lors d&rsquo;un d\u00e9bat \u00e9lectrique entre les candidats du second tour, sur BFMTV, mercredi soir. Le lendemain, sur franceinfo, il a m\u00eame&nbsp;<a href=\"https:\/\/www.franceinfo.fr\/elections\/municipales\/emmanuel-gregoire-accuse-emmanuel-macron-d-etre-intervenu-pour-aider-au-retrait-de-sarah-knafo-a-paris_7879247.html\">accus\u00e9 Emmanuel Macron<\/a>&nbsp;d&rsquo;\u00eatre intervenu pour favoriser le retrait de Sarah Knafo,&nbsp;<em>\u00ab\u00a0un mensonge indigne\u00a0\u00bb<\/em>&nbsp;selon l&rsquo;entourage du chef de l&rsquo;Etat.<\/p>\n\n\n\n<p class=\"\"><em>\u00ab\u00a0La victoire de Rachida Dati ne constituerait pas seulement une d\u00e9faite politique mais un effondrement moral et politique. L&rsquo;offre de Rachida Dati n&rsquo;est pas une offre classique mais une offre d&rsquo;extr\u00eame droite, c&rsquo;est un v\u00e9ritable danger\u00a0\u00bb<\/em>, insiste l&rsquo;\u00e9lu \u00e9cologiste David Belliard, troisi\u00e8me sur la liste Gr\u00e9goire.&nbsp;<em>\u00ab\u00a0Nous lan\u00e7ons donc un appel au-del\u00e0 des clivages partisans, \u00e0 ceux qui ont vot\u00e9 pour la liste LFI, d&rsquo;autres listes, ou celle de Pierre-Yves Bournazel, \u00e0 se mobiliser.\u00a0\u00bb&nbsp;<\/em>Un argumentaire qui fait bondir le camp de Rachida Dati.&nbsp;<em>\u00ab\u00a0Ma candidate n&rsquo;est pas soutenue par l&rsquo;extr\u00eame droite. Nous avons r\u00e9p\u00e9t\u00e9 que nous ne ferions jamais d&rsquo;alliance avec Sarah Knafo et c\u2019est \u00e9videmment le cas. C&rsquo;est utilis\u00e9 par la gauche pour ne pas parler bilan et projet\u00a0\u00bb<\/em>, s&rsquo;indigne l&rsquo;\u00e9lue MoDem Maud Gatel, troisi\u00e8me sur la liste Dati.<em>&nbsp;\u00ab\u00a0Je ne suis pas s\u00fbre que l&rsquo;on dise qu&rsquo;\u00e0 Marseille, Beno\u00eet Payan soit soutenu par LFI apr\u00e8s le retrait de S\u00e9bastien Delogu. Un retrait ne vaut pas un soutien.\u00a0\u00bb<\/em><\/p>\n\n\n\n<p class=\"\">Emmanuel Gr\u00e9goire doit, lui, composer avec le maintien de Sophia Chikirou. Dans son camp, on met donc en garde ceux qui envisagent de glisser un bulletin LFI dans l&rsquo;urne.Mais cette proche de Jean-Luc M\u00e9lenchon a r\u00e9ussi une bonne prestation lors du seul d\u00e9bat t\u00e9l\u00e9vis\u00e9, mercredi soir sur BFM<em>. \u00ab\u00a0Sur la forme, j&rsquo;ai trouv\u00e9 Sophia Chikirou tr\u00e8s bonne\u00a0\u00bb<\/em>, estime le politologue Benjamin Morel.&nbsp;<em>\u00ab\u00a0\u00c7a peut \u00eatre un probl\u00e8me pour Emmanuel Gr\u00e9goire car cela peut freiner une h\u00e9morragie de vote utile \u00e0 son profit, m\u00eame si je pense que cela se jouera sur bien d&rsquo;autres choses qu&rsquo;un d\u00e9bat.\u00a0\u00bb<\/em><\/p>\n\n\n\n<p class=\"\">En dramatisant les enjeux, l&rsquo;\u00e9quipe du candidat socialiste r\u00e9ussira-t-elle justement \u00e0 mobiliser son camp et au-del\u00e0&nbsp;?&nbsp;<em>\u00ab\u00a0Si Emmanuel Gr\u00e9goire parvient \u00e0 faire passer l&rsquo;id\u00e9e d&rsquo;une &lsquo;alliance de fait&rsquo; entre Rachida Dati et Sarah Knafo, \u00e7a peut lui permettre d&rsquo;obtenir des reports non n\u00e9gligeables de Sophia Chikirou mais aussi de Pierre-Yves Bournazel, et donc de gagner\u00a0\u00bb,&nbsp;<\/em>estime Mathieu Gallard, directeur d&rsquo;\u00e9tudes chez Ipsos.<em>&nbsp;\u00ab\u00a0De ce point de vue, il n&rsquo;est pas s\u00fbr que les propos de Jordan Bardella aident beaucoup Rachida Dati dans une ville comme Paris.\u00a0\u00bb&nbsp;<\/em>Le pr\u00e9sident du Rassemblement national a assur\u00e9, mardi sur&nbsp;<a href=\"https:\/\/www.tf1.fr\/tf1\/jt-20h\/videos\/municipales-2026-jordan-bardella-invite-du-20h-de-tf1-43750621.html\" target=\"_blank\" rel=\"noreferrer noopener\">TF1(Nouvelle fen\u00eatre)<\/a>, qu&rsquo;il aurait<em>&nbsp;\u00ab\u00a0utilis\u00e9 le bulletin de vote qui fait face \u00e0 celui de la gauche et de l&rsquo;extr\u00eame gauche\u00a0\u00bb<\/em>&nbsp;s&rsquo;il avait \u00e9t\u00e9 \u00e9lecteur \u00e0 Paris. Un soutien implicite \u00e0 la candidature de Rachida Dati.<\/p>\n\n\n\n<p class=\"\">Pour gagner, l&rsquo;ancienne ministre de la Culture va devoir miser sur l&rsquo;envie d&rsquo;alternance \u00e0 Paris.&nbsp;<em>\u00ab\u00a0Si c&rsquo;est un r\u00e9f\u00e9rendum sur la majorit\u00e9 sortante, c&rsquo;est de fait Dati la favorite puisque Gr\u00e9goire sera pris en \u00e9tau\u00a0\u00bb&nbsp;<\/em>entre les deux candidates, poursuit Mathieu Gallard. Une chose est certaine.&nbsp;<em>\u00ab\u00a0Si Paris reste \u00e0 gauche, les socialistes vont sortir vainqueurs\u00a0\u00bb<\/em>&nbsp;du scrutin \u00e0 l&rsquo;\u00e9chelle nationale, assure le politologue Brice Soccol. Si Rachida Dati est \u00e9lue maire, la droite comme le camp pr\u00e9sidentiel ne manqueront pas de tirer parti de cette victoire historique apr\u00e8s vingt-cinq ans de socialisme \u00e0 Paris.<\/p>\n","protected":false},"excerpt":{"rendered":"<p>Si le maire sortant socialiste est arriv\u00e9 nettement en t\u00eate du 1er tour, la candidate de la droite a obtenu la fusion de sa liste avec celle de Pierre-Yves Bournazel (Horizons), mais aussi le retrait de Sarah Knafo (Reconqu\u00eate). La candidate insoumise, Sophia Chikirou, a, elle, maintenu sa liste. Une situation qui pourrait changer le [&hellip;]<\/p>\n","protected":false},"author":2,"featured_media":43262,"comment_status":"open","ping_status":"open","sticky":false,"template":"","format":"standard","meta":{"_jetpack_memberships_contains_paid_content":false,"footnotes":"","jetpack_publicize_message":"","jetpack_publicize_feature_enabled":true,"jetpack_social_post_already_shared":true,"jetpack_social_options":{"image_generator_settings":{"template":"highway","default_image_id":0,"font":"","enabled":false},"version":2},"_wpas_customize_per_network":false},"categories":[405],"tags":[],"class_list":["post-43261","post","type-post","status-publish","format-standard","has-post-thumbnail","hentry","category-actu-france-monde"],"jetpack_publicize_connections":[],"jetpack_featured_media_url":"https:\/\/i0.wp.com\/www.iceagetv.com\/radiosite\/wp-content\/uploads\/2026\/03\/Ca-va-se-jouer-a-quelques-milliers-de-voix.jpg?fit=839%2C470&ssl=1","jetpack_sharing_enabled":true,"_links":{"self":[{"href":"https:\/\/www.iceagetv.com\/radiosite\/wp-json\/wp\/v2\/posts\/43261","targetHints":{"allow":["GET"]}}],"collection":[{"href":"https:\/\/www.iceagetv.com\/radiosite\/wp-json\/wp\/v2\/posts"}],"about":[{"href":"https:\/\/www.iceagetv.com\/radiosite\/wp-json\/wp\/v2\/types\/post"}],"author":[{"embeddable":true,"href":"https:\/\/www.iceagetv.com\/radiosite\/wp-json\/wp\/v2\/users\/2"}],"replies":[{"embeddable":true,"href":"https:\/\/www.iceagetv.com\/radiosite\/wp-json\/wp\/v2\/comments?post=43261"}],"version-history":[{"count":1,"href":"https:\/\/www.iceagetv.com\/radiosite\/wp-json\/wp\/v2\/posts\/43261\/revisions"}],"predecessor-version":[{"id":43263,"href":"https:\/\/www.iceagetv.com\/radiosite\/wp-json\/wp\/v2\/posts\/43261\/revisions\/43263"}],"wp:featuredmedia":[{"embeddable":true,"href":"https:\/\/www.iceagetv.com\/radiosite\/wp-json\/wp\/v2\/media\/43262"}],"wp:attachment":[{"href":"https:\/\/www.iceagetv.com\/radiosite\/wp-json\/wp\/v2\/media?parent=43261"}],"wp:term":[{"taxonomy":"category","embeddable":true,"href":"https:\/\/www.iceagetv.com\/radiosite\/wp-json\/wp\/v2\/categories?post=43261"},{"taxonomy":"post_tag","embeddable":true,"href":"https:\/\/www.iceagetv.com\/radiosite\/wp-json\/wp\/v2\/tags?post=43261"}],"curies":[{"name":"wp","href":"https:\/\/api.w.org\/{rel}","templated":true}]}}