{"id":43281,"date":"2026-03-20T11:16:00","date_gmt":"2026-03-20T10:16:00","guid":{"rendered":"https:\/\/www.iceagetv.com\/radiosite\/?p=43281"},"modified":"2026-03-20T11:16:01","modified_gmt":"2026-03-20T10:16:01","slug":"guerre-au-moyen-orient-quel-est-limpact-sur-la-facture-pour-les-103-millions-de-foyers-francais-raccordes-au-gaz","status":"publish","type":"post","link":"https:\/\/www.iceagetv.com\/radiosite\/guerre-au-moyen-orient-quel-est-limpact-sur-la-facture-pour-les-103-millions-de-foyers-francais-raccordes-au-gaz\/","title":{"rendered":"Guerre au Moyen-Orient\u00a0: quel est l&rsquo;impact sur la facture pour les 10,3 millions de foyers fran\u00e7ais raccord\u00e9s au gaz\u00a0?"},"content":{"rendered":"\n<p class=\"\">Alors que le prix du gaz europ\u00e9en s&rsquo;est une nouvelle fois envol\u00e9 de 35% jeudi, le gouvernement a indiqu\u00e9 ne pas envisager une baisse des taxes sur les carburants \u00e0 ce stade. Cette hausse a un impact direct sur la facture des 10,3 millions de foyers fran\u00e7ais raccord\u00e9s au gaz.<\/p>\n\n\n\n<p class=\"\">\u00c0 la suite de nouvelles frappes visant des infrastructures \u00e9nerg\u00e9tiques au Moyen-Orient,\u00a0<a href=\"https:\/\/www.francebleu.fr\/infos\/international\/guerre-au-moyen-orient-le-prix-du-gaz-s-envole-de-35-pas-de-baisse-des-taxes-sur-les-carburants-envisagee-a-ce-stade-9604393\">les prix du gaz en Europe ont bondi de 35 %<\/a>\u00a0jeudi. Cette hausse s\u2019explique notamment par une attaque men\u00e9e par l\u2019Iran contre le plus grand site mondial de production de gaz naturel liqu\u00e9fi\u00e9 (GNL), situ\u00e9 au Qatar.\u00a0Les 10,3 millions de foyers fran\u00e7ais aliment\u00e9s en gaz subissent une r\u00e9percussion sur leur facture.Une hausse de la facture de 50%<\/p>\n\n\n\n<p class=\"\">Depuis le d\u00e9but du conflit, les cours du gaz ont augment\u00e9 de 130%. Les comparateurs de prix ont fait leurs calculs&nbsp;: jeudi, le prix du gaz sur les march\u00e9s est pass\u00e9 d&rsquo;un prix entre 30 et 50 euros le m\u00e9gawattheure \u00e0 50 voire 70 euros. Philippe Chalmin, professeur d\u2019histoire \u00e9conomique, consid\u00e9rait jeudi sur&nbsp;<a target=\"_blank\" rel=\"noreferrer noopener\" href=\"https:\/\/www.franceinfo.fr\/monde\/iran\/guerre-entre-les-etats-unis-israel-et-l-iran\/guerre-au-moyen-orient-les-frappes-sur-des-sites-gaziers-se-ressentiront-des-cette-annee-sur-la-facture-de-gaz-des-francais-selon-des-experts_7879985.html\">franceinfo<\/a>&nbsp;qu&rsquo;il est possible de commencer \u00e0 parler&nbsp;<em>\u00ab\u00a0d&rsquo;un v\u00e9ritable choc \u00e9nerg\u00e9tique, pas seulement d&rsquo;ailleurs de choc p\u00e9trolier, mais peut-\u00eatre encore plus quand on regarde le comportement des march\u00e9s depuis quelques heures, d&rsquo;un v\u00e9ritable choc gazier\u00a0\u00bb<\/em>.<\/p>\n\n\n\n<p class=\"\">La facture des particuliers va donc s&rsquo;envoler de 50%. Selon le comparateur Hello Watt, cela \u00e9quivaut \u00e0&nbsp;<strong>une hausse de 525 euros par an pour une famille de quatre personnes chauff\u00e9e au gaz<\/strong>. Et m\u00eame si les cours redescendent en partie, le rattrapage des prix est in\u00e9luctable&nbsp;: la m\u00eame famille devra d\u00e9bourser 260 euros de plus par an.<\/p>\n\n\n\n<p class=\"\">Les seuls&nbsp;consommateurs concern\u00e9s seront ceux dont l&rsquo;offre est en partie index\u00e9e sur le prix rep\u00e8re de la CRE qui change tous les mois. C&rsquo;est le cas des deux tiers des consommateurs de gaz, selon Mon courtier \u00e9nergie.<\/p>\n","protected":false},"excerpt":{"rendered":"<p>Alors que le prix du gaz europ\u00e9en s&rsquo;est une nouvelle fois envol\u00e9 de 35% jeudi, le gouvernement a indiqu\u00e9 ne pas envisager une baisse des taxes sur les carburants \u00e0 ce stade. Cette hausse a un impact direct sur la facture des 10,3 millions de foyers fran\u00e7ais raccord\u00e9s au gaz. \u00c0 la suite de nouvelles [&hellip;]<\/p>\n","protected":false},"author":2,"featured_media":43282,"comment_status":"open","ping_status":"open","sticky":false,"template":"","format":"standard","meta":{"_jetpack_memberships_contains_paid_content":false,"footnotes":"","jetpack_publicize_message":"","jetpack_publicize_feature_enabled":true,"jetpack_social_post_already_shared":true,"jetpack_social_options":{"image_generator_settings":{"template":"highway","default_image_id":0,"font":"","enabled":false},"version":2},"_wpas_customize_per_network":false},"categories":[405],"tags":[],"class_list":["post-43281","post","type-post","status-publish","format-standard","has-post-thumbnail","hentry","category-actu-france-monde"],"jetpack_publicize_connections":[],"jetpack_featured_media_url":"https:\/\/i0.wp.com\/www.iceagetv.com\/radiosite\/wp-content\/uploads\/2026\/03\/quel-est-limpact-sur-la-facture-pour-les-103-millions.jpg?fit=641%2C323&ssl=1","jetpack_sharing_enabled":true,"_links":{"self":[{"href":"https:\/\/www.iceagetv.com\/radiosite\/wp-json\/wp\/v2\/posts\/43281","targetHints":{"allow":["GET"]}}],"collection":[{"href":"https:\/\/www.iceagetv.com\/radiosite\/wp-json\/wp\/v2\/posts"}],"about":[{"href":"https:\/\/www.iceagetv.com\/radiosite\/wp-json\/wp\/v2\/types\/post"}],"author":[{"embeddable":true,"href":"https:\/\/www.iceagetv.com\/radiosite\/wp-json\/wp\/v2\/users\/2"}],"replies":[{"embeddable":true,"href":"https:\/\/www.iceagetv.com\/radiosite\/wp-json\/wp\/v2\/comments?post=43281"}],"version-history":[{"count":1,"href":"https:\/\/www.iceagetv.com\/radiosite\/wp-json\/wp\/v2\/posts\/43281\/revisions"}],"predecessor-version":[{"id":43283,"href":"https:\/\/www.iceagetv.com\/radiosite\/wp-json\/wp\/v2\/posts\/43281\/revisions\/43283"}],"wp:featuredmedia":[{"embeddable":true,"href":"https:\/\/www.iceagetv.com\/radiosite\/wp-json\/wp\/v2\/media\/43282"}],"wp:attachment":[{"href":"https:\/\/www.iceagetv.com\/radiosite\/wp-json\/wp\/v2\/media?parent=43281"}],"wp:term":[{"taxonomy":"category","embeddable":true,"href":"https:\/\/www.iceagetv.com\/radiosite\/wp-json\/wp\/v2\/categories?post=43281"},{"taxonomy":"post_tag","embeddable":true,"href":"https:\/\/www.iceagetv.com\/radiosite\/wp-json\/wp\/v2\/tags?post=43281"}],"curies":[{"name":"wp","href":"https:\/\/api.w.org\/{rel}","templated":true}]}}