{"id":43348,"date":"2026-03-23T13:07:00","date_gmt":"2026-03-23T12:07:00","guid":{"rendered":"https:\/\/www.iceagetv.com\/radiosite\/?p=43348"},"modified":"2026-03-23T13:07:02","modified_gmt":"2026-03-23T12:07:02","slug":"mort-de-lionel-jospin-ancien-premier-ministre-socialiste-et-architecte-de-la-gauche-plurielle-a-lage-de-88-ans","status":"publish","type":"post","link":"https:\/\/www.iceagetv.com\/radiosite\/mort-de-lionel-jospin-ancien-premier-ministre-socialiste-et-architecte-de-la-gauche-plurielle-a-lage-de-88-ans\/","title":{"rendered":"Mort de Lionel Jospin, ancien Premier ministre socialiste et architecte de la \u00ab\u00a0gauche plurielle\u00a0\u00bb, \u00e0 l&rsquo;\u00e2ge de 88\u00a0ans"},"content":{"rendered":"\n<p class=\"\">La gauche fran\u00e7aise pleure l&rsquo;une de ses grandes figures. Lionel Jospin, Premier ministre socialiste de 1997 \u00e0 2002, est mort \u00e0 l&rsquo;\u00e2ge de 88\u00a0ans, a annonc\u00e9 sa famille \u00e0 l&rsquo;AFP, lundi 23\u00a0mars.\u00a0Lors de son passage \u00e0 Matignon, cet artisan de la \u00ab\u00a0gauche plurielle\u00a0\u00bb a port\u00e9 des r\u00e9formes marquantes comme le passage aux\u00a0<a href=\"https:\/\/www.franceinfo.fr\/societe\/vingt-ans-apres-les-35-heures-la-semaine-de-quatre-jours-est-elle-la-prochaine-etape_3797075.html\">35\u00a0heures<\/a>, le quinquennat, la loi sur la parit\u00e9 en politique ou encore\u00a0<a href=\"https:\/\/www.franceinfo.fr\/societe\/mariage\/le-pacs-a-20-ans_3705767.html\">le pacs<\/a>\u00a0(pacte civil de solidarit\u00e9). Il reste aussi dans la m\u00e9moire des Fran\u00e7ais pour avoir tir\u00e9 sa r\u00e9v\u00e9rence apr\u00e8s sa d\u00e9faite au soir du 21\u00a0avril 2002, quand les \u00e9lecteurs ont pr\u00e9f\u00e9r\u00e9 qualifier Jean-Marie Le Pen et Jacques Chirac pour\u00a0<a href=\"https:\/\/www.franceinfo.fr\/politique\/il-y-a-dix-ans-le-21-avril-2002-lionel-jospin-etait-elimine-au-premier-tour_265655.html\">le second tour de l&rsquo;\u00e9lection pr\u00e9sidentielle<\/a>.<em>\u00ab\u00a0J&rsquo;assume pleinement la responsabilit\u00e9 de cet \u00e9chec et j&rsquo;en tire les conclusions, en me retirant de la vie politique\u00a0\u00bb<\/em>,&nbsp;<a href=\"https:\/\/www.ina.fr\/ina-eclaire-actu\/video\/i00011344\/retrait-de-la-vie-politique-de-lionel-jospin\" target=\"_blank\" rel=\"noreferrer noopener\">avait-il alors d\u00e9clar\u00e9(Nouvelle fen\u00eatre)<\/a>, d\u00e9clenchant les protestations de ses partisans. Ce d\u00e9part quelques semaines avant les \u00e9lections l\u00e9gislatives lui a longtemps valu les reproches d&rsquo;une partie des militants de son camp.&nbsp;<em>\u00ab\u00a0Il y a eu une campagne sur le th\u00e8me &lsquo;Il nous laisse tomber&rsquo;, des commentateurs ont voulu voir dans sa d\u00e9cision une forme de l\u00e2chet\u00e9. Ce n&rsquo;\u00e9tait pas du tout le cas, mais peut-\u00eatre l&rsquo;explication manquait-elle\u00a0\u00bb<\/em>, estime son ami Jean Glavany, directeur de la campagne de Lionel Jospin lors de cette pr\u00e9sidentielle.&nbsp;<em>\u00ab\u00a0Qui a abandonn\u00e9 qui&nbsp;? (&#8230;) Le peuple m&rsquo;a \u00e9cart\u00e9, je m&rsquo;\u00e9carte\u00a0\u00bb<\/em>, se justifiait encore Lionel Jospin en septembre 2023, face \u00e0 une auditrice de&nbsp;<a href=\"https:\/\/youtu.be\/jAkzouiTLbc?si=xiVPDvjAnFXetBmW&amp;t=1273\" target=\"_blank\" rel=\"noreferrer noopener\">France Inter(Nouvelle fen\u00eatre)<\/a>&nbsp;qui lui reprochait sa d\u00e9cision.<\/p>\n\n\n\n<h2 class=\"wp-block-heading\">\u00ab\u00a0L&rsquo;importance du silence\u00a0\u00bb<\/h2>\n\n\n\n<p class=\"\"><em>\u00ab\u00a0Il m&rsquo;en avait parl\u00e9 plusieurs mois avant le 21 avril, il m&rsquo;avait dit que s&rsquo;il ne gagnait pas, il ne voulait pas g\u00eaner la nouvelle g\u00e9n\u00e9ration en restant l\u00e0\u00a0\u00bb<\/em>, se souvient Jean Glavany, ministre de l&rsquo;Agriculture de 1998 \u00e0 2002. Sur les raisons de son \u00e9chec, Lionel Jospin a plusieurs fois d\u00e9sign\u00e9 la dispersion des voix de gauche. Le souverainiste Jean-Pierre Chev\u00e8nement (5,33%), l&rsquo;\u00e9cologiste No\u00ebl Mam\u00e8re (5,25%), le communiste Robert Hue (3,37%) et la radicale Christiane Taubira (2,32%) avaient priv\u00e9 le socialiste de pr\u00e9cieux bulletins.&nbsp;<em>\u00ab\u00a0Nous ne pouvions pas gagner l&rsquo;\u00e9lection avec cinq candidats de chacun des partis de la majorit\u00e9 plurielle\u00a0\u00bb<\/em>, r\u00e9p\u00e9tait-il&nbsp;<a href=\"https:\/\/www.youtube.com\/watch?v=EodzuVGhjIQ&amp;ab_channel=INAActu\" target=\"_blank\" rel=\"noreferrer noopener\">sur franceinfo(Nouvelle fen\u00eatre)<\/a>&nbsp;en 2022.&nbsp;<\/p>\n\n\n\n<p class=\"\">Mais l&rsquo;ancien chef de gouvernement a \u00e9galement commis des erreurs.&nbsp;<em>\u00ab\u00a0La campagne \u00e9tait d\u00e9sincarn\u00e9e. Tous les th\u00e8mes \u00e9taient coup\u00e9s en morceaux, il manquait une ligne. Les \u00e9quipes l&rsquo;entretenaient dans l&rsquo;illusion, alors que les sondages \u00e9taient ric-rac\u00a0\u00bb<\/em>, analyse Jack Lang, ancien ministre de l&rsquo;Education de Lionel Jospin.<em>&nbsp;\u00ab\u00a0On a laiss\u00e9 faire une dispersion infernale des candidats et la campagne \u00e9tait tourn\u00e9e vers elle-m\u00eame. Les gens n&rsquo;allaient pas sur le terrain, ils se r\u00e9unissaient entre eux.\u00a0\u00bb<\/em><\/p>\n\n\n\n<blockquote class=\"wp-block-quote is-layout-flow wp-block-quote-is-layout-flow\">\n<p class=\"\">\u00ab\u00a0Il aurait d\u00fb \u00eatre \u00e9lu pr\u00e9sident de la R\u00e9publique et il aurait \u00e9t\u00e9 un bon pr\u00e9sident. C&rsquo;est une anomalie absolue de l&rsquo;histoire.\u00a0\u00bbJack Lang, ancien ministre de Lionel Jospin<\/p>\n\n\n\n<p class=\"\">\u00e0 franceinfo<\/p>\n<\/blockquote>\n\n\n\n<p class=\"\">Le 21 avril 2002 marque un tournant dans la politique fran\u00e7aise ainsi que dans la construction de la longue carri\u00e8re politique de Lionel Jospin \u00e0 la t\u00eate de l&rsquo;Etat. N\u00e9 le 12 juillet 1937 au sein d&rsquo;une famille protestante, d&rsquo;une m\u00e8re sage-femme et militante pacifiste et d&rsquo;un p\u00e8re enseignant et militant socialiste, il grandit \u00e0 Meudon (Hauts-de-Seine) avec en fond l&rsquo;ambiance de la Seconde Guerre mondiale et de ses r\u00e9seaux de r\u00e9sistance.&nbsp;<em>\u00ab\u00a0J&rsquo;ai d&rsquo;ailleurs gard\u00e9 de cette \u00e9poque le souvenir de l&rsquo;importance du silence. Il fallait savoir se taire parce que, si on ne se taisait pas, on pouvait faire courir des risques immenses \u00e0 d&rsquo;autres\u00a0\u00bb,<\/em>&nbsp;confiait-il dans&nbsp;<em>Lionel raconte Jospin<\/em>&nbsp;(Editions du Seuil, 2010).&nbsp;<em>\u00ab\u00a0Peut-\u00eatre faut-il trouver l\u00e0 l&rsquo;origine de mon peu de go\u00fbt pour les bavardages manifest\u00e9 plus tard dans la vie politique.\u00a0\u00bb<\/em><\/p>\n\n\n\n<h2 class=\"wp-block-heading\">Des liens avec le trotskisme<\/h2>\n\n\n\n<p class=\"\">Apr\u00e8s le lyc\u00e9e Charlemagne \u00e0 Paris s&rsquo;encha\u00eenent l&rsquo;hypokh\u00e2gne puis l&rsquo;entr\u00e9e \u00e0 Sciences Po. Il adh\u00e8re au syndicat \u00e9tudiant Unef et d\u00e9couvre le militantisme.<em>&nbsp;\u00ab\u00a0J&rsquo;ai particip\u00e9 \u00e0 la lutte contre la guerre d&rsquo;Alg\u00e9rie, par la protestation, par des manifestations, en particulier contre l&rsquo;usage de la torture\u00a0\u00bb<\/em>, raconte-t-il dans sa biographie. Apr\u00e8s son service militaire,<strong>&nbsp;<\/strong>il entre en 1963<strong>&nbsp;<\/strong>\u00e0&nbsp;<a href=\"https:\/\/www.franceinfo.fr\/societe\/education\/suppression-de-l-ena\/l-ena-va-etre-supprimee-et-remplacee-par-l-institut-du-service-public-annonce-emmanuel-macron_4364371.html\">l&rsquo;ENA<\/a>.&nbsp;<\/p>\n\n\n\n<blockquote class=\"wp-block-quote is-layout-flow wp-block-quote-is-layout-flow\">\n<p class=\"\">\u00ab\u00a0J&rsquo;ai choisi de servir l&rsquo;Etat, c&rsquo;est-\u00e0-dire, \u00e0 mes yeux, l&rsquo;int\u00e9r\u00eat g\u00e9n\u00e9ral.\u00a0\u00bbLionel Jospin<\/p>\n\n\n\n<p class=\"\">dans le livre \u00ab\u00a0Lionel raconte Jospin\u00a0\u00bb<\/p>\n<\/blockquote>\n\n\n\n<p class=\"\">Le jeune \u00e9narque d\u00e9bute ensuite sa carri\u00e8re au minist\u00e8re des Affaires \u00e9trang\u00e8res. Au cours de cette p\u00e9riode, il est initi\u00e9 par un certain Boris Fraenkel au trotskisme, courant issu des id\u00e9es communistes de L\u00e9on Trotski.<em>&nbsp;\u00ab\u00a0C&rsquo;\u00e9tait essentiellement discuter de la situation politique (&#8230;), partager une tradition et une culture\u00a0\u00bb<\/em>, assure Lionel Jospin dans sa biographie. Il a fallu attendre 2001 pour que le socialiste, alors Premier ministre,&nbsp;<a href=\"https:\/\/www.ina.fr\/ina-eclaire-actu\/video\/cab01025553\/lionel-jospin-reconnait-son-passe-trostkiste\" target=\"_blank\" rel=\"noreferrer noopener\">reconnaisse ce passage par la mouvance d&rsquo;extr\u00eame gauche(Nouvelle fen\u00eatre)<\/a>, avec laquelle il a d\u00e9finitivement rompu au milieu des ann\u00e9es 1980.<\/p>\n\n\n\n<p class=\"\">A la fin des ann\u00e9es 1960, il quitte le quai d&rsquo;Orsay et enseigne l&rsquo;\u00e9conomie notamment \u00e0 l&rsquo;IUT de Sceaux. Apr\u00e8s le congr\u00e8s d&rsquo;Epinay, il adh\u00e8re en 1971 au Parti socialiste.\u00a0<em>\u00ab\u00a0M\u00eame si j&rsquo;ai des liens avec des trotskistes, il n&rsquo;y a pas pour moi contradiction, car les deux attachements se situent sur des plans diff\u00e9rents\u00a0\u00bb<\/em>, assure-t-il dans\u00a0<em>Lionel raconte Jospin<\/em>. Il gravit les \u00e9chelons du parti et int\u00e8gre, \u00e0 la demande de Fran\u00e7ois Mitterrand, le secr\u00e9tariat national du PS et son bureau ex\u00e9cutif en 1973.\u00a0Il prend en charge le secteur de la formation, puis des relations internationales.&nbsp;<em>\u00ab\u00a0On s&rsquo;est connus au fil de cette p\u00e9riode. Ce qui m&rsquo;a plu d&#8217;embl\u00e9e&nbsp;: son c\u00f4t\u00e9 tr\u00e8s franc, tr\u00e8s direct, amoureux des relations chaleureuses et simples\u00a0\u00bb<\/em>, raconte Jean Glavany.<\/p>\n\n\n\n<blockquote class=\"wp-block-quote is-layout-flow wp-block-quote-is-layout-flow\">\n<p class=\"\">\u00ab\u00a0Les gens ont du mal \u00e0 imaginer un Jospin d\u00e9tendu, souriant, voire d\u00e9conneur, parce qu&rsquo;il avait cette retenue dans la vie publique, ce qui d&rsquo;ailleurs lui a peut-\u00eatre caus\u00e9 du tort dans sa r\u00e9ussite politique.\u00a0\u00bbJean Glavany, ancien ministre de Lionel Jospin<\/p>\n\n\n\n<p class=\"\">\u00e0 franceinfo<\/p>\n<\/blockquote>\n\n\n\n<p class=\"\">Il devient num\u00e9ro deux du PS apr\u00e8s le congr\u00e8s de Metz de 1979. Peu connu du grand public, il se fait remarquer l&rsquo;ann\u00e9e d&rsquo;apr\u00e8s lors d&rsquo;un d\u00e9bat t\u00e9l\u00e9vis\u00e9 o\u00f9 il remplace Fran\u00e7ois Mitterrand face au communiste Georges Marchais.&nbsp;<em>\u00ab\u00a0Je travaillais aujourd&rsquo;hui et je faisais mes cours, et je crois, cher Georges Marchais, que \u00e7a fait trente ans que vous n&rsquo;\u00eates plus ouvrier\u00a0\u00bb<\/em>, lance le cadre du PS au dirigeant communiste.<\/p>\n\n\n\n<h2 class=\"wp-block-heading\">\u00ab\u00a0Il \u00e9tait fid\u00e8le \u00e0 nos valeurs\u00a0\u00bb<\/h2>\n\n\n\n<p class=\"\">Quand Fran\u00e7ois Mitterand est d\u00e9sign\u00e9 candidat pour la pr\u00e9sidentielle de 1981, il prend donc les r\u00eanes du Parti socialiste. Il assiste aux premi\u00e8res loges \u00e0 l&rsquo;arriv\u00e9e de la gauche \u00e0 l&rsquo;Elys\u00e9e.&nbsp;<em>\u00ab\u00a0J&rsquo;appelle Fran\u00e7ois Mitterrand et je lui confirme sa victoire. Ce qui me frappe, c&rsquo;est son calme extr\u00eame, sa satisfaction, mais une satisfaction qu&rsquo;il veut contr\u00f4ler. C&rsquo;est une retenue joyeuse<\/em>,&nbsp;<a href=\"https:\/\/www.franceinfo.fr\/politique\/francois-mitterrand\/temoignages-election-10-mai-1981-racontee-par-ceux-qui-l-ont-vecue-socialistes-gauche.html\">racontait-il \u00e0 franceinfo<\/a>&nbsp;en 2021.&nbsp;<em>J&rsquo;arrive assez tard \u00e0 la Bastille, les prises de parole ont d\u00e9j\u00e0 commenc\u00e9. Je m&rsquo;exprime \u00e0 mon tour bri\u00e8vement. Je subis, comme tous, une ond\u00e9e qui se transforme en orage.\u00a0\u00bb<\/em><\/p>\n\n\n\n<blockquote class=\"wp-block-quote is-layout-flow wp-block-quote-is-layout-flow\">\n<p class=\"\">\u00ab\u00a0Je suis marqu\u00e9 en voyant la jeunesse des gens, je vois leurs visages ruisselant de pluie et de bonheur.\u00a0\u00bbLionel Jospin, \u00e0 propos de la victoire de la gauche en mai 1981<\/p>\n\n\n\n<p class=\"\">\u00e0 franceinfo<\/p>\n<\/blockquote>\n\n\n\n<p class=\"\">Le cadre socialiste est \u00e0 son tour \u00e9lu d\u00e9put\u00e9 de Paris lors des l\u00e9gislatives de juin dans les quartiers populaires de La Chapelle et de la Goutte d&rsquo;or. Dans la foul\u00e9e, il participe aux n\u00e9gociations d&rsquo;un \u00ab\u00a0accord de gouvernement\u00a0\u00bb avec le Parti communiste. Puis vient l&rsquo;exercice du pouvoir. Le premier secr\u00e9taire assiste depuis la rue de Solf\u00e9rino au tournant de la rigueur :&nbsp;<em>\u00ab\u00a0On ne peut pas dire que j&rsquo;y sois pr\u00eat, mais je le comprends\u00a0\u00bb<\/em>, explique-t-il dans sa biographie.&nbsp;<\/p>\n\n\n\n<p class=\"\">Il observe aussi les cort\u00e8ges des\u00a0<a href=\"https:\/\/france3-regions.franceinfo.fr\/bretagne\/2014\/02\/17\/18-fevrier-1984-300-000-manifestants-defendent-l-ecole-libre-rennes-417175.html\" target=\"_blank\" rel=\"noreferrer noopener\">manifestations g\u00e9antes(Nouvelle fen\u00eatre)<\/a>\u00a0du mouvement de \u00ab\u00a0l&rsquo;Ecole libre\u00a0\u00bb contre le projet de loi Savary. Comme premier secr\u00e9taire du PS, il cherche \u00e0 peser dans les d\u00e9bats.\u00a0<em>\u00ab\u00a0Je me suis souvent appuy\u00e9 sur lui, notamment dans les n\u00e9gociations budg\u00e9taires\u00a0\u00bb<\/em>, raconte Jack Lang, alors ministre de la Culture.<em>\u00a0\u00ab\u00a0Il \u00e9tait fid\u00e8le \u00e0 nos grands principes, \u00e0 nos id\u00e9es, \u00e0 nos valeurs.\u00a0\u00bb<\/em>Lors du second septennat socialiste, il exprime son souhait d&rsquo;entrer au gouvernement et se retrouve num\u00e9ro 2 derri\u00e8re Michel Rocard, en charge de l&rsquo;Education et de la Recherche (1988-1992).&nbsp;<em>\u00ab\u00a0Je suis conscient que le pr\u00e9sident me confie un minist\u00e8re difficile o\u00f9 l&rsquo;on me teste plus qu&rsquo;on ne me gratifie\u00a0\u00bb<\/em>, confie-t-il dans&nbsp;<em>Lionel raconte Jospin<\/em>. Il fait notamment voter une loi d&rsquo;orientation sur l&rsquo;\u00e9ducation, dite&nbsp;<a href=\"https:\/\/www.jean-jaures.org\/publication\/trente-ans-apres-la-loi-jospin-et-ses-heritages\/\" target=\"_blank\" rel=\"noreferrer noopener\">loi Jospin(Nouvelle fen\u00eatre)<\/a>, qui modifie le fonctionnement du syst\u00e8me \u00e9ducatif, revalorise les salaires des enseignants et place \u00ab\u00a0l&rsquo;\u00e9l\u00e8ve au centre de l&rsquo;\u00e9cole\u00a0\u00bb. &nbsp;<\/p>\n\n\n\n<h2 class=\"wp-block-heading\">\u00ab\u00a0Un vrai capitaine d&rsquo;\u00e9quipage\u00a0\u00bb<\/h2>\n\n\n\n<p class=\"\">La fin de r\u00e8gne de Fran\u00e7ois Mitterrand laisse place aux divisions socialistes. Les jospiniens s&rsquo;opposent notamment aux partisans de Laurent Fabius lors du fratricide&nbsp;<a href=\"https:\/\/www.ina.fr\/ina-eclaire-actu\/video\/cab90012320\/la-nuit-du-ps\" target=\"_blank\" rel=\"noreferrer noopener\">congr\u00e8s de Rennes de 1990(Nouvelle fen\u00eatre)<\/a>. Lionel Jospin s&rsquo;\u00e9loigne du pr\u00e9sident de la R\u00e9publique pour diff\u00e9rentes raisons (<a href=\"https:\/\/www.franceinfo.fr\/economie\/emploi\/metiers\/droit-et-justice\/proces-bousquet-lenigme-dun-coupable-innocente_5440693.html\">l&rsquo;affaire Bousquet<\/a>, l&rsquo;av\u00e8nement de Bernard Tapie, les divisions internes au PS) et se retrouve contraint de quitter le gouvernement en 1992.<strong>&nbsp;<\/strong>L&rsquo;ann\u00e9e d&rsquo;apr\u00e8s, lors de la d\u00e9b\u00e2cle de la gauche aux l\u00e9gislatives, il est battu dans sa circonscription et se retrouve simple conseiller g\u00e9n\u00e9ral de Cintegabelle.<\/p>\n\n\n\n<p class=\"\">En 1995, ce passionn\u00e9 de basket-ball rebondit et gagne la primaire socialiste face \u00e0 Henri Emmanuelli. Il r\u00e9clame alors un \u00ab\u00a0<a href=\"https:\/\/www.radiofrance.fr\/franceculture\/podcasts\/le-billet-politique\/la-delicate-question-du-droit-d-inventaire-3693704\" target=\"_blank\" rel=\"noreferrer noopener\">droit d&rsquo;inventaire(Nouvelle fen\u00eatre)<\/a>\u00a0\u00bb afin de se d\u00e9marquer d&rsquo;un Fran\u00e7ois Mitterrand us\u00e9 par quatorze ann\u00e9es de pouvoir<strong>.&nbsp;<\/strong>Dans une pr\u00e9sidentielle qui ressemble \u00e0 une mission impossible apr\u00e8s deux septennats miterrandiens, il r\u00e9alise une bonne campagne et termine en t\u00eate du premier tour. Mais il n&rsquo;obtient que 47,36\u202f% des voix au second tour face \u00e0 Jacques Chirac. Les Fran\u00e7ais choisissent l&rsquo;alternance.<\/p>\n\n\n\n<p class=\"\">Le socialiste obtient sa revanche deux ans plus tard, quand Jacques Chirac d\u00e9cide de dissoudre l&rsquo;Assembl\u00e9e nationale pour provoquer des l\u00e9gislatives un an avant la date pr\u00e9vue. L&rsquo;opposition ne se laisse pas surprendre. Les cinq partis de la \u00ab\u00a0gauche plurielle\u00a0\u00bb (PS, PCF, Les Verts, le PRG et le MRC) se rassemblent et renversent les sondages pour d\u00e9crocher une majorit\u00e9.&nbsp;<em>\u00ab\u00a0On \u00e9tait pr\u00eats, on n&rsquo;a pas fait un accord au dernier moment, comme aujourd&rsquo;hui&nbsp;<\/em>[avec la Nupes].<em>&nbsp;Le PS a discut\u00e9 avec chacun des partenaires\u00a0\u00bb<\/em>,&nbsp;<a href=\"https:\/\/www.youtube.com\/watch?v=EodzuVGhjIQ&amp;ab_channel=INAActu\" target=\"_blank\" rel=\"noreferrer noopener\">expliquait-il sur franceinfo en 2022(Nouvelle fen\u00eatre)<\/a>. Lionel Jospin entre \u00e0 Matignon et entame une cohabitation de cinq ans avec Jacques Chirac.&nbsp;<\/p>\n","protected":false},"excerpt":{"rendered":"<p>La gauche fran\u00e7aise pleure l&rsquo;une de ses grandes figures. Lionel Jospin, Premier ministre socialiste de 1997 \u00e0 2002, est mort \u00e0 l&rsquo;\u00e2ge de 88\u00a0ans, a annonc\u00e9 sa famille \u00e0 l&rsquo;AFP, lundi 23\u00a0mars.\u00a0Lors de son passage \u00e0 Matignon, cet artisan de la \u00ab\u00a0gauche plurielle\u00a0\u00bb a port\u00e9 des r\u00e9formes marquantes comme le passage aux\u00a035\u00a0heures, le quinquennat, la [&hellip;]<\/p>\n","protected":false},"author":2,"featured_media":43349,"comment_status":"open","ping_status":"open","sticky":false,"template":"","format":"standard","meta":{"_jetpack_memberships_contains_paid_content":false,"footnotes":"","jetpack_publicize_message":"","jetpack_publicize_feature_enabled":true,"jetpack_social_post_already_shared":true,"jetpack_social_options":{"image_generator_settings":{"template":"highway","default_image_id":0,"font":"","enabled":false},"version":2},"_wpas_customize_per_network":false},"categories":[405],"tags":[],"class_list":["post-43348","post","type-post","status-publish","format-standard","has-post-thumbnail","hentry","category-actu-france-monde"],"jetpack_publicize_connections":[],"jetpack_featured_media_url":"https:\/\/i0.wp.com\/www.iceagetv.com\/radiosite\/wp-content\/uploads\/2026\/03\/Mort-de-Lionel-Jospin.jpg?fit=708%2C455&ssl=1","jetpack_sharing_enabled":true,"_links":{"self":[{"href":"https:\/\/www.iceagetv.com\/radiosite\/wp-json\/wp\/v2\/posts\/43348","targetHints":{"allow":["GET"]}}],"collection":[{"href":"https:\/\/www.iceagetv.com\/radiosite\/wp-json\/wp\/v2\/posts"}],"about":[{"href":"https:\/\/www.iceagetv.com\/radiosite\/wp-json\/wp\/v2\/types\/post"}],"author":[{"embeddable":true,"href":"https:\/\/www.iceagetv.com\/radiosite\/wp-json\/wp\/v2\/users\/2"}],"replies":[{"embeddable":true,"href":"https:\/\/www.iceagetv.com\/radiosite\/wp-json\/wp\/v2\/comments?post=43348"}],"version-history":[{"count":1,"href":"https:\/\/www.iceagetv.com\/radiosite\/wp-json\/wp\/v2\/posts\/43348\/revisions"}],"predecessor-version":[{"id":43350,"href":"https:\/\/www.iceagetv.com\/radiosite\/wp-json\/wp\/v2\/posts\/43348\/revisions\/43350"}],"wp:featuredmedia":[{"embeddable":true,"href":"https:\/\/www.iceagetv.com\/radiosite\/wp-json\/wp\/v2\/media\/43349"}],"wp:attachment":[{"href":"https:\/\/www.iceagetv.com\/radiosite\/wp-json\/wp\/v2\/media?parent=43348"}],"wp:term":[{"taxonomy":"category","embeddable":true,"href":"https:\/\/www.iceagetv.com\/radiosite\/wp-json\/wp\/v2\/categories?post=43348"},{"taxonomy":"post_tag","embeddable":true,"href":"https:\/\/www.iceagetv.com\/radiosite\/wp-json\/wp\/v2\/tags?post=43348"}],"curies":[{"name":"wp","href":"https:\/\/api.w.org\/{rel}","templated":true}]}}