{"id":43358,"date":"2026-03-23T18:54:58","date_gmt":"2026-03-23T17:54:58","guid":{"rendered":"https:\/\/www.iceagetv.com\/radiosite\/?p=43358"},"modified":"2026-03-23T18:55:02","modified_gmt":"2026-03-23T17:55:02","slug":"mort-de-lionel-jospin-un-hommage-national-sera-rendu-jeudi-matin-aux-invalides-a-paris","status":"publish","type":"post","link":"https:\/\/www.iceagetv.com\/radiosite\/mort-de-lionel-jospin-un-hommage-national-sera-rendu-jeudi-matin-aux-invalides-a-paris\/","title":{"rendered":"Mort de Lionel Jospin : un hommage national sera rendu jeudi matin aux Invalides \u00e0 Paris"},"content":{"rendered":"\n<p class=\"\">Emmanuel Macron annonce la tenue d&rsquo;un hommage national \u00e0 Lionel Jospin, jeudi 26 mars, quelques heures apr\u00e8s l&rsquo;annonce de la mort de l&rsquo;ancien Premier ministre socialiste.<\/p>\n\n\n\n<p class=\"\">Emmanuel Macron annonce la tenue d&rsquo;un hommage national \u00e0 Lionel Jospin ce jeudi 26 mars au matin aux Invalides, quelques heures apr\u00e8s l&rsquo;annonce de la mort de l&rsquo;ancien Premier ministre socialiste \u00e0 l&rsquo;\u00e2ge de 88 ans. \u00ab\u00a0Je veux avant toute chose dire ici l&rsquo;\u00e9motion, le respect de la Nation tout enti\u00e8re et dire qu&rsquo;un hommage national lui sera rendu jeudi\u00a0\u00bb, a d\u00e9clar\u00e9 le chef de l&rsquo;\u00c9tat lors d&rsquo;un d\u00e9placement \u00e0 l&rsquo;Institut du monde arabe \u00e0 Paris.\u00a0\u00bbLionel Jospin est un grand destin fran\u00e7ais : Premier secr\u00e9taire du PS de Fran\u00e7ois Mitterrand, ministre de l\u2019Education nationale, Premier ministre, membre du Conseil Constitutionnel. Par sa rigueur, son courage et son id\u00e9al de progr\u00e8s, il incarnait une haute id\u00e9e de la R\u00e9publique\u00a0\u00bb, avait \u00e9crit le pr\u00e9sident de la R\u00e9publique pour saluer sa m\u00e9moire, sur X plus t\u00f4t dans la journ\u00e9e.<\/p>\n","protected":false},"excerpt":{"rendered":"<p>Emmanuel Macron annonce la tenue d&rsquo;un hommage national \u00e0 Lionel Jospin, jeudi 26 mars, quelques heures apr\u00e8s l&rsquo;annonce de la mort de l&rsquo;ancien Premier ministre socialiste. Emmanuel Macron annonce la tenue d&rsquo;un hommage national \u00e0 Lionel Jospin ce jeudi 26 mars au matin aux Invalides, quelques heures apr\u00e8s l&rsquo;annonce de la mort de l&rsquo;ancien Premier [&hellip;]<\/p>\n","protected":false},"author":2,"featured_media":43359,"comment_status":"open","ping_status":"open","sticky":false,"template":"","format":"standard","meta":{"_jetpack_memberships_contains_paid_content":false,"footnotes":"","jetpack_publicize_message":"","jetpack_publicize_feature_enabled":true,"jetpack_social_post_already_shared":true,"jetpack_social_options":{"image_generator_settings":{"template":"highway","default_image_id":0,"font":"","enabled":false},"version":2},"_wpas_customize_per_network":false},"categories":[405],"tags":[],"class_list":["post-43358","post","type-post","status-publish","format-standard","has-post-thumbnail","hentry","category-actu-france-monde"],"jetpack_publicize_connections":[],"jetpack_featured_media_url":"https:\/\/i0.wp.com\/www.iceagetv.com\/radiosite\/wp-content\/uploads\/2026\/03\/1825612-emmanuel-macron-et-lionel-jospin.jpeg?fit=1155%2C769&ssl=1","jetpack_sharing_enabled":true,"_links":{"self":[{"href":"https:\/\/www.iceagetv.com\/radiosite\/wp-json\/wp\/v2\/posts\/43358","targetHints":{"allow":["GET"]}}],"collection":[{"href":"https:\/\/www.iceagetv.com\/radiosite\/wp-json\/wp\/v2\/posts"}],"about":[{"href":"https:\/\/www.iceagetv.com\/radiosite\/wp-json\/wp\/v2\/types\/post"}],"author":[{"embeddable":true,"href":"https:\/\/www.iceagetv.com\/radiosite\/wp-json\/wp\/v2\/users\/2"}],"replies":[{"embeddable":true,"href":"https:\/\/www.iceagetv.com\/radiosite\/wp-json\/wp\/v2\/comments?post=43358"}],"version-history":[{"count":1,"href":"https:\/\/www.iceagetv.com\/radiosite\/wp-json\/wp\/v2\/posts\/43358\/revisions"}],"predecessor-version":[{"id":43360,"href":"https:\/\/www.iceagetv.com\/radiosite\/wp-json\/wp\/v2\/posts\/43358\/revisions\/43360"}],"wp:featuredmedia":[{"embeddable":true,"href":"https:\/\/www.iceagetv.com\/radiosite\/wp-json\/wp\/v2\/media\/43359"}],"wp:attachment":[{"href":"https:\/\/www.iceagetv.com\/radiosite\/wp-json\/wp\/v2\/media?parent=43358"}],"wp:term":[{"taxonomy":"category","embeddable":true,"href":"https:\/\/www.iceagetv.com\/radiosite\/wp-json\/wp\/v2\/categories?post=43358"},{"taxonomy":"post_tag","embeddable":true,"href":"https:\/\/www.iceagetv.com\/radiosite\/wp-json\/wp\/v2\/tags?post=43358"}],"curies":[{"name":"wp","href":"https:\/\/api.w.org\/{rel}","templated":true}]}}