{"id":43368,"date":"2026-03-24T15:42:37","date_gmt":"2026-03-24T14:42:37","guid":{"rendered":"https:\/\/www.iceagetv.com\/radiosite\/?p=43368"},"modified":"2026-03-24T15:42:39","modified_gmt":"2026-03-24T14:42:39","slug":"les-donnees-personnelles-dont-les-adresses-postales-denviron-243-000-agents-de-leducation-nationale-essentiellement-des-enseignants-ont-ete-piratees-sur-la-plateforme-compas","status":"publish","type":"post","link":"https:\/\/www.iceagetv.com\/radiosite\/les-donnees-personnelles-dont-les-adresses-postales-denviron-243-000-agents-de-leducation-nationale-essentiellement-des-enseignants-ont-ete-piratees-sur-la-plateforme-compas\/","title":{"rendered":"Les donn\u00e9es personnelles, dont les adresses postales, d&rsquo;environ 243.000 agents de l&rsquo;\u00c9ducation nationale, essentiellement des enseignants, ont \u00e9t\u00e9 pirat\u00e9es sur la plateforme \u00abCompas\u00bb"},"content":{"rendered":"\n<p class=\"\">Les donn\u00e9es personnelles, dont les adresses postales, d&rsquo;environ 243.000 agents de l&rsquo;\u00c9ducation nationale, essentiellement des enseignants, ont \u00e9t\u00e9 pirat\u00e9es le 15 mars, a indiqu\u00e9 le minist\u00e8re dans un communiqu\u00e9.<\/p>\n\n\n\n<p class=\"\">Les donn\u00e9es pirat\u00e9es sont les noms, pr\u00e9noms, adresses postales, num\u00e9ros de t\u00e9l\u00e9phone, et p\u00e9riodes d&rsquo;absence sans mention du motif, d&rsquo;enseignants de la France enti\u00e8re enregistr\u00e9s dans la base \u00abCompas\u00bb, logiciel de ressources humaines du minist\u00e8re d\u00e9di\u00e9 \u00e0 la gestion des stagiaires du premier et second degr\u00e9.<\/p>\n\n\n\n<p class=\"\">Les noms, pr\u00e9noms, et lignes de t\u00e9l\u00e9phones fixes professionnelles des tuteurs de ces stagiaires figurent aussi dans les donn\u00e9es pirat\u00e9es, a pr\u00e9cis\u00e9 le minist\u00e8re aupr\u00e8s de l&rsquo;AFP. L&rsquo;intrusion dans ce syst\u00e8me de donn\u00e9es date du 15 mars et a \u00e9t\u00e9 d\u00e9tect\u00e9e par le centre op\u00e9rationnel de la s\u00e9curit\u00e9 des syst\u00e8mes d&rsquo;information du minist\u00e8re le 19 mars en fin de journ\u00e9e. Un \u00e9chantillon des donn\u00e9es pirat\u00e9es a \u00e9t\u00e9 mis en ligne sur des sites de revente de donn\u00e9es par une entit\u00e9 qui se pr\u00e9sente sous le pseudonyme \u00abHexdex\u00bb.<\/p>\n\n\n\n<p class=\"\">Le minist\u00e8re de l&rsquo;\u00c9ducation nationale a saisi l&rsquo;Agence nationale de la s\u00e9curit\u00e9 des syst\u00e8mes d&rsquo;information (Anssi), la Commission nationale de l&rsquo;informatique et des libert\u00e9s (Cnil) et un d\u00e9p\u00f4t de plainte \u00e0 Paris est en cours.<\/p>\n\n\n\n<p class=\"\">L&rsquo;acc\u00e8s \u00e0 \u00abCompas\u00bb a \u00e9t\u00e9 suspendu et des \u00abv\u00e9rifications sont en cours sur l&rsquo;ensemble des syst\u00e8mes d&rsquo;information du minist\u00e8re afin de pr\u00e9venir tout risque de propagation\u00bb, pr\u00e9cise le minist\u00e8re.<\/p>\n\n\n\n<p class=\"\">Samedi, le Secr\u00e9tariat g\u00e9n\u00e9ral de l&rsquo;Enseignement catholique (Sgec) a annonc\u00e9 avoir \u00e9t\u00e9 victime d&rsquo;une attaque informatique ciblant l&rsquo;application de gestion de ses \u00e9tablissements du premier degr\u00e9, d\u00e9voilant les donn\u00e9es administratives de 1,5 million de personnes. Selon le minist\u00e8re, la base de donn\u00e9es du Sgec pirat\u00e9e et celle de Compas sont deux bases distinctes.<\/p>\n","protected":false},"excerpt":{"rendered":"<p>Les donn\u00e9es personnelles, dont les adresses postales, d&rsquo;environ 243.000 agents de l&rsquo;\u00c9ducation nationale, essentiellement des enseignants, ont \u00e9t\u00e9 pirat\u00e9es le 15 mars, a indiqu\u00e9 le minist\u00e8re dans un communiqu\u00e9. Les donn\u00e9es pirat\u00e9es sont les noms, pr\u00e9noms, adresses postales, num\u00e9ros de t\u00e9l\u00e9phone, et p\u00e9riodes d&rsquo;absence sans mention du motif, d&rsquo;enseignants de la France enti\u00e8re enregistr\u00e9s dans [&hellip;]<\/p>\n","protected":false},"author":2,"featured_media":43369,"comment_status":"open","ping_status":"open","sticky":false,"template":"","format":"standard","meta":{"_jetpack_memberships_contains_paid_content":false,"footnotes":"","jetpack_publicize_message":"","jetpack_publicize_feature_enabled":true,"jetpack_social_post_already_shared":true,"jetpack_social_options":{"image_generator_settings":{"template":"highway","default_image_id":0,"font":"","enabled":false},"version":2},"_wpas_customize_per_network":false},"categories":[405],"tags":[],"class_list":["post-43368","post","type-post","status-publish","format-standard","has-post-thumbnail","hentry","category-actu-france-monde"],"jetpack_publicize_connections":[],"jetpack_featured_media_url":"https:\/\/i0.wp.com\/www.iceagetv.com\/radiosite\/wp-content\/uploads\/2026\/03\/k-ehIW_6.jpg?fit=679%2C293&ssl=1","jetpack_sharing_enabled":true,"_links":{"self":[{"href":"https:\/\/www.iceagetv.com\/radiosite\/wp-json\/wp\/v2\/posts\/43368","targetHints":{"allow":["GET"]}}],"collection":[{"href":"https:\/\/www.iceagetv.com\/radiosite\/wp-json\/wp\/v2\/posts"}],"about":[{"href":"https:\/\/www.iceagetv.com\/radiosite\/wp-json\/wp\/v2\/types\/post"}],"author":[{"embeddable":true,"href":"https:\/\/www.iceagetv.com\/radiosite\/wp-json\/wp\/v2\/users\/2"}],"replies":[{"embeddable":true,"href":"https:\/\/www.iceagetv.com\/radiosite\/wp-json\/wp\/v2\/comments?post=43368"}],"version-history":[{"count":1,"href":"https:\/\/www.iceagetv.com\/radiosite\/wp-json\/wp\/v2\/posts\/43368\/revisions"}],"predecessor-version":[{"id":43370,"href":"https:\/\/www.iceagetv.com\/radiosite\/wp-json\/wp\/v2\/posts\/43368\/revisions\/43370"}],"wp:featuredmedia":[{"embeddable":true,"href":"https:\/\/www.iceagetv.com\/radiosite\/wp-json\/wp\/v2\/media\/43369"}],"wp:attachment":[{"href":"https:\/\/www.iceagetv.com\/radiosite\/wp-json\/wp\/v2\/media?parent=43368"}],"wp:term":[{"taxonomy":"category","embeddable":true,"href":"https:\/\/www.iceagetv.com\/radiosite\/wp-json\/wp\/v2\/categories?post=43368"},{"taxonomy":"post_tag","embeddable":true,"href":"https:\/\/www.iceagetv.com\/radiosite\/wp-json\/wp\/v2\/tags?post=43368"}],"curies":[{"name":"wp","href":"https:\/\/api.w.org\/{rel}","templated":true}]}}