{"id":43393,"date":"2026-03-25T17:49:12","date_gmt":"2026-03-25T16:49:12","guid":{"rendered":"https:\/\/www.iceagetv.com\/radiosite\/?p=43393"},"modified":"2026-03-25T17:49:14","modified_gmt":"2026-03-25T16:49:14","slug":"on-nen-est-pas-la-en-france-heureusement-roland-lescure-regrette-ses-propos-sur-un-choc-petrolier","status":"publish","type":"post","link":"https:\/\/www.iceagetv.com\/radiosite\/on-nen-est-pas-la-en-france-heureusement-roland-lescure-regrette-ses-propos-sur-un-choc-petrolier\/","title":{"rendered":"On n&rsquo;en est pas l\u00e0 en France, heureusement\u00a0\u00bb\u00a0: Roland Lescure \u00ab\u00a0regrette\u00a0\u00bb ses propos sur un \u00ab\u00a0choc p\u00e9trolier\u00a0\u00bb"},"content":{"rendered":"\n<p class=\"\">Le ministre de l&rsquo;Economie a justifi\u00e9 que cette expression s&rsquo;appliquait \u00ab\u00a0\u00e0 la situation internationale et en aucun cas \u00e0 la situation fran\u00e7aise\u00a0\u00bb.Le ministre de l&rsquo;Economie, Roland Lescure, a d\u00e9clar\u00e9, mercredi 25&nbsp;mars,&nbsp;<em>\u00ab\u00a0regretter\u00a0\u00bb&nbsp;<\/em><a href=\"https:\/\/www.franceinfo.fr\/economie\/automobile\/essence\/le-ministre-de-l-economie-francais-evoque-un-nouveau-choc-petrolier-en-raison-de-la-guerre-au-moyen-orient_7891634.html\">l&rsquo;utilisation qu&rsquo;il a faite la veille de l&rsquo;expression de&nbsp;<em>\u00ab\u00a0choc p\u00e9trolier\u00a0\u00bb,<\/em><\/a>&nbsp;en soulignant qu&rsquo;elle s&rsquo;appliquait&nbsp;<em>\u00ab\u00a0\u00e0 la situation internationale et en aucun cas \u00e0 la situation fran\u00e7aise\u00a0\u00bb<\/em>.<\/p>\n\n\n\n<p class=\"\"><em>\u00ab\u00a0La France, elle est mieux pr\u00e9par\u00e9e, elle est moins expos\u00e9e (&#8230;) que ses voisins europ\u00e9ens, et a fortiori \u00e9videmment que les pays asiatiques qui sont directement concern\u00e9s. Donc, ce terme de choc, il est valable dans un certain nombre de pays asiatiques, o\u00f9 on a des mesures de rationnement\u00a0\u00bb<\/em>&nbsp;de carburants, a-t-il d\u00e9velopp\u00e9 lors du compte rendu du Conseil des ministres.<\/p>\n\n\n\n<p class=\"\">Mardi, Roland Lescure avait affirm\u00e9, apr\u00e8s avoir utilis\u00e9 l&rsquo;expression de&nbsp;<em>\u00ab\u00a0choc p\u00e9trolier\u00a0\u00bb<\/em>, que&nbsp;<em>\u00ab\u00a0l&rsquo;hypoth\u00e8se d&rsquo;une crise passag\u00e8re, dont les cons\u00e9quences \u00e9conomiques s&rsquo;effaceraient avec la fin des bombardements, n&rsquo;<\/em>[\u00e9tai]<em>t malheureusement d\u00e9sormais plus d&rsquo;actualit\u00e9\u00a0\u00bb.<\/em><\/p>\n","protected":false},"excerpt":{"rendered":"<p>Le ministre de l&rsquo;Economie a justifi\u00e9 que cette expression s&rsquo;appliquait \u00ab\u00a0\u00e0 la situation internationale et en aucun cas \u00e0 la situation fran\u00e7aise\u00a0\u00bb.Le ministre de l&rsquo;Economie, Roland Lescure, a d\u00e9clar\u00e9, mercredi 25&nbsp;mars,&nbsp;\u00ab\u00a0regretter\u00a0\u00bb&nbsp;l&rsquo;utilisation qu&rsquo;il a faite la veille de l&rsquo;expression de&nbsp;\u00ab\u00a0choc p\u00e9trolier\u00a0\u00bb,&nbsp;en soulignant qu&rsquo;elle s&rsquo;appliquait&nbsp;\u00ab\u00a0\u00e0 la situation internationale et en aucun cas \u00e0 la situation fran\u00e7aise\u00a0\u00bb. \u00ab\u00a0La [&hellip;]<\/p>\n","protected":false},"author":2,"featured_media":43394,"comment_status":"open","ping_status":"open","sticky":false,"template":"","format":"standard","meta":{"_jetpack_memberships_contains_paid_content":false,"footnotes":"","jetpack_publicize_message":"","jetpack_publicize_feature_enabled":true,"jetpack_social_post_already_shared":true,"jetpack_social_options":{"image_generator_settings":{"template":"highway","default_image_id":0,"font":"","enabled":false},"version":2},"_wpas_customize_per_network":false},"categories":[405],"tags":[],"class_list":["post-43393","post","type-post","status-publish","format-standard","has-post-thumbnail","hentry","category-actu-france-monde"],"jetpack_publicize_connections":[],"jetpack_featured_media_url":"https:\/\/i0.wp.com\/www.iceagetv.com\/radiosite\/wp-content\/uploads\/2026\/03\/On-nen-est-pas-la-en-France.jpg?fit=684%2C424&ssl=1","jetpack_sharing_enabled":true,"_links":{"self":[{"href":"https:\/\/www.iceagetv.com\/radiosite\/wp-json\/wp\/v2\/posts\/43393","targetHints":{"allow":["GET"]}}],"collection":[{"href":"https:\/\/www.iceagetv.com\/radiosite\/wp-json\/wp\/v2\/posts"}],"about":[{"href":"https:\/\/www.iceagetv.com\/radiosite\/wp-json\/wp\/v2\/types\/post"}],"author":[{"embeddable":true,"href":"https:\/\/www.iceagetv.com\/radiosite\/wp-json\/wp\/v2\/users\/2"}],"replies":[{"embeddable":true,"href":"https:\/\/www.iceagetv.com\/radiosite\/wp-json\/wp\/v2\/comments?post=43393"}],"version-history":[{"count":1,"href":"https:\/\/www.iceagetv.com\/radiosite\/wp-json\/wp\/v2\/posts\/43393\/revisions"}],"predecessor-version":[{"id":43395,"href":"https:\/\/www.iceagetv.com\/radiosite\/wp-json\/wp\/v2\/posts\/43393\/revisions\/43395"}],"wp:featuredmedia":[{"embeddable":true,"href":"https:\/\/www.iceagetv.com\/radiosite\/wp-json\/wp\/v2\/media\/43394"}],"wp:attachment":[{"href":"https:\/\/www.iceagetv.com\/radiosite\/wp-json\/wp\/v2\/media?parent=43393"}],"wp:term":[{"taxonomy":"category","embeddable":true,"href":"https:\/\/www.iceagetv.com\/radiosite\/wp-json\/wp\/v2\/categories?post=43393"},{"taxonomy":"post_tag","embeddable":true,"href":"https:\/\/www.iceagetv.com\/radiosite\/wp-json\/wp\/v2\/tags?post=43393"}],"curies":[{"name":"wp","href":"https:\/\/api.w.org\/{rel}","templated":true}]}}