{"id":43419,"date":"2026-03-27T08:21:32","date_gmt":"2026-03-27T07:21:32","guid":{"rendered":"https:\/\/www.iceagetv.com\/radiosite\/?p=43419"},"modified":"2026-03-27T08:21:35","modified_gmt":"2026-03-27T07:21:35","slug":"disparues-en-aveyron-le-suspect-du-double-feminicide-place-en-detention-provisoire-au-portugal","status":"publish","type":"post","link":"https:\/\/www.iceagetv.com\/radiosite\/disparues-en-aveyron-le-suspect-du-double-feminicide-place-en-detention-provisoire-au-portugal\/","title":{"rendered":"Disparues en Aveyron\u00a0: le suspect du double f\u00e9minicide plac\u00e9 en d\u00e9tention provisoire au Portugal"},"content":{"rendered":"\n<p class=\"\">Le principal suspect du double f\u00e9minicide des deux femmes port\u00e9es disparues depuis vendredi en Aveyron a \u00e9t\u00e9 pr\u00e9sent\u00e9 \u00e0 un juge au Portugal jeudi, puis plac\u00e9 en d\u00e9tention provisoire, selon un document du Conseil sup\u00e9rieur de la magistrature consult\u00e9 par l&rsquo;AFP.<\/p>\n\n\n\n<p class=\"\">Un Fran\u00e7ais arr\u00eat\u00e9 au Portugal et soup\u00e7onn\u00e9 d&rsquo;avoir tu\u00e9 sa compagne et son ex-compagne a \u00e9t\u00e9\u00a0<strong>pr\u00e9sent\u00e9 \u00e0 un juge jeudi apr\u00e8s-midi<\/strong>\u00a0au tribunal de Vila Nova de Foz C\u00f4a (nord-est) puis plac\u00e9 en d\u00e9tention provisoire au Portugal, selon un document distribu\u00e9 \u00e0 la presse par le Conseil sup\u00e9rieur de la magistrature consult\u00e9 par l&rsquo;AFP. Mercredi,\u00a0<a href=\"https:\/\/www.francebleu.fr\/occitanie\/aveyron-12\/une-mere-et-son-fils-disparus-en-aveyron-le-principal-suspect-interpelle-au-portugal-avec-ses-deux-enfants-1355400\">les corps des deux femmes port\u00e9es disparues<\/a>\u00a0en Aveyron depuis vendredi ont \u00e9t\u00e9 retrouv\u00e9s au Portugal.Le principal suspect, \u00e2g\u00e9 de 42 ans et ancien policier, ex-compagnon de l&rsquo;une et conjoint de l&rsquo;autre, a \u00e9t\u00e9 interpell\u00e9 \u00e0 M\u00eada, au Portugal, mardi. Cet habitant de l&rsquo;Aveyron, p\u00e8re des enfants des deux femmes, a \u00e9t\u00e9&nbsp;<strong>plac\u00e9 en garde \u00e0 vue<\/strong>. Les deux mineurs, qui \u00e9taient eux aussi port\u00e9s disparus, ont \u00e9t\u00e9 retrouv\u00e9s sains et saufs, avec lui.<\/p>\n\n\n\n<p class=\"\">Selon le document du Conseil sup\u00e9rieur de la magistrature, l&rsquo;homme est notamment soup\u00e7onn\u00e9 des crimes d&rsquo;<strong>homicide aggrav\u00e9, profanation de cadavre et enl\u00e8vement<\/strong>. Il est \u00e9galement mis en cause pour violences sur sa fille, falsification de documents et possession d&rsquo;arme ill\u00e9gale, selon la d\u00e9cision du tribunal de Vila Nova de Foz C\u00f4a.<\/p>\n\n\n\n<h2 class=\"wp-block-heading\">Interpell\u00e9 avec ses deux enfants, sains et saufs<\/h2>\n\n\n\n<p class=\"\">Vendredi dernier, les services de la gendarmerie nationale avaient \u00e9t\u00e9 inform\u00e9s de&nbsp;<a href=\"https:\/\/www.francebleu.fr\/occitanie\/aveyron-12\/vailhourles\/aveyron-d-importants-moyens-de-recherche-deployes-apres-la-disparition-d-une-mere-et-de-son-fils-de-12-ans-9068395\">la disparition inqui\u00e9tante de deux habitants de Vailhourles (Aveyron)<\/a>&nbsp;: une femme de 40 ans et son fils. Mardi soir, un homme a \u00e9t\u00e9&nbsp;<strong>interpell\u00e9 lors d&rsquo;un contr\u00f4le de police<\/strong>&nbsp;men\u00e9 dans le cadre de l&rsquo;appel \u00e0 t\u00e9moins relay\u00e9 dans la p\u00e9ninsule ib\u00e9rique, puis plac\u00e9 en garde \u00e0 vue.<\/p>\n\n\n\n<p class=\"\">L&rsquo;homme, un ancien policier, a \u00e9t\u00e9 appr\u00e9hend\u00e9 dans la ville portugaise de M\u00eada, avec&nbsp;<strong>ses deux enfants sains et saufs<\/strong>&nbsp;: son fils adolescent de 12 ans et sa fille \u00e2g\u00e9e d&rsquo;un an, qu&rsquo;il a eue avec sa nouvelle compagne. Selon les premiers \u00e9l\u00e9ments, recueillis par franceinfo, l&rsquo;homme \u00e9tait muni d&rsquo;une arme de poing au moment de son interpellation.<\/p>\n\n\n\n<p class=\"\"><strong>Les corps des deux femmes ont \u00e9t\u00e9 retrouv\u00e9s enterr\u00e9s<\/strong>&nbsp;mercredi dans un \u00ab\u00a0<em>lieu isol\u00e9<\/em>\u00a0\u00bb au Portugal, a pr\u00e9cis\u00e9 la police judiciaire portugaise. Selon les premiers \u00e9l\u00e9ments de l\u2019enqu\u00eate, les deux femmes ont \u00e9t\u00e9 \u00e9trangl\u00e9es, a appris franceinfo de source proche. D&rsquo;apr\u00e8s les informations de franceinfo, c&rsquo;est l&rsquo;adolescent qui a expliqu\u00e9 aux enqu\u00eateurs portugais que son p\u00e8re venait de commettre un double meurtre et qui leur a donn\u00e9 des indications sur le lieu de la sc\u00e8ne de crime.<\/p>\n\n\n\n<p class=\"\">L&rsquo;enqu\u00eate est d\u00e9sormais ouverte pour&nbsp;<strong>meurtres aggrav\u00e9s<\/strong>, apr\u00e8s la d\u00e9couverte des corps des deux femmes disparues en Aveyron et retrouv\u00e9es mortes au Portugal, a annonc\u00e9 le parquet de Montpellier mercredi soir. Une enqu\u00eate europ\u00e9enne est \u00e9galement ouverte aupr\u00e8s des autorit\u00e9s judiciaires portugaises, pr\u00e9cise le parquet. Dans ce cadre, des enqu\u00eateurs de la section de recherches de Toulouse ont \u00e9t\u00e9 envoy\u00e9s sur place, au Portugal.<\/p>\n","protected":false},"excerpt":{"rendered":"<p>Le principal suspect du double f\u00e9minicide des deux femmes port\u00e9es disparues depuis vendredi en Aveyron a \u00e9t\u00e9 pr\u00e9sent\u00e9 \u00e0 un juge au Portugal jeudi, puis plac\u00e9 en d\u00e9tention provisoire, selon un document du Conseil sup\u00e9rieur de la magistrature consult\u00e9 par l&rsquo;AFP. Un Fran\u00e7ais arr\u00eat\u00e9 au Portugal et soup\u00e7onn\u00e9 d&rsquo;avoir tu\u00e9 sa compagne et son ex-compagne [&hellip;]<\/p>\n","protected":false},"author":2,"featured_media":43420,"comment_status":"open","ping_status":"open","sticky":false,"template":"","format":"standard","meta":{"_jetpack_memberships_contains_paid_content":false,"footnotes":"","jetpack_publicize_message":"","jetpack_publicize_feature_enabled":true,"jetpack_social_post_already_shared":true,"jetpack_social_options":{"image_generator_settings":{"template":"highway","default_image_id":0,"font":"","enabled":false},"version":2},"_wpas_customize_per_network":false},"categories":[405],"tags":[],"class_list":["post-43419","post","type-post","status-publish","format-standard","has-post-thumbnail","hentry","category-actu-france-monde"],"jetpack_publicize_connections":[],"jetpack_featured_media_url":"https:\/\/i0.wp.com\/www.iceagetv.com\/radiosite\/wp-content\/uploads\/2026\/03\/Disparues-en-Aveyron-.jpg?fit=634%2C334&ssl=1","jetpack_sharing_enabled":true,"_links":{"self":[{"href":"https:\/\/www.iceagetv.com\/radiosite\/wp-json\/wp\/v2\/posts\/43419","targetHints":{"allow":["GET"]}}],"collection":[{"href":"https:\/\/www.iceagetv.com\/radiosite\/wp-json\/wp\/v2\/posts"}],"about":[{"href":"https:\/\/www.iceagetv.com\/radiosite\/wp-json\/wp\/v2\/types\/post"}],"author":[{"embeddable":true,"href":"https:\/\/www.iceagetv.com\/radiosite\/wp-json\/wp\/v2\/users\/2"}],"replies":[{"embeddable":true,"href":"https:\/\/www.iceagetv.com\/radiosite\/wp-json\/wp\/v2\/comments?post=43419"}],"version-history":[{"count":1,"href":"https:\/\/www.iceagetv.com\/radiosite\/wp-json\/wp\/v2\/posts\/43419\/revisions"}],"predecessor-version":[{"id":43421,"href":"https:\/\/www.iceagetv.com\/radiosite\/wp-json\/wp\/v2\/posts\/43419\/revisions\/43421"}],"wp:featuredmedia":[{"embeddable":true,"href":"https:\/\/www.iceagetv.com\/radiosite\/wp-json\/wp\/v2\/media\/43420"}],"wp:attachment":[{"href":"https:\/\/www.iceagetv.com\/radiosite\/wp-json\/wp\/v2\/media?parent=43419"}],"wp:term":[{"taxonomy":"category","embeddable":true,"href":"https:\/\/www.iceagetv.com\/radiosite\/wp-json\/wp\/v2\/categories?post=43419"},{"taxonomy":"post_tag","embeddable":true,"href":"https:\/\/www.iceagetv.com\/radiosite\/wp-json\/wp\/v2\/tags?post=43419"}],"curies":[{"name":"wp","href":"https:\/\/api.w.org\/{rel}","templated":true}]}}