{"id":43422,"date":"2026-03-27T10:48:02","date_gmt":"2026-03-27T09:48:02","guid":{"rendered":"https:\/\/www.iceagetv.com\/radiosite\/?p=43422"},"modified":"2026-03-27T10:48:05","modified_gmt":"2026-03-27T09:48:05","slug":"deficit-2025-sebastien-lecornu-vante-sa-methode-et-envisage-de-passer-sous-les-5-en-2026","status":"publish","type":"post","link":"https:\/\/www.iceagetv.com\/radiosite\/deficit-2025-sebastien-lecornu-vante-sa-methode-et-envisage-de-passer-sous-les-5-en-2026\/","title":{"rendered":"D\u00e9ficit 2025 : S\u00e9bastien Lecornu vante sa m\u00e9thode et envisage de passer sous les 5% en 2026"},"content":{"rendered":"\n<p class=\"\">S\u00e9bastien Lecornu a annonc\u00e9 sur X envisager un d\u00e9ficit sous les 5% pour l&rsquo;ann\u00e9e 2026. Le Premier ministre a toutefois soulign\u00e9 que ce sc\u00e9nario d\u00e9pendrait de l&rsquo;\u00e9volution de la situation g\u00e9opolitique, marqu\u00e9e par la guerre en Iran et le blocage du d\u00e9troit d&rsquo;Ormuz.C&rsquo;est une bonne nouvelle pour le gouvernement Lecornu. Vendredi 27 mars, le\u00a0<a href=\"https:\/\/www.rtl.fr\/actu\/politique\/en-direct-resultats-elections-municipales-2026-jean-michel-aulas-conteste-la-victoire-de-gregory-doucet-a-lyon-le-rn-et-lfi-poursuivent-leur-implantation-7900615404\">Premier ministre<\/a>\u00a0a affirm\u00e9 sur X qu&rsquo;il envisageait \u00ab\u00a0avec prudence\u00a0\u00bb de passer \u00ab\u00a0sous les 5%\u00a0\u00bb de d\u00e9ficit public en 2026, apr\u00e8s l&rsquo;annonce par l&rsquo;<a href=\"https:\/\/www.insee.fr\/fr\/statistiques\/8956575\" target=\"_blank\" rel=\"noreferrer noopener\">Insee<\/a>\u00a0d&rsquo;un d\u00e9ficit pour 2025 \u00e0 152,5 milliards, soit 5,1% du PIB. Le chiffre publi\u00e9 par l&rsquo;institut est inf\u00e9rieur de 0,3 point \u00e0 la pr\u00e9vision du minist\u00e8re de l&rsquo;\u00c9conomie, qui \u00e9tait de 5,4%. Cette am\u00e9lioration a permis de faire baisser le ratio de la\u00a0<a href=\"https:\/\/www.rtl.fr\/actu\/economie-consommation\/invite-rtl-dette-publique-est-ce-possible-de-contraindre-les-epargnants-7900456819\">dette publique<\/a>, descendu \u00e0 115,6% du PIB fin 2025, soit 1,6 point de mieux que fin septembre.\u00a0La m\u00e9thode paie. Mais la stabilit\u00e9 politique aussi. On continue &#8211; avec prudence &#8211; pour passer sous les 5 % en 2026&Prime;, a \u00e9crit le Premier ministre sur le r\u00e9seau social. \u00ab\u00a0La situation g\u00e9opolitique jouera, mais notre volont\u00e9 collective aussi\u00a0\u00bb, a-t-il ajout\u00e9. Le gouvernement s&rsquo;est fix\u00e9 pour 2026 un objectif de d\u00e9ficit aux alentours de 5% du PIB. Il paraissait plus facilement atteignable avant le d\u00e9clenchement fin f\u00e9vrier de\u00a0<a href=\"https:\/\/www.rtl.fr\/actu\/international\/guerre-en-iran-que-contient-le-plan-de-paix-en-15-points-de-donald-trump-7900616238\">la guerre au Moyen-Orient<\/a>, qui devrait avoir des r\u00e9percussions sur la croissance \u00e9conomique et donc, sur les recettes fiscales.\u00a0\u00bbIl faut continuer \u00e0 r\u00e9duire le d\u00e9ficit\u00a0\u00bb et \u00ab\u00a0les chiffres pour l&rsquo;ann\u00e9e 2025 nous invitent \u00e0 \u00eatre ambitieux pour 2026\u00a0\u00bb, a comment\u00e9 sur TF1 le ministre de l&rsquo;Action et des Comptes publics,\u00a0<a href=\"https:\/\/www.rtl.fr\/actu\/politique\/de-stagiaire-a-bercy-a-ministre-des-comptes-publics-david-amiel-succede-a-amelie-de-montchalin-7900604303\">David Amiel<\/a>. Interrog\u00e9 sur les premi\u00e8res cons\u00e9quences \u00e9conomiques de la guerre en Iran, principalement via la mont\u00e9e du prix des hydrocarbures, M. Amiel a r\u00e9pondu qu&rsquo;il \u00e9tait \u00ab\u00a0trop t\u00f4t pour qu&rsquo;on ait la remont\u00e9e statistique pr\u00e9cise des chiffres\u00a0\u00bb. Par ailleurs, l&rsquo;octroi rapide d&rsquo;aides aux entreprises ou aux consommateurs n&rsquo;est pour le moment pas pr\u00e9vu. \u00ab\u00a0Il n&rsquo;y a pas de cagnotte. La cagnotte, c&rsquo;est quand il n&rsquo;y a pas de d\u00e9ficit\u00a0\u00bb, a soulign\u00e9 le ministre.Ces r\u00e9sultats positifs sont principalement dus \u00e0 la hausse des pr\u00e9l\u00e8vements. \u00ab\u00a0Les recettes acc\u00e9l\u00e8rent en 2025: elles sont en hausse de 3,9%, apr\u00e8s +3,2% en 2024\u00a0\u00bb, rel\u00e8ve l&rsquo;Insee. En particulier, \u00ab\u00a0les imp\u00f4ts courants sur le revenu et le patrimoine acc\u00e9l\u00e8rent fortement\u00a0\u00bb, de 6,6% en 2025. \u00ab\u00a0Les d\u00e9penses ralentissent: elles augmentent en euros courants de 2,5%, apr\u00e8s +4,0% en 2024\u00a0\u00bb, \u00e9crit l&rsquo;institut statistique. Mais \u00ab\u00a0leur croissance reste l\u00e9g\u00e8rement sup\u00e9rieure \u00e0 celle du PIB en valeur en 2025 (+2,0%)\u00a0\u00bb, si bien qu&rsquo;en volume, elles ont augment\u00e9 de 0,9%.<\/p>\n","protected":false},"excerpt":{"rendered":"<p>S\u00e9bastien Lecornu a annonc\u00e9 sur X envisager un d\u00e9ficit sous les 5% pour l&rsquo;ann\u00e9e 2026. Le Premier ministre a toutefois soulign\u00e9 que ce sc\u00e9nario d\u00e9pendrait de l&rsquo;\u00e9volution de la situation g\u00e9opolitique, marqu\u00e9e par la guerre en Iran et le blocage du d\u00e9troit d&rsquo;Ormuz.C&rsquo;est une bonne nouvelle pour le gouvernement Lecornu. Vendredi 27 mars, le\u00a0Premier ministre\u00a0a [&hellip;]<\/p>\n","protected":false},"author":2,"featured_media":43423,"comment_status":"open","ping_status":"open","sticky":false,"template":"","format":"standard","meta":{"_jetpack_memberships_contains_paid_content":false,"footnotes":"","jetpack_publicize_message":"","jetpack_publicize_feature_enabled":true,"jetpack_social_post_already_shared":true,"jetpack_social_options":{"image_generator_settings":{"template":"highway","default_image_id":0,"font":"","enabled":false},"version":2},"_wpas_customize_per_network":false},"categories":[405],"tags":[],"class_list":["post-43422","post","type-post","status-publish","format-standard","has-post-thumbnail","hentry","category-actu-france-monde"],"jetpack_publicize_connections":[],"jetpack_featured_media_url":"https:\/\/i0.wp.com\/www.iceagetv.com\/radiosite\/wp-content\/uploads\/2026\/03\/1813878-sebastien-lecornu-sur-le-perron-de-l-elysee-le-28-janvier-2026.jpg?fit=1155%2C769&ssl=1","jetpack_sharing_enabled":true,"_links":{"self":[{"href":"https:\/\/www.iceagetv.com\/radiosite\/wp-json\/wp\/v2\/posts\/43422","targetHints":{"allow":["GET"]}}],"collection":[{"href":"https:\/\/www.iceagetv.com\/radiosite\/wp-json\/wp\/v2\/posts"}],"about":[{"href":"https:\/\/www.iceagetv.com\/radiosite\/wp-json\/wp\/v2\/types\/post"}],"author":[{"embeddable":true,"href":"https:\/\/www.iceagetv.com\/radiosite\/wp-json\/wp\/v2\/users\/2"}],"replies":[{"embeddable":true,"href":"https:\/\/www.iceagetv.com\/radiosite\/wp-json\/wp\/v2\/comments?post=43422"}],"version-history":[{"count":1,"href":"https:\/\/www.iceagetv.com\/radiosite\/wp-json\/wp\/v2\/posts\/43422\/revisions"}],"predecessor-version":[{"id":43424,"href":"https:\/\/www.iceagetv.com\/radiosite\/wp-json\/wp\/v2\/posts\/43422\/revisions\/43424"}],"wp:featuredmedia":[{"embeddable":true,"href":"https:\/\/www.iceagetv.com\/radiosite\/wp-json\/wp\/v2\/media\/43423"}],"wp:attachment":[{"href":"https:\/\/www.iceagetv.com\/radiosite\/wp-json\/wp\/v2\/media?parent=43422"}],"wp:term":[{"taxonomy":"category","embeddable":true,"href":"https:\/\/www.iceagetv.com\/radiosite\/wp-json\/wp\/v2\/categories?post=43422"},{"taxonomy":"post_tag","embeddable":true,"href":"https:\/\/www.iceagetv.com\/radiosite\/wp-json\/wp\/v2\/tags?post=43422"}],"curies":[{"name":"wp","href":"https:\/\/api.w.org\/{rel}","templated":true}]}}