{"id":43459,"date":"2026-03-29T15:03:04","date_gmt":"2026-03-29T13:03:04","guid":{"rendered":"https:\/\/www.iceagetv.com\/radiosite\/?p=43459"},"modified":"2026-03-29T15:03:07","modified_gmt":"2026-03-29T13:03:07","slug":"enquete-liens-avec-liran-suspects-ce-que-lon-sait-de-lattentat-a-lexplosif-dejoue-a-paris","status":"publish","type":"post","link":"https:\/\/www.iceagetv.com\/radiosite\/enquete-liens-avec-liran-suspects-ce-que-lon-sait-de-lattentat-a-lexplosif-dejoue-a-paris\/","title":{"rendered":"Enqu\u00eate, liens avec l&rsquo;Iran, suspects\u00a0: ce que l&rsquo;on sait de l&rsquo;attentat \u00e0 l&rsquo;explosif d\u00e9jou\u00e9 \u00e0 Paris"},"content":{"rendered":"\n<p class=\"\">Pour la premi\u00e8re fois depuis le d\u00e9clenchement de la guerre au Moyen-Orient, un attentat \u00e0 l&rsquo;engin explosif a \u00e9t\u00e9 d\u00e9jou\u00e9, samedi, \u00e0 Paris. Il visait des int\u00e9r\u00eats am\u00e9ricains, le si\u00e8ge parisien de la Bank of America. Trois suspects ont \u00e9t\u00e9 interpell\u00e9s, le Parquet national antiterroriste a \u00e9t\u00e9 saisi.<\/p>\n\n\n\n<p class=\"\">\u00c0 Paris, un\u00a0<strong>homme a \u00e9t\u00e9 interpell\u00e9 dans la nuit de vendredi \u00e0 samedi<\/strong>\u00a0alors qu&rsquo;il\u00a0<a href=\"https:\/\/www.francebleu.fr\/infos\/faits-divers-justice\/paris-un-attentat-a-l-explosif-dejoue-devant-la-bank-of-america-2379580\">tentait de mettre le feu \u00e0 un engin explosif devant une banque am\u00e9ricaine<\/a>, la Bank of America, dans le 8e arrondissement. Puis\u00a0<strong>deux autres hommes ont \u00e9t\u00e9 interpell\u00e9s annonce le Parquet de Paris ce dimanche matin<\/strong>. Depuis le Parquet national antiterroriste (Pnat) a \u00e9t\u00e9 saisi et\u00a0<strong>le ministre de l&rsquo;Int\u00e9rieur parle d&rsquo;un attentat \u00e0 l&rsquo;explosif d\u00e9jou\u00e9<\/strong>\u00a0et de\u00a0<a href=\"https:\/\/www.francebleu.fr\/infos\/faits-divers-justice\/attentat-dejoue-a-paris-une-suspicion-importante-de-lien-avec-l-iran-selon-laurent-nunez-9949313\">suspicions de liens avec la situation en Iran<\/a>. ICI fait le point sur ce que l&rsquo;on sait.Les faits<\/p>\n\n\n\n<p class=\"\">Un suspect a \u00e9t\u00e9 interpell\u00e9 vers 3h30, dans la nuit de vendredi \u00e0 samedi, muni d&rsquo;un briquet et tentant de mettre le feu \u00e0 un engin explosif artisanal qu&rsquo;il venait de d\u00e9poser devant les locaux de la Bank of America, situ\u00e9e rue de la Bo\u00e9tie, \u00e0 Paris, dans le 8e arrondissement. Ce sont des policiers, en patrouille, qui l&rsquo;ont surpris le briquet \u00e0 la main.<\/p>\n\n\n\n<p class=\"\">L&rsquo;engin explosif \u00e9tait compos\u00e9 d&rsquo;un bidon transparent de cinq litres de liquide, probablement un hydrocarbure, et d&rsquo;un syst\u00e8me de mise \u00e0 feu. La charge \u00e9tait compos\u00e9e d&rsquo;un p\u00e9tard d&rsquo;environ 650 grammes de poudre explosive, selon les premiers \u00e9l\u00e9ments de l&rsquo;enqu\u00eate. L&rsquo;ensemble de l&rsquo;engin a \u00e9t\u00e9 pris en charge par le laboratoire d&rsquo;analyse de la pr\u00e9fecture de police de Paris.<\/p>\n\n\n\n<p class=\"\">Le suspect a \u00e9t\u00e9 plac\u00e9 en garde \u00e0 vue et celle-ci a \u00e9t\u00e9 prolong\u00e9e dimanche matin. Une deuxi\u00e8me personne a pris la fuite au moment de l&rsquo;interpellation. Ce dimanche matin, le Pnat annonce que&nbsp;<strong>deux nouvelles personnes ont \u00e9t\u00e9 plac\u00e9es en garde \u00e0 vue<\/strong>, dont le fuyard.<\/p>\n\n\n\n<p class=\"\">Au total, trois suspects sont donc en garde \u00e0 vue dans cette enqu\u00eate, tous mineurs.<\/p>\n\n\n\n<h2 class=\"wp-block-heading\">L&rsquo;enqu\u00eate ouverte pour motif \u00ab\u00a0terroriste\u00a0\u00bb<\/h2>\n\n\n\n<p class=\"\">Le parquet national antiterroriste (Pnat) s&rsquo;est saisi de l&rsquo;enqu\u00eate de flagrance, a appris l&rsquo;Agence Radio France.<br>Une enqu\u00eate en flagrance a \u00e9t\u00e9 ouverte pour \u00ab\u00a0tentative de d\u00e9gradation par incendie ou moyen dangereux en relation avec une entreprise terroriste\u00a0\u00bb, \u00ab\u00a0fabrication d&rsquo;engin incendiaire ou explosif en relation avec une entreprise terroriste\u00a0\u00bb, \u00ab\u00a0d\u00e9tention et transport d\u2019engin incendiaire ou explosif en vue de la pr\u00e9paration de d\u00e9gradations dangereuses, en relation avec une entreprise terroriste\u00a0\u00bb, \u00ab\u00a0association de malfaiteurs terroriste\u00a0\u00bb, pr\u00e9cise le Pnat dans un communiqu\u00e9.<\/p>\n\n\n\n<p class=\"\">Les investigations ont \u00e9t\u00e9 confi\u00e9es \u00e0 la Direction de la police judiciaire de Paris et \u00e0 la Direction g\u00e9n\u00e9rale de la s\u00e9curit\u00e9 int\u00e9rieure (DGSI).<\/p>\n\n\n\n<h2 class=\"wp-block-heading\">Qui est le suspect&nbsp;?<\/h2>\n\n\n\n<p class=\"\">La premi\u00e8re personne interpell\u00e9e et plac\u00e9e en garde \u00e0 vue dans la nuit de vendredi \u00e0 samedi est un mineur de 17 ans, n\u00e9 au S\u00e9n\u00e9gal. Ce jeune homme habite Montreuil (Seine-Saint-Denis) et il est connu des services de police. Il a confi\u00e9 aux policiers avoir \u00e9t\u00e9 d\u00e9pos\u00e9 sur place et avoir \u00e9t\u00e9 recrut\u00e9 via l&rsquo;application Snapchat, en \u00e9change de 600 euros.<\/p>\n\n\n\n<p class=\"\">Le suspect a expliqu\u00e9 aux policiers qui l&rsquo;ont interpell\u00e9, avoir \u00e9t\u00e9 d\u00e9pos\u00e9 sur place en voiture par un homme. Il s&rsquo;appr\u00eatait \u00e0 allumer le dispositif avec un briquet au moment de son arrestation. Il \u00e9tait accompagn\u00e9 d&rsquo;un autre homme, qui a fui lors de l&rsquo;interpellation mais qui a \u00e9t\u00e9 rattrap\u00e9 plus tard et plac\u00e9 en garde \u00e0 vue, annonce ce dimanche matin le Pnat. Un troisi\u00e8me homme a \u00e9galement \u00e9t\u00e9 arr\u00eat\u00e9, sans qu&rsquo;on en sache plus pour le moment.<\/p>\n\n\n\n<p class=\"\">Selon les premiers \u00e9l\u00e9ments, les deux hommes \u00e9taient arriv\u00e9s \u00e0 pied devant l&rsquo;\u00e9tablissement am\u00e9ricain. Pendant que le premier d\u00e9posait le dispositif, le second a pris du recul pour, semble-t-il, faire des photos ou une vid\u00e9o avec son portable.<\/p>\n\n\n\n<p class=\"\">Les policiers fran\u00e7ais avaient \u00e9t\u00e9 alert\u00e9s il y a quelques jours, par un \u00ab\u00a0partenaire\u00a0\u00bb \u00e9tranger, d&rsquo;une possible action contre la Bank of America \u00e0 Paris, a appris ce samedi une source proche du dossier \u00e0 France T\u00e9l\u00e9visions. La menace avait \u00e9t\u00e9 d\u00e9tect\u00e9e sur les r\u00e9seaux sociaux.<\/p>\n\n\n\n<h2 class=\"wp-block-heading\">Appel \u00e0 la \u00ab\u00a0vigilance extr\u00eame\u00a0\u00bb du ministre de l&rsquo;Int\u00e9rieur<\/h2>\n\n\n\n<p class=\"\">Dans un message post\u00e9 sur X, le ministre de l&rsquo;Int\u00e9rieur Laurent Nu\u00f1ez a qualifi\u00e9 les faits d&rsquo;<em>\u00ab\u00a0action violente \u00e0 caract\u00e8re terroriste<\/em>\u00ab\u00a0. Il a soulign\u00e9 que&nbsp;<em>\u00ab\u00a0la vigilance demeur(ait) plus que jamais \u00e0 haut niveau\u00a0\u00bb<\/em>&nbsp;en f\u00e9licitant les policiers pour leur intervention et leur&nbsp;<em>\u00ab\u00a0mobilisation\u00a0\u00bb<\/em>&nbsp;dans le&nbsp;<em>\u00ab\u00a0contexte international que nous connaissons\u00a0\u00bb.<\/em><\/p>\n\n\n\n<p class=\"\">Si la France n&rsquo;est pas en elle-m\u00eame une cible, depuis le d\u00e9clenchement de la guerre au Moyen-Orient, le ministre a multipli\u00e9 les appels \u00e0 la&nbsp;<em>\u00ab\u00a0vigilance extr\u00eame\u00a0\u00bb<\/em>&nbsp;des forces de l&rsquo;ordre, particuli\u00e8rement pour prot\u00e9ger les opposants iraniens, leurs locaux associatifs, les lieux de culte juifs ainsi que les int\u00e9r\u00eats am\u00e9ricains et isra\u00e9liens, tous identifi\u00e9s comme cibles potentielles d&rsquo;actes terroristes. Le risque d&rsquo;actions \u00e0 caract\u00e8re terroriste est r\u00e9el concernant tout ce qui a trait aux \u00c9tats-Unis et \u00e0 Isra\u00ebl sur le territoire fran\u00e7ais.<\/p>\n\n\n\n<h2 class=\"wp-block-heading\">Des liens avec l&rsquo;Iran&nbsp;?<\/h2>\n\n\n\n<p class=\"\">Samedi soir, Laurent Nu\u00f1ez a fait&nbsp;<a href=\"https:\/\/www.francebleu.fr\/infos\/faits-divers-justice\/attentat-dejoue-a-paris-une-suspicion-importante-de-lien-avec-l-iran-selon-laurent-nunez-9949313\">le \u00ab\u00a0lien\u00a0\u00bb entre cet attentat d\u00e9jou\u00e9 et la guerre au Moyen-Orient<\/a>, voyant des&nbsp;<em>\u00ab\u00a0similitudes\u00a0\u00bb<\/em>&nbsp;entre cette action et des op\u00e9rations men\u00e9es ces derniers jours dans d&rsquo;autres pays europ\u00e9ens et revendiqu\u00e9s par un groupuscule. S&rsquo;exprimant sur BFMTV, Laurent Nu\u00f1ez a expliqu\u00e9 que&nbsp;<em>\u00ab\u00a0cette affaire (faisait) penser \u00e0 des actions similaires qui se sont d\u00e9roul\u00e9es dans d&rsquo;autres pays europ\u00e9ens\u00a0\u00bb. \u00ab\u00a0Je fais le lien avec les actions men\u00e9es dans les pays voisins (&#8230;) qui ont abouti\u00a0\u00bb et ont \u00e9t\u00e9 suivies de \u00ab\u00a0revendications d&rsquo;un groupuscule qui faisaient r\u00e9f\u00e9rence au conflit\u00a0\u00bb,<\/em>&nbsp;a-t-il \u00e9galement dit.<\/p>\n\n\n\n<p class=\"\">Un groupuscule \u00ab\u00a0Harakat Ashab al-Yamin al-Islamiya\u00a0\u00bb (Hayi) a revendiqu\u00e9 ces derniers jours plusieurs attaques contre la communaut\u00e9 juive, en Belgique, au Royaume-Uni et aux Pays-Bas. \u00c0 chaque fois, les vid\u00e9os de ces op\u00e9rations ont \u00e9t\u00e9 diffus\u00e9es sur des cha\u00eenes Telegram consid\u00e9r\u00e9es par les services comme proches des Gardiens de la r\u00e9volution islamique iranienne.<\/p>\n\n\n\n<p class=\"\"><em>\u00ab\u00a0La suspicion de lien avec l&rsquo;Iran n&rsquo;est pas \u00e9tonnante\u00a0\u00bb,<\/em>&nbsp;a aussi assur\u00e9 ce samedi sur&nbsp;<a target=\"_blank\" rel=\"noreferrer noopener\" href=\"https:\/\/www.franceinfo.fr\/faits-divers\/attentat-dejoue-a-paris-la-suspicion-de-lien-avec-l-iran-n-est-pas-etonnante-selon-le-senateur-cedric-perrin-president-de-la-commission-de-la-defense-et-des-affaires-etrangeres-au-senat_7900904.html\">franceinfo<\/a>&nbsp;le s\u00e9nateur LR du Territoire de Belfort C\u00e9dric Perrin. Pour celui qui est aussi pr\u00e9sident de la commission de la d\u00e9fense et des affaires \u00e9trang\u00e8res au S\u00e9nat et membre de la d\u00e9l\u00e9gation parlementaire au renseignement,&nbsp;<em>\u00ab\u00a0compte-tenu [&#8230;] des m\u00e9thodes que les Iraniens appliquent depuis 1979 [date de la r\u00e9volution] notamment en direction de l&rsquo;Occident, il est bien \u00e9vident que le risque d&rsquo;attentat terroriste est de plus en plus \u00e9lev\u00e9\u00a0\u00bb<\/em>, a-t-il soulign\u00e9.<\/p>\n\n\n\n<p class=\"\"><em>\u00ab\u00a0Il va falloir r\u00e9fl\u00e9chir \u00e0 donner les moyens pour travailler\u00a0\u00bb<\/em>&nbsp;aux renseignements, r\u00e9clame le s\u00e9nateur qui pointe notamment les messageries crypt\u00e9es comme&nbsp;<em>\u00ab\u00a0Whatsapp, Telegram, Signal et autres, [&#8230;] compl\u00e8tement cloisonn\u00e9es et cod\u00e9es\u00a0\u00bb<\/em>&nbsp;et dans lesquelles&nbsp;<em>\u00ab\u00a0il est extr\u00eamement compliqu\u00e9 pour les services de renseignement de [&#8230;] remonter les fili\u00e8res ou anticiper des attentats ou des tentatives d&rsquo;attentat\u00a0\u00bb<\/em>, a insist\u00e9 C\u00e9dric Perrin.<\/p>\n","protected":false},"excerpt":{"rendered":"<p>Pour la premi\u00e8re fois depuis le d\u00e9clenchement de la guerre au Moyen-Orient, un attentat \u00e0 l&rsquo;engin explosif a \u00e9t\u00e9 d\u00e9jou\u00e9, samedi, \u00e0 Paris. Il visait des int\u00e9r\u00eats am\u00e9ricains, le si\u00e8ge parisien de la Bank of America. Trois suspects ont \u00e9t\u00e9 interpell\u00e9s, le Parquet national antiterroriste a \u00e9t\u00e9 saisi. \u00c0 Paris, un\u00a0homme a \u00e9t\u00e9 interpell\u00e9 dans [&hellip;]<\/p>\n","protected":false},"author":2,"featured_media":43460,"comment_status":"open","ping_status":"open","sticky":false,"template":"","format":"standard","meta":{"_jetpack_memberships_contains_paid_content":false,"footnotes":"","jetpack_publicize_message":"","jetpack_publicize_feature_enabled":true,"jetpack_social_post_already_shared":true,"jetpack_social_options":{"image_generator_settings":{"template":"highway","default_image_id":0,"font":"","enabled":false},"version":2},"_wpas_customize_per_network":false},"categories":[405],"tags":[],"class_list":["post-43459","post","type-post","status-publish","format-standard","has-post-thumbnail","hentry","category-actu-france-monde"],"jetpack_publicize_connections":[],"jetpack_featured_media_url":"https:\/\/i0.wp.com\/www.iceagetv.com\/radiosite\/wp-content\/uploads\/2026\/03\/ce-que-lon-sait-de-lattentat-a-lexplosif-dejoue-a-Paris.jpg?fit=883%2C499&ssl=1","jetpack_sharing_enabled":true,"_links":{"self":[{"href":"https:\/\/www.iceagetv.com\/radiosite\/wp-json\/wp\/v2\/posts\/43459","targetHints":{"allow":["GET"]}}],"collection":[{"href":"https:\/\/www.iceagetv.com\/radiosite\/wp-json\/wp\/v2\/posts"}],"about":[{"href":"https:\/\/www.iceagetv.com\/radiosite\/wp-json\/wp\/v2\/types\/post"}],"author":[{"embeddable":true,"href":"https:\/\/www.iceagetv.com\/radiosite\/wp-json\/wp\/v2\/users\/2"}],"replies":[{"embeddable":true,"href":"https:\/\/www.iceagetv.com\/radiosite\/wp-json\/wp\/v2\/comments?post=43459"}],"version-history":[{"count":1,"href":"https:\/\/www.iceagetv.com\/radiosite\/wp-json\/wp\/v2\/posts\/43459\/revisions"}],"predecessor-version":[{"id":43461,"href":"https:\/\/www.iceagetv.com\/radiosite\/wp-json\/wp\/v2\/posts\/43459\/revisions\/43461"}],"wp:featuredmedia":[{"embeddable":true,"href":"https:\/\/www.iceagetv.com\/radiosite\/wp-json\/wp\/v2\/media\/43460"}],"wp:attachment":[{"href":"https:\/\/www.iceagetv.com\/radiosite\/wp-json\/wp\/v2\/media?parent=43459"}],"wp:term":[{"taxonomy":"category","embeddable":true,"href":"https:\/\/www.iceagetv.com\/radiosite\/wp-json\/wp\/v2\/categories?post=43459"},{"taxonomy":"post_tag","embeddable":true,"href":"https:\/\/www.iceagetv.com\/radiosite\/wp-json\/wp\/v2\/tags?post=43459"}],"curies":[{"name":"wp","href":"https:\/\/api.w.org\/{rel}","templated":true}]}}