{"id":43462,"date":"2026-03-29T17:06:13","date_gmt":"2026-03-29T15:06:13","guid":{"rendered":"https:\/\/www.iceagetv.com\/radiosite\/?p=43462"},"modified":"2026-03-29T17:06:15","modified_gmt":"2026-03-29T15:06:15","slug":"la-police-israelienne-empeche-le-patriarche-latin-de-jerusalem-de-celebrer-la-messe-du-dimanche-des-rameaux-pour-la-premiere-fois-depuis-des-siecles","status":"publish","type":"post","link":"https:\/\/www.iceagetv.com\/radiosite\/la-police-israelienne-empeche-le-patriarche-latin-de-jerusalem-de-celebrer-la-messe-du-dimanche-des-rameaux-pour-la-premiere-fois-depuis-des-siecles\/","title":{"rendered":"La police isra\u00e9lienne emp\u00eache le Patriarche latin de J\u00e9rusalem de c\u00e9l\u00e9brer la messe du dimanche des Rameaux \u00ab\u00a0pour la premi\u00e8re fois depuis des si\u00e8cles\u00a0\u00bb"},"content":{"rendered":"\n<p class=\"\">La police isra\u00e9lienne a emp\u00each\u00e9 le Patriarche latin de J\u00e9rusalem ainsi que le p\u00e8re de l&rsquo;\u00e9glise du Saint-S\u00e9pulcre d&rsquo;entrer dans le lieu saint pour c\u00e9l\u00e9brer la messe du dimanche des Rameaux, affirme le Patriarcat latin.<\/p>\n\n\n\n<p class=\"\">La police isra\u00e9lienne a emp\u00each\u00e9 le<a href=\"https:\/\/www.bfmtv.com\/international\/moyen-orient\/palestine\/eglise-frappee-a-gaza-le-pape-apporte-son-soutien-apres-cette-attaque-injustifiable_AN-202507180321.html\">\u00a0Patriarche latin<\/a>\u00a0de J\u00e9rusalem ainsi que le p\u00e8re de l&rsquo;\u00e9glise du Saint-S\u00e9pulcre d&rsquo;entrer dans le lieu saint pour c\u00e9l\u00e9brer la messe du dimanche des Rameaux, \u00ab\u00a0pour la premi\u00e8re fois depuis des si\u00e8cles\u00a0\u00bb, a affirm\u00e9 le Patriarcat latin.\u00a0\u00bbTous deux ont \u00e9t\u00e9 arr\u00eat\u00e9s en chemin alors qu&rsquo;ils se d\u00e9pla\u00e7aient \u00e0 titre priv\u00e9 (&#8230;) et ont \u00e9t\u00e9 contraints de rebrousser chemin\u00a0\u00bb, indique un communiqu\u00e9 conjoint du Patriarcat latin de J\u00e9rusalem et la Custodie de Terre Sainte.<\/p>\n\n\n\n<p class=\"\">\u00ab\u00a0En cons\u00e9quence, et pour la premi\u00e8re fois depuis des si\u00e8cles, les chefs de l&rsquo;Eglise ont \u00e9t\u00e9 emp\u00each\u00e9s de c\u00e9l\u00e9brer la messe du dimanche des Rameaux \u00e0 l&rsquo;\u00e9glise du Saint-S\u00e9pulcre\u00a0\u00bb, ajoute le communiqu\u00e9, alors qu&rsquo;Isra\u00ebl a ferm\u00e9 tous les lieux saints de la Vieille ville de J\u00e9rusalem-Est, en invoquant des raisons de s\u00e9curit\u00e9.<\/p>\n\n\n\n<h2 class=\"wp-block-heading\" id=\"cpmmv\">\u00ab\u00a0Un grave pr\u00e9c\u00e9dent\u00a0\u00bb<\/h2>\n\n\n\n<p class=\"\">Cet emp\u00eachement \u00ab\u00a0constitue un grave pr\u00e9c\u00e9dent et t\u00e9moigne d&rsquo;un manque de consid\u00e9ration envers la sensibilit\u00e9 de milliards de personnes \u00e0 travers le monde qui, durant cette semaine, tournent leur regard vers J\u00e9rusalem.\u00a0\u00bb Contact\u00e9e par l&rsquo;AFP, la police n&rsquo;a pas r\u00e9pondu dans l&rsquo;imm\u00e9diat.Au d\u00e9but de l&rsquo;offensive men\u00e9e avec les Etats-Unis contre l&rsquo;Iran le 28 f\u00e9vrier, les autorit\u00e9s isra\u00e9liennes ont interdit les grands rassemblements, y compris dans les synagogues, les \u00e9glises et les mosqu\u00e9es, limitant les rassemblements publics \u00e0 environ 50 personnes.<\/p>\n\n\n\n<p class=\"\">Le dimanche des Rameaux, qui ouvre la Semaine sainte, comm\u00e9more la derni\u00e8re mont\u00e9e du Christ \u00e0 J\u00e9rusalem, o\u00f9 il avait \u00e9t\u00e9 re\u00e7u triomphalement par une foule en liesse \u00e0 quelques jours de sa crucifixion et de sa r\u00e9surrection le matin de P\u00e2ques, selon les Evangiles.<\/p>\n\n\n\n<p class=\"\">Le Patriarcat latin avait \u00e9galement annonc\u00e9 l&rsquo;annulation de la procession traditionnelle du dimanche des Rameaux, qui part habituellement du mont des Oliviers pour rejoindre J\u00e9rusalem et attire chaque ann\u00e9e des milliers de fid\u00e8les.\u00a0\u00bbLes chefs des Eglises ont agi en toute responsabilit\u00e9 et, depuis le d\u00e9but de la guerre, se sont conform\u00e9s \u00e0 toutes les restrictions impos\u00e9es\u00a0\u00bb, a d\u00e9clar\u00e9 le Patriarcat.<\/p>\n\n\n\n<p class=\"\">\u00ab\u00a0Emp\u00eacher l&rsquo;entr\u00e9e du cardinal et du custode, qui assument la plus haute responsabilit\u00e9 eccl\u00e9siastique pour l&rsquo;Eglise catholique et les Lieux saints, constitue une mesure manifestement d\u00e9raisonnable et gravement disproportionn\u00e9e\u00a0\u00bb, selon le communiqu\u00e9.<\/p>\n\n\n\n<p class=\"\">Selon les estimations en 2023 du patriarcat latin de J\u00e9rusalem, les chr\u00e9tiens repr\u00e9sentaient plus de 18% de la population de la Terre sainte (r\u00e9gion qui inclut la Jordanie en plus d&rsquo;Isra\u00ebl et des Territoires palestiniens occup\u00e9s) lors de la cr\u00e9ation de l&rsquo;Etat d&rsquo;Isra\u00ebl en 1948, mais ils sont d\u00e9sormais moins de 2%, pour la plupart orthodoxes.<\/p>\n","protected":false},"excerpt":{"rendered":"<p>La police isra\u00e9lienne a emp\u00each\u00e9 le Patriarche latin de J\u00e9rusalem ainsi que le p\u00e8re de l&rsquo;\u00e9glise du Saint-S\u00e9pulcre d&rsquo;entrer dans le lieu saint pour c\u00e9l\u00e9brer la messe du dimanche des Rameaux, affirme le Patriarcat latin. La police isra\u00e9lienne a emp\u00each\u00e9 le\u00a0Patriarche latin\u00a0de J\u00e9rusalem ainsi que le p\u00e8re de l&rsquo;\u00e9glise du Saint-S\u00e9pulcre d&rsquo;entrer dans le lieu [&hellip;]<\/p>\n","protected":false},"author":2,"featured_media":43463,"comment_status":"open","ping_status":"open","sticky":false,"template":"","format":"standard","meta":{"_jetpack_memberships_contains_paid_content":false,"footnotes":"","jetpack_publicize_message":"","jetpack_publicize_feature_enabled":true,"jetpack_social_post_already_shared":true,"jetpack_social_options":{"image_generator_settings":{"template":"highway","default_image_id":0,"font":"","enabled":false},"version":2},"_wpas_customize_per_network":false},"categories":[405],"tags":[],"class_list":["post-43462","post","type-post","status-publish","format-standard","has-post-thumbnail","hentry","category-actu-france-monde"],"jetpack_publicize_connections":[],"jetpack_featured_media_url":"https:\/\/i0.wp.com\/www.iceagetv.com\/radiosite\/wp-content\/uploads\/2026\/03\/Palestine-1774379.jpg?fit=800%2C450&ssl=1","jetpack_sharing_enabled":true,"_links":{"self":[{"href":"https:\/\/www.iceagetv.com\/radiosite\/wp-json\/wp\/v2\/posts\/43462","targetHints":{"allow":["GET"]}}],"collection":[{"href":"https:\/\/www.iceagetv.com\/radiosite\/wp-json\/wp\/v2\/posts"}],"about":[{"href":"https:\/\/www.iceagetv.com\/radiosite\/wp-json\/wp\/v2\/types\/post"}],"author":[{"embeddable":true,"href":"https:\/\/www.iceagetv.com\/radiosite\/wp-json\/wp\/v2\/users\/2"}],"replies":[{"embeddable":true,"href":"https:\/\/www.iceagetv.com\/radiosite\/wp-json\/wp\/v2\/comments?post=43462"}],"version-history":[{"count":1,"href":"https:\/\/www.iceagetv.com\/radiosite\/wp-json\/wp\/v2\/posts\/43462\/revisions"}],"predecessor-version":[{"id":43464,"href":"https:\/\/www.iceagetv.com\/radiosite\/wp-json\/wp\/v2\/posts\/43462\/revisions\/43464"}],"wp:featuredmedia":[{"embeddable":true,"href":"https:\/\/www.iceagetv.com\/radiosite\/wp-json\/wp\/v2\/media\/43463"}],"wp:attachment":[{"href":"https:\/\/www.iceagetv.com\/radiosite\/wp-json\/wp\/v2\/media?parent=43462"}],"wp:term":[{"taxonomy":"category","embeddable":true,"href":"https:\/\/www.iceagetv.com\/radiosite\/wp-json\/wp\/v2\/categories?post=43462"},{"taxonomy":"post_tag","embeddable":true,"href":"https:\/\/www.iceagetv.com\/radiosite\/wp-json\/wp\/v2\/tags?post=43462"}],"curies":[{"name":"wp","href":"https:\/\/api.w.org\/{rel}","templated":true}]}}