{"id":43473,"date":"2026-03-30T13:18:37","date_gmt":"2026-03-30T11:18:37","guid":{"rendered":"https:\/\/www.iceagetv.com\/radiosite\/?p=43473"},"modified":"2026-03-30T13:18:39","modified_gmt":"2026-03-30T11:18:39","slug":"prix-des-carburants-blocages-des-routiers-cars-les-actions-prevues-partout-en-france-cette-semaine","status":"publish","type":"post","link":"https:\/\/www.iceagetv.com\/radiosite\/prix-des-carburants-blocages-des-routiers-cars-les-actions-prevues-partout-en-france-cette-semaine\/","title":{"rendered":"Prix des carburants : blocages des routiers, cars\u2026 les actions pr\u00e9vues partout en France cette semaine"},"content":{"rendered":"\n<p class=\"\">Face \u00e0 la hausse des prix des carburants, des actions sont annonc\u00e9es cette semaine en France, notamment par l&rsquo;organisation des transporteurs routiers europ\u00e9ens.Circulation compliqu\u00e9e entre le sud de&nbsp;<a href=\"https:\/\/actu.fr\/lyon\/\">Lyon<\/a>&nbsp;(Rh\u00f4ne) et Vienne (<a href=\"https:\/\/actu.fr\/auvergne-rhone-alpes\/isere_38\">Is\u00e8re<\/a>), ce samedi 28 mars 2026. Des v\u00e9hicules \u00e9taient positionn\u00e9s \u00e0 la hauteur de l\u2019\u00e9changeur strat\u00e9gique entre l\u2019A7, l\u2019A46 (<a href=\"https:\/\/actu.fr\/paris\/\">Paris<\/a>) et l\u2019A47 (<a href=\"https:\/\/actu.fr\/saint-etienne\/\">Saint\u2011\u00c9tienne<\/a>), vers la commune de Chasse\u2011sur\u2011Rh\u00f4ne. Idem \u00e0 Clermont-Ferrand (<a href=\"https:\/\/actu.fr\/auvergne-rhone-alpes\/puy-de-dome_63\">Puy-de-D\u00f4me<\/a>), o\u00f9 un barrage filtrant \u00e9tait install\u00e9 ce week-end au rond-point du Br\u00e9zet\u2026<\/p>\n\n\n\n<p class=\"\">Ce lundi 30 mars, la col\u00e8re est \u00e0 Paris cette fois, \u00e0 hauteur de la porte de Vincennes, o\u00f9 une op\u00e9ration escargot s\u2019est lanc\u00e9e rassemblant camions, autocars et ambulances. Objectif ? R\u00e9clamer des aides face \u00e0 la hausse du\u00a0<a href=\"https:\/\/actu.fr\/tag\/carburants\">carburant<\/a>\u00a0en raison de la\u00a0<a href=\"https:\/\/actu.fr\/tag\/guerre-au-moyen-orient\">guerre au Moyen-Orient<\/a>.Des actions dans plusieurs r\u00e9gions ces mardi et mercredi&nbsp;<\/p>\n\n\n\n<p class=\"\">Plusieurs syndicats r\u00e9gionaux de l\u2019organisation des&nbsp;<a href=\"https:\/\/actu.fr\/tag\/transport\">transporteurs<\/a>&nbsp;routiers europ\u00e9ens (Otre) se mobilisent depuis ce week-end, et ce n\u2019est pas fini.<\/p>\n\n\n\n<p class=\"\">Ce mardi 31 mars, des actions sont pr\u00e9vues dans le&nbsp;<a href=\"https:\/\/actu.fr\/nouvelle-aquitaine\/lot-et-garonne_47\">Lot-et-Garonne<\/a>&nbsp;mais aussi dans les&nbsp;<a href=\"https:\/\/actu.fr\/pays-de-la-loire\/\">Pays-de-la-Loire<\/a>, en&nbsp;<a href=\"https:\/\/actu.fr\/nouvelle-aquitaine\/\">Nouvelle-Aquitaine<\/a>&nbsp;et en&nbsp;<a href=\"https:\/\/actu.fr\/occitanie\/aveyron_12\">Aveyron<\/a>, annonce l\u2019Otre. Le mercredi 1er avril, \u00e7a sera dans le secteur de&nbsp;<a href=\"https:\/\/actu.fr\/toulouse\/\">Toulouse<\/a>&nbsp;(Haute-Garonne) et en r\u00e9gion&nbsp;<a href=\"https:\/\/actu.fr\/provence-alpes-cote-d-azur\/\">Provence-Alpes-C\u00f4te d\u2019Azur<\/a>.<\/p>\n\n\n\n<p class=\"\">La f\u00e9d\u00e9ration nationale des transporteurs routiers (FNTR), qui juge les mesures pr\u00e9sent\u00e9es par le gouvernement, ce 27 mars&nbsp;<a href=\"https:\/\/www.fntr.fr\/espace-presse-et-partenariats\/communiques-de-presse\/les-aides-annoncees-pour-le-transport-routier\">\u00ab&nbsp; incompr\u00e9hensibles&nbsp;\u00bb et \u00ab&nbsp; ni \u00e0 la hauteur de la crise, ni adapt\u00e9es aux r\u00e9alit\u00e9s du terrain&nbsp;\u00bb<\/a>&nbsp;ne peut exclure, de son c\u00f4t\u00e9, \u00e9galement, \u00ab certains mouvements locaux \u00bb ces prochains jours.<\/p>\n\n\n\n<p class=\"\">Sur le terrain, les entreprises de transport font face \u00e0 une flamb\u00e9e des co\u00fbts, \u00e0 des d\u00e9ficits qui se creusent et \u00e0 des tr\u00e9soreries exsangues. Ces annonces, loin d\u2019apporter une r\u00e9ponse rapide et op\u00e9rationnelle, sont d\u00e9connect\u00e9es des attentes des professionnels du transport.Le gouvernement a pr\u00e9vu\u00a0une enveloppe d\u2019urgence de\u00a0<a href=\"https:\/\/actu.fr\/societe\/prix-des-carburants-le-gouvernement-annonce-une-serie-d-aides-pour-les-secteurs-les-plus-touches_64064583.html\">50 millions d\u2019euros pour le mois d\u2019avril<\/a>, destin\u00e9e en priorit\u00e9 aux TPE et PME du secteur du transport routier. \u00ab Une aide annonc\u00e9e de 20 centimes par litre qui n\u2019est pas suffisante pour compenser nos pertes, on ne s\u2019en sort pas. Il faudrait 50 centimes. Sinon, ce sera des faillites, on ne peut pas continuer \u00e0 travailler \u00e0 perte \u00bb, a comment\u00e9 ce lundi \u00e0\u00a0<em>l\u2019AFP<\/em>\u00a0la tr\u00e9sori\u00e8re de la f\u00e9d\u00e9ration des autocaristes ind\u00e9pendants et g\u00e9rante de la soci\u00e9t\u00e9 de location de cars Ulysse Cars, Sarah Bahezre.\u00ab Pas \u00e0 la hauteur de la gravit\u00e9 de la situation \u00bb<\/p>\n\n\n\n<p class=\"\">L\u2019enveloppe annonc\u00e9e ce vendredi par le gouvernement \u00ab ne para\u00eet pas \u00e0 la hauteur de la gravit\u00e9 de la situation, des difficult\u00e9s rencontr\u00e9es par les professionnels concern\u00e9s, ni des mesures qui avaient \u00e9t\u00e9 prises en 2022 \u00bb lors du d\u00e9but de la&nbsp;<a href=\"https:\/\/actu.fr\/tag\/guerre-en-ukraine\">guerre en Ukraine<\/a>, temp\u00eate de son c\u00f4t\u00e9 l\u2019Otre.<\/p>\n\n\n\n<p class=\"\">\u00ab Il y a un certain nombre d\u2019actions qui sont tol\u00e9r\u00e9es, mais on ne peut pas tol\u00e9rer les blocages qui mettent \u00e0 mal d\u2019abord notre \u00e9conomie et puis surtout la libert\u00e9 d\u2019aller et venir de nos concitoyens \u00bb, a cependant d\u2019ores et d\u00e9j\u00e0 pr\u00e9venu lundi sur&nbsp;<em>RTL<\/em>&nbsp;le ministre de l\u2019Int\u00e9rieur, Laurent Nu\u00f1ez. La pression monte aussi du c\u00f4t\u00e9 du gouvernement.<\/p>\n","protected":false},"excerpt":{"rendered":"<p>Face \u00e0 la hausse des prix des carburants, des actions sont annonc\u00e9es cette semaine en France, notamment par l&rsquo;organisation des transporteurs routiers europ\u00e9ens.Circulation compliqu\u00e9e entre le sud de&nbsp;Lyon&nbsp;(Rh\u00f4ne) et Vienne (Is\u00e8re), ce samedi 28 mars 2026. Des v\u00e9hicules \u00e9taient positionn\u00e9s \u00e0 la hauteur de l\u2019\u00e9changeur strat\u00e9gique entre l\u2019A7, l\u2019A46 (Paris) et l\u2019A47 (Saint\u2011\u00c9tienne), vers la [&hellip;]<\/p>\n","protected":false},"author":2,"featured_media":43474,"comment_status":"open","ping_status":"open","sticky":false,"template":"","format":"standard","meta":{"_jetpack_memberships_contains_paid_content":false,"footnotes":"","jetpack_publicize_message":"","jetpack_publicize_feature_enabled":true,"jetpack_social_post_already_shared":true,"jetpack_social_options":{"image_generator_settings":{"template":"highway","default_image_id":0,"font":"","enabled":false},"version":2},"_wpas_customize_per_network":false},"categories":[405],"tags":[],"class_list":["post-43473","post","type-post","status-publish","format-standard","has-post-thumbnail","hentry","category-actu-france-monde"],"jetpack_publicize_connections":[],"jetpack_featured_media_url":"https:\/\/i0.wp.com\/www.iceagetv.com\/radiosite\/wp-content\/uploads\/2026\/03\/blocage-routier-cars-ambulances-960x640-1.jpeg?fit=960%2C640&ssl=1","jetpack_sharing_enabled":true,"_links":{"self":[{"href":"https:\/\/www.iceagetv.com\/radiosite\/wp-json\/wp\/v2\/posts\/43473","targetHints":{"allow":["GET"]}}],"collection":[{"href":"https:\/\/www.iceagetv.com\/radiosite\/wp-json\/wp\/v2\/posts"}],"about":[{"href":"https:\/\/www.iceagetv.com\/radiosite\/wp-json\/wp\/v2\/types\/post"}],"author":[{"embeddable":true,"href":"https:\/\/www.iceagetv.com\/radiosite\/wp-json\/wp\/v2\/users\/2"}],"replies":[{"embeddable":true,"href":"https:\/\/www.iceagetv.com\/radiosite\/wp-json\/wp\/v2\/comments?post=43473"}],"version-history":[{"count":1,"href":"https:\/\/www.iceagetv.com\/radiosite\/wp-json\/wp\/v2\/posts\/43473\/revisions"}],"predecessor-version":[{"id":43475,"href":"https:\/\/www.iceagetv.com\/radiosite\/wp-json\/wp\/v2\/posts\/43473\/revisions\/43475"}],"wp:featuredmedia":[{"embeddable":true,"href":"https:\/\/www.iceagetv.com\/radiosite\/wp-json\/wp\/v2\/media\/43474"}],"wp:attachment":[{"href":"https:\/\/www.iceagetv.com\/radiosite\/wp-json\/wp\/v2\/media?parent=43473"}],"wp:term":[{"taxonomy":"category","embeddable":true,"href":"https:\/\/www.iceagetv.com\/radiosite\/wp-json\/wp\/v2\/categories?post=43473"},{"taxonomy":"post_tag","embeddable":true,"href":"https:\/\/www.iceagetv.com\/radiosite\/wp-json\/wp\/v2\/tags?post=43473"}],"curies":[{"name":"wp","href":"https:\/\/api.w.org\/{rel}","templated":true}]}}