{"id":43500,"date":"2026-04-01T08:26:06","date_gmt":"2026-04-01T06:26:06","guid":{"rendered":"https:\/\/www.iceagetv.com\/radiosite\/?p=43500"},"modified":"2026-04-01T08:26:08","modified_gmt":"2026-04-01T06:26:08","slug":"coupe-du-monde-2026-retrouvez-la-liste-des-48-pays-qualifies-et-la-composition-complete-de-tous-les-groupe","status":"publish","type":"post","link":"https:\/\/www.iceagetv.com\/radiosite\/coupe-du-monde-2026-retrouvez-la-liste-des-48-pays-qualifies-et-la-composition-complete-de-tous-les-groupe\/","title":{"rendered":"Coupe du monde 2026\u00a0: retrouvez la liste des 48 pays qualifi\u00e9s et la composition compl\u00e8te de tous les groupe"},"content":{"rendered":"\n<p class=\"\">Pour la premi\u00e8re fois de l\u2019histoire, 48 \u00e9quipes disputeront la Coupe du monde 2026 du 11\u00a0juin au 19\u00a0juillet aux \u00c9tats-Unis, au Mexique et au Canada. On conna\u00eet d\u00e9sormais l\u2019int\u00e9gralit\u00e9 des participants.Les noms de tous les pays qui disputeront la\u00a0<a href=\"https:\/\/www.leparisien.fr\/sports\/football\/coupe-du-monde\/\" target=\"_blank\" rel=\"noreferrer noopener\">Coupe du monde 2026<\/a>\u00a0sont connus depuis la qualification ce mercredi matin de l\u2019Irak aux d\u00e9pens de la Bolivie. \u00c0 partir du 11 juin, et jusqu\u2019\u00e0 la finale le 19 juillet, 48 s\u00e9lections nationales tenteront d\u2019arracher le titre de la 23e \u00e9dition de la comp\u00e9tition, organis\u00e9e aux \u00c9tats-Unis, au Mexique et au Canada.es derni\u00e8res rencontres des&nbsp;<a href=\"https:\/\/www.leparisien.fr\/sports\/football\/coupe-du-monde\/coupe-du-monde-2026-la-turquie-balaie-les-espoirs-du-kosovo-la-suede-vient-a-bout-de-la-pologne-31-03-2026-QDVMCA3GMNDZDMCCVQ4AHB2TWY.php\" target=\"_blank\" rel=\"noreferrer noopener\">barrages<\/a>&nbsp;se sont d\u00e9roul\u00e9es ce mardi jusque tard dans la nuit, et ont vu la R\u00e9publique tch\u00e8que, la Turquie, la&nbsp;<a href=\"https:\/\/www.leparisien.fr\/sports\/football\/bosnie-italie-terrassee-aux-tirs-au-but-la-nazionale-loupera-la-coupe-du-monde-pour-la-3e-fois-daffilee-31-03-2026-GXKYWNZWFRGCLBUFUAEL5LOWUY.php\" target=\"_blank\" rel=\"noreferrer noopener\">Bosnie-Herz\u00e9govine<\/a>, la Su\u00e8de, le RD Congo et l\u2019Irak rallier la liste des pays qualifi\u00e9s pour le Mondial. Le dernier cit\u00e9 rejoindra d\u2019ailleurs le groupe I de la&nbsp;<a href=\"https:\/\/www.leparisien.fr\/sports\/football\/equipe-de-france\/\" target=\"_blank\" rel=\"noreferrer noopener\">France<\/a>, le S\u00e9n\u00e9gal et la Norv\u00e8ge.<\/p>\n\n\n\n<h2 class=\"wp-block-heading\">Un doute sur la pr\u00e9sence de l\u2019Iran ?<\/h2>\n\n\n\n<p class=\"\">Cette Coupe du monde 2026 va donc voir de nombreuses nations phares du football prolonger leur histoire avec elle, \u00e0 l\u2019exception de l\u2019Italie, mais va aussi permettre de d\u00e9couvrir de petits nouveaux \u00e0 l\u2019instar de l\u2019Ouzb\u00e9kistan, Ha\u00efti, la Jordanie, le Cura\u00e7ao ou encore le Cap Vert.Qualifi\u00e9 de longue date, l\u2019<a href=\"https:\/\/www.leparisien.fr\/international\/iran\/\" target=\"_blank\" rel=\"noreferrer noopener\">Iran<\/a>, toujours engag\u00e9 dans un conflit arm\u00e9 avec les \u00c9tats-Unis, n\u2019a pas encore ent\u00e9rin\u00e9 son choix de participer ou non \u00e0 la comp\u00e9tition. \u00ab Sachant que ce gouvernement corrompu a assassin\u00e9 notre leader,\u00a0<a href=\"https:\/\/www.leparisien.fr\/sports\/football\/coupe-du-monde\/quel-esprit-sain-enverrait-son-equipe-dans-un-endroit-pareil-le-doute-persiste-sur-la-presence-de-liran-au-mondial-10-03-2026-CEHRKOMFN5AL7KW6CS36NJBBOM.php\">les conditions pour participer \u00e0 la Coupe du monde ne sont pas r\u00e9unies<\/a>\u00a0\u00bb, avait expliqu\u00e9 le ministre des Sports iranien Ahmad Doyanmali d\u00e9but mars.\u00ab Ils se sont qualifi\u00e9s sur le terrain et l\u2019ont fait tr\u00e8s t\u00f4t, a\u00a0<a href=\"https:\/\/www.leparisien.fr\/sports\/football\/coupe-du-monde\/nous-voulons-quil-participe-malgre-le-contexte-international-gianni-infantino-veut-voir-liran-au-mondial-2026-aux-etats-unis-31-03-2026-2O47USQMWJDYTDBRWMWH4KKTIQ.php\" target=\"_blank\" rel=\"noreferrer noopener\">r\u00e9pondu<\/a>\u00a0le pr\u00e9sident de la Fifa Gianni Infantino, lundi au micro de la cha\u00eene mexicaine N + Univision. C\u2019est un pays de football, nous voulons qu\u2019il participe. Il disputera la Coupe du monde 2026, il n\u2019y a pas de plan B, C ou D, c\u2019est le plan A. \u00bb<\/p>\n","protected":false},"excerpt":{"rendered":"<p>Pour la premi\u00e8re fois de l\u2019histoire, 48 \u00e9quipes disputeront la Coupe du monde 2026 du 11\u00a0juin au 19\u00a0juillet aux \u00c9tats-Unis, au Mexique et au Canada. On conna\u00eet d\u00e9sormais l\u2019int\u00e9gralit\u00e9 des participants.Les noms de tous les pays qui disputeront la\u00a0Coupe du monde 2026\u00a0sont connus depuis la qualification ce mercredi matin de l\u2019Irak aux d\u00e9pens de la [&hellip;]<\/p>\n","protected":false},"author":2,"featured_media":43501,"comment_status":"open","ping_status":"open","sticky":false,"template":"","format":"standard","meta":{"_jetpack_memberships_contains_paid_content":false,"footnotes":"","jetpack_publicize_message":"","jetpack_publicize_feature_enabled":true,"jetpack_social_post_already_shared":true,"jetpack_social_options":{"image_generator_settings":{"template":"highway","default_image_id":0,"font":"","enabled":false},"version":2},"_wpas_customize_per_network":false},"categories":[18],"tags":[],"class_list":["post-43500","post","type-post","status-publish","format-standard","has-post-thumbnail","hentry","category-actu-sport"],"jetpack_publicize_connections":[],"jetpack_featured_media_url":"https:\/\/i0.wp.com\/www.iceagetv.com\/radiosite\/wp-content\/uploads\/2026\/04\/BGA5URLLAZEHRGJMJST6EKY6IY.jpg?fit=622%2C847&ssl=1","jetpack_sharing_enabled":true,"_links":{"self":[{"href":"https:\/\/www.iceagetv.com\/radiosite\/wp-json\/wp\/v2\/posts\/43500","targetHints":{"allow":["GET"]}}],"collection":[{"href":"https:\/\/www.iceagetv.com\/radiosite\/wp-json\/wp\/v2\/posts"}],"about":[{"href":"https:\/\/www.iceagetv.com\/radiosite\/wp-json\/wp\/v2\/types\/post"}],"author":[{"embeddable":true,"href":"https:\/\/www.iceagetv.com\/radiosite\/wp-json\/wp\/v2\/users\/2"}],"replies":[{"embeddable":true,"href":"https:\/\/www.iceagetv.com\/radiosite\/wp-json\/wp\/v2\/comments?post=43500"}],"version-history":[{"count":1,"href":"https:\/\/www.iceagetv.com\/radiosite\/wp-json\/wp\/v2\/posts\/43500\/revisions"}],"predecessor-version":[{"id":43502,"href":"https:\/\/www.iceagetv.com\/radiosite\/wp-json\/wp\/v2\/posts\/43500\/revisions\/43502"}],"wp:featuredmedia":[{"embeddable":true,"href":"https:\/\/www.iceagetv.com\/radiosite\/wp-json\/wp\/v2\/media\/43501"}],"wp:attachment":[{"href":"https:\/\/www.iceagetv.com\/radiosite\/wp-json\/wp\/v2\/media?parent=43500"}],"wp:term":[{"taxonomy":"category","embeddable":true,"href":"https:\/\/www.iceagetv.com\/radiosite\/wp-json\/wp\/v2\/categories?post=43500"},{"taxonomy":"post_tag","embeddable":true,"href":"https:\/\/www.iceagetv.com\/radiosite\/wp-json\/wp\/v2\/tags?post=43500"}],"curies":[{"name":"wp","href":"https:\/\/api.w.org\/{rel}","templated":true}]}}