{"id":43525,"date":"2026-04-02T13:05:14","date_gmt":"2026-04-02T11:05:14","guid":{"rendered":"https:\/\/www.iceagetv.com\/radiosite\/?p=43525"},"modified":"2026-04-02T13:05:16","modified_gmt":"2026-04-02T11:05:16","slug":"deux-septuagenaires-retrouves-morts-a-leur-domicile-pres-de-charleville-mezieres-leur-petite-fille-et-son-petit-ami-ages-dune-quinzaine-dannees-places-en-garde-a-vue","status":"publish","type":"post","link":"https:\/\/www.iceagetv.com\/radiosite\/deux-septuagenaires-retrouves-morts-a-leur-domicile-pres-de-charleville-mezieres-leur-petite-fille-et-son-petit-ami-ages-dune-quinzaine-dannees-places-en-garde-a-vue\/","title":{"rendered":"Deux septuag\u00e9naires retrouv\u00e9s morts \u00e0 leur domicile pr\u00e8s de Charleville-M\u00e9zi\u00e8res &#8211; Leur petite-fille et son petit ami, \u00e2g\u00e9s d&rsquo;une quinzaine d&rsquo;ann\u00e9es, plac\u00e9s en garde \u00e0 vue."},"content":{"rendered":"\n<p>Des corps trouv\u00e9s au sous-sol, des plaies \u00e0 l&rsquo;arme blanche: deux septuag\u00e9naires ont \u00e9t\u00e9 retrouv\u00e9s morts \u00e0 leur domicile pr\u00e8s de Charleville-M\u00e9zi\u00e8res et leur petite-fille ainsi que son petit ami, \u00e2g\u00e9s d&rsquo;une quinzaine d&rsquo;ann\u00e9es, ont \u00e9t\u00e9 plac\u00e9s en garde \u00e0 vue.<\/p>\n\n\n\n<p>Peu avant 09H00 mardi, la police intervient au domicile de ce couple de retrait\u00e9s de 71 et 74 ans qui ne r\u00e9pondait plus au t\u00e9l\u00e9phone \u00e0 Villers-Semeuse, commune ardennaise de 3.700 habitants, a appris l&rsquo;AFP aupr\u00e8s d&rsquo;une source polici\u00e8re.<\/p>\n\n\n\n<p>Sur place, des traces de sang m\u00e8nent les policiers au sous-sol et \u00e0 la cave, o\u00f9 ils d\u00e9couvrent les corps sans vie des deux septuag\u00e9naires, pr\u00e9sentant des blessures par arme blanche et des traces de d\u00e9fense.<\/p>\n\n\n\n<p>La petite-fille vivait chez les victimes, qui en avaient la garde, a appris l&rsquo;AFP de cette source polici\u00e8re.<\/p>\n\n\n\n<p>La jeune fille n&rsquo;\u00e9tait pas sur place lors de l&rsquo;intervention de la police, et \u00e9tait absente de son lyc\u00e9e depuis la veille, tout comme son petit ami, connu pour des faits de violences, toujours selon cette source.<\/p>\n\n\n\n<p>Les deux adolescents sont finalement retrouv\u00e9s dans un b\u00e2timent abandonn\u00e9, ajoute cette source. Ils ont \u00e9t\u00e9 plac\u00e9s en garde \u00e0 vue, a pr\u00e9cis\u00e9 \u00e0 l&rsquo;AFP la procureure de Charleville-M\u00e9zi\u00e8res, Magali Josse.<\/p>\n\n\n\n<p>Le parquet a ouvert une \u00ab\u00a0enqu\u00eate de flagrance du chef d&rsquo;homicide volontaire\u00a0\u00bb, selon Mme Josse, qui a annonc\u00e9 quelques heures plus tard le dessaisissement de son parquet au profit du p\u00f4le criminel de celui de Reims.<\/p>\n\n\n\n<p>Les investigations ont \u00e9t\u00e9 confi\u00e9es au commissariat de Charleville-M\u00e9zi\u00e8res en cosaisine avec le service interd\u00e9partemental de police judiciaire (SIPJ) de Reims, selon Mme Josse.<\/p>\n\n\n\n<p>Des t\u00e9moins ont confi\u00e9 aux enqu\u00eateurs avoir entendu lundi matin, aux alentours de 9H00, un cri en provenance de la maison, a ajout\u00e9 la source polici\u00e8re.<\/p>\n\n\n\n<p>Le maire de Villers-Semeuse, J\u00e9r\u00e9my Dupuy, se souvient des victimes comme des \u00ab\u00a0retrait\u00e9s tr\u00e8s actifs\u00a0\u00bb, \u00ab\u00a0sympathiques\u00a0\u00bb, qui \u00ab\u00a0s&rsquo;int\u00e9ressaient \u00e0 la vie de la commune\u00a0\u00bb et s&rsquo;impliquaient dans le tissu associatif local, notamment \u00ab\u00a0\u00e0 but social\u00a0\u00bb.<\/p>\n\n\n\n<p>Ils vivaient modestement dans le quartier d&rsquo;une ancienne cit\u00e9 ouvri\u00e8re et s&rsquo;occupaient de leur petite-fille \u00ab\u00a0depuis qu&rsquo;elle \u00e9tait petite\u00a0\u00bb, a pr\u00e9cis\u00e9 l&rsquo;\u00e9lu interrog\u00e9 par l&rsquo;AFP.<\/p>\n\n\n\n<p>La jeune fille ne faisait pas parler d&rsquo;elle, a assur\u00e9 l&rsquo;\u00e9dile: \u00ab\u00a0Il n&rsquo;y a jamais eu ni d\u00e9bordement ni probl\u00e9matique\u00a0\u00bb quelconque en lien avec elle au niveau de la commune, il n&rsquo;y avait \u00ab\u00a0aucun sujet par rapport \u00e0 la petite-fille, en tout cas jusqu&rsquo;\u00e0 aujourd&rsquo;hui\u00a0\u00bb.<\/p>\n\n\n\n<p>Ce qui rend ce drame encore plus \u00ab\u00a0irr\u00e9aliste\u00a0\u00bb, pour M. Dupuy: \u00ab\u00a0On se pose beaucoup de questions par rapport au fait qu&rsquo;il n&rsquo;y avait aucun signe de rien du tout sur l&rsquo;ensemble de la famille\u00a0\u00bb.<\/p>\n","protected":false},"excerpt":{"rendered":"<p>Des corps trouv\u00e9s au sous-sol, des plaies \u00e0 l&rsquo;arme blanche: deux septuag\u00e9naires ont \u00e9t\u00e9 retrouv\u00e9s morts \u00e0 leur domicile pr\u00e8s de Charleville-M\u00e9zi\u00e8res et leur petite-fille ainsi que son petit ami, \u00e2g\u00e9s d&rsquo;une quinzaine d&rsquo;ann\u00e9es, ont \u00e9t\u00e9 plac\u00e9s en garde \u00e0 vue. Peu avant 09H00 mardi, la police intervient au domicile de ce couple de retrait\u00e9s [&hellip;]<\/p>\n","protected":false},"author":2,"featured_media":43526,"comment_status":"open","ping_status":"open","sticky":false,"template":"","format":"standard","meta":{"_jetpack_memberships_contains_paid_content":false,"footnotes":"","jetpack_publicize_message":"","jetpack_publicize_feature_enabled":true,"jetpack_social_post_already_shared":true,"jetpack_social_options":{"image_generator_settings":{"template":"highway","default_image_id":0,"font":"","enabled":false},"version":2},"_wpas_customize_per_network":false},"categories":[405],"tags":[],"class_list":["post-43525","post","type-post","status-publish","format-standard","has-post-thumbnail","hentry","category-actu-france-monde"],"jetpack_publicize_connections":[],"jetpack_featured_media_url":"https:\/\/i0.wp.com\/www.iceagetv.com\/radiosite\/wp-content\/uploads\/2026\/04\/Y9ZkY5C9.jpg?fit=679%2C293&ssl=1","jetpack_sharing_enabled":true,"_links":{"self":[{"href":"https:\/\/www.iceagetv.com\/radiosite\/wp-json\/wp\/v2\/posts\/43525","targetHints":{"allow":["GET"]}}],"collection":[{"href":"https:\/\/www.iceagetv.com\/radiosite\/wp-json\/wp\/v2\/posts"}],"about":[{"href":"https:\/\/www.iceagetv.com\/radiosite\/wp-json\/wp\/v2\/types\/post"}],"author":[{"embeddable":true,"href":"https:\/\/www.iceagetv.com\/radiosite\/wp-json\/wp\/v2\/users\/2"}],"replies":[{"embeddable":true,"href":"https:\/\/www.iceagetv.com\/radiosite\/wp-json\/wp\/v2\/comments?post=43525"}],"version-history":[{"count":1,"href":"https:\/\/www.iceagetv.com\/radiosite\/wp-json\/wp\/v2\/posts\/43525\/revisions"}],"predecessor-version":[{"id":43527,"href":"https:\/\/www.iceagetv.com\/radiosite\/wp-json\/wp\/v2\/posts\/43525\/revisions\/43527"}],"wp:featuredmedia":[{"embeddable":true,"href":"https:\/\/www.iceagetv.com\/radiosite\/wp-json\/wp\/v2\/media\/43526"}],"wp:attachment":[{"href":"https:\/\/www.iceagetv.com\/radiosite\/wp-json\/wp\/v2\/media?parent=43525"}],"wp:term":[{"taxonomy":"category","embeddable":true,"href":"https:\/\/www.iceagetv.com\/radiosite\/wp-json\/wp\/v2\/categories?post=43525"},{"taxonomy":"post_tag","embeddable":true,"href":"https:\/\/www.iceagetv.com\/radiosite\/wp-json\/wp\/v2\/tags?post=43525"}],"curies":[{"name":"wp","href":"https:\/\/api.w.org\/{rel}","templated":true}]}}