{"id":43550,"date":"2026-04-03T13:02:12","date_gmt":"2026-04-03T11:02:12","guid":{"rendered":"https:\/\/www.iceagetv.com\/radiosite\/?p=43550"},"modified":"2026-04-03T13:02:13","modified_gmt":"2026-04-03T11:02:13","slug":"contre-la-decision-du-ministre-de-linterieur-laurent-nunez-la-justice-autorise-finalement-la-tenue-du-rassemblement-des-musulmans-de-france-au-bourget","status":"publish","type":"post","link":"https:\/\/www.iceagetv.com\/radiosite\/contre-la-decision-du-ministre-de-linterieur-laurent-nunez-la-justice-autorise-finalement-la-tenue-du-rassemblement-des-musulmans-de-france-au-bourget\/","title":{"rendered":"Contre la d\u00e9cision du ministre de l&rsquo;Int\u00e9rieur Laurent Nu\u00f1ez, la justice autorise finalement la tenue du rassemblement des Musulmans de France au Bourget"},"content":{"rendered":"\n<p>Saisie en urgence, la justice a finalement d\u00e9cid\u00e9 ce vendredi d\u2019autoriser la tenue du rassemblement des Musulmans de France au Bourget pr\u00e9vu \u00e0 partir de ce vendredi jusqu\u2019\u00e0 lundi.&nbsp;Le juge des r\u00e9f\u00e9r\u00e9s a estim\u00e9 que \u00ab\u00a0les troubles \u00e0 l&rsquo;ordre public invoqu\u00e9s\u00a0\u00bb par le pr\u00e9fet de police pour interdire le Rassemblement annuel des musulmans de France, \u00ab\u00a0n&rsquo;\u00e9taient pas \u00e9tablis par les \u00e9l\u00e9ments vers\u00e9s au dossier\u00a0\u00bb, selon le communiqu\u00e9 du tribunal administratif de Paris.<\/p>\n\n\n\n<p>Jeudi, \u00e0 la demande du ministre de l\u2019Int\u00e9rieur, la pr\u00e9fecture de police de Paris avait d\u00e9cid\u00e9 d\u2019interdire l\u2019\u00e9v\u00e9nement, estimant que \u00ab dans un contexte international et national particuli\u00e8rement tendu \u00bb, le salon \u00e9tait \u00ab expos\u00e9 \u00e0 un important risque terroriste \u00e0 l\u2019\u00e9gard de la communaut\u00e9 musulmane \u00bb.<\/p>\n\n\n\n<p>L\u2019avocat de l\u2019association Musulmans de France avait alors d\u00e9nonc\u00e9 \u00ab une atteinte manifeste \u00e0 la libert\u00e9 de r\u00e9union \u00bb. Cette interdiction \u00ab s\u2019inscrit dans un projet politique \u00bb et repr\u00e9sente \u00ab un d\u00e9tournement de pouvoir \u00bb, a assur\u00e9 Me Sefen Guez Guez devant le tribunal administratif de Paris, saisi en urgence par l\u2019association.<\/p>\n\n\n\n<p>Le juge des r\u00e9f\u00e9r\u00e9s a estim\u00e9 que les troubles \u00e0 l\u2019ordre public invoqu\u00e9s par le pr\u00e9fet de police pour interdire le rassemblement annuel des musulmans de France pr\u00e9vu du 3 au 6 avril au Parc des expositions de Paris-Le Bourget \u00ab\u00a0n\u2019\u00e9taient pas \u00e9tablis par les \u00e9l\u00e9ments vers\u00e9s au dossier.\u00a0\u00bb,&nbsp;selon le communiqu\u00e9 du tribunal administratif de Paris.<\/p>\n\n\n\n<p>Par un arr\u00eat\u00e9 du 1er avril 2026, le pr\u00e9fet de police a prononc\u00e9 l\u2019interdiction du rassemblement annuel des musulmans de France, en se fondant sur trois \u00e9l\u00e9ments : l\u2019existence d\u2019un risque terroriste important \u00e0 l\u2019\u00e9gard de la communaut\u00e9 musulmane ; le risque d\u2019une mobilisation de groupuscules d\u2019ultra-droite pour perturber l\u2019\u00e9v\u00e8nement et organiser des contre-rassemblements non d\u00e9clar\u00e9s \u00e0 proximit\u00e9 de l\u2019a\u00e9roport du Bourget, qui accueille des vols sensibles ; le contexte international et national, qualifi\u00e9 de particuli\u00e8rement tendu.<\/p>\n\n\n\n<p>Le tribunal a toutefois estim\u00e9 que les \u00e9l\u00e9ments vers\u00e9s \u00e0 l\u2019instruction par le pr\u00e9fet de police, et en particulier la note blanche des services sp\u00e9cialis\u00e9s qui ne comportait pas d\u2019informations pr\u00e9cises, ne permettaient d\u2019\u00e9tablir ni le risque de contre-rassemblements, ni que le rassemblement organis\u00e9 serait sp\u00e9cifiquement cibl\u00e9 par des organisations appartenant \u00e0 la mouvance ultra-droite.&nbsp; Il a \u00e9galement relev\u00e9 que le pr\u00e9fet ne d\u00e9montrait pas que les pr\u00e9c\u00e9dentes \u00e9ditions du rassemblement, qui s\u2019\u00e9taient \u00e9galement tenues au parc des expositions du Bourget dans des contextes tendus notamment apr\u00e8s les attentats de Paris en 2015, auraient donn\u00e9 lieu \u00e0 des incidents.<\/p>\n\n\n\n<p>Il a par ailleurs consid\u00e9r\u00e9 qu\u2019il n\u2019\u00e9tait pas suffisamment \u00e9tabli que le contexte politique et social pr\u00e9valant en r\u00e9gion parisienne pendant la dur\u00e9e du rassemblement n\u00e9cessiterait une mobilisation exceptionnelle de moyens de police, justifiant l\u2019\u00e9diction d\u2019une mesure d\u2019interdiction, alors que les organisateurs ont mis en \u0153uvre des mesures de s\u00e9curisation suppl\u00e9mentaires aux abords et \u00e0 l\u2019int\u00e9rieur des halls du parc des expositions du Bourget qui accueille la manifestation.<\/p>\n\n\n\n<p>Enfin, dans son m\u00e9moire en d\u00e9fense et \u00e0 l\u2019audience, le pr\u00e9fet de police a invoqu\u00e9 le risque que des propos contraires aux valeurs r\u00e9publicaines soient tenus par plusieurs invit\u00e9s.&nbsp;<\/p>\n\n\n\n<p>Toutefois, le juge des r\u00e9f\u00e9r\u00e9s a estim\u00e9 que cet argument n\u2019\u00e9tait pas suffisamment prouv\u00e9, en l\u2019absence de toute pr\u00e9cision sur leurs prises de position pass\u00e9es.<\/p>\n\n\n\n<p>Dans ces conditions, \u00ab\u00a0apr\u00e8s avoir rappel\u00e9 que l\u2019exercice de la libert\u00e9 d\u2019expression est une condition de la d\u00e9mocratie, auquel les autorit\u00e9s charg\u00e9es de la police administrative ne peuvent apporter que les atteintes strictement n\u00e9cessaires, adapt\u00e9es et proportionn\u00e9es pour \u00e9viter les troubles \u00e0 l\u2019ordre public et la commission suffisamment certaine et imminente d\u2019infractions p\u00e9nales, le tribunal a d\u00e9cid\u00e9 la suspension de l\u2019interdiction du rassemblement.\u00a0\u00bb, est-il indiqu\u00e9.<\/p>\n","protected":false},"excerpt":{"rendered":"<p>Saisie en urgence, la justice a finalement d\u00e9cid\u00e9 ce vendredi d\u2019autoriser la tenue du rassemblement des Musulmans de France au Bourget pr\u00e9vu \u00e0 partir de ce vendredi jusqu\u2019\u00e0 lundi.&nbsp;Le juge des r\u00e9f\u00e9r\u00e9s a estim\u00e9 que \u00ab\u00a0les troubles \u00e0 l&rsquo;ordre public invoqu\u00e9s\u00a0\u00bb par le pr\u00e9fet de police pour interdire le Rassemblement annuel des musulmans de France, [&hellip;]<\/p>\n","protected":false},"author":2,"featured_media":43551,"comment_status":"open","ping_status":"open","sticky":false,"template":"","format":"standard","meta":{"_jetpack_memberships_contains_paid_content":false,"footnotes":"","jetpack_publicize_message":"","jetpack_publicize_feature_enabled":true,"jetpack_social_post_already_shared":true,"jetpack_social_options":{"image_generator_settings":{"template":"highway","default_image_id":0,"font":"","enabled":false},"version":2},"_wpas_customize_per_network":false},"categories":[405],"tags":[],"class_list":["post-43550","post","type-post","status-publish","format-standard","has-post-thumbnail","hentry","category-actu-france-monde"],"jetpack_publicize_connections":[],"jetpack_featured_media_url":"https:\/\/i0.wp.com\/www.iceagetv.com\/radiosite\/wp-content\/uploads\/2026\/04\/J1US3eXM.jpg?fit=679%2C293&ssl=1","jetpack_sharing_enabled":true,"_links":{"self":[{"href":"https:\/\/www.iceagetv.com\/radiosite\/wp-json\/wp\/v2\/posts\/43550","targetHints":{"allow":["GET"]}}],"collection":[{"href":"https:\/\/www.iceagetv.com\/radiosite\/wp-json\/wp\/v2\/posts"}],"about":[{"href":"https:\/\/www.iceagetv.com\/radiosite\/wp-json\/wp\/v2\/types\/post"}],"author":[{"embeddable":true,"href":"https:\/\/www.iceagetv.com\/radiosite\/wp-json\/wp\/v2\/users\/2"}],"replies":[{"embeddable":true,"href":"https:\/\/www.iceagetv.com\/radiosite\/wp-json\/wp\/v2\/comments?post=43550"}],"version-history":[{"count":1,"href":"https:\/\/www.iceagetv.com\/radiosite\/wp-json\/wp\/v2\/posts\/43550\/revisions"}],"predecessor-version":[{"id":43552,"href":"https:\/\/www.iceagetv.com\/radiosite\/wp-json\/wp\/v2\/posts\/43550\/revisions\/43552"}],"wp:featuredmedia":[{"embeddable":true,"href":"https:\/\/www.iceagetv.com\/radiosite\/wp-json\/wp\/v2\/media\/43551"}],"wp:attachment":[{"href":"https:\/\/www.iceagetv.com\/radiosite\/wp-json\/wp\/v2\/media?parent=43550"}],"wp:term":[{"taxonomy":"category","embeddable":true,"href":"https:\/\/www.iceagetv.com\/radiosite\/wp-json\/wp\/v2\/categories?post=43550"},{"taxonomy":"post_tag","embeddable":true,"href":"https:\/\/www.iceagetv.com\/radiosite\/wp-json\/wp\/v2\/tags?post=43550"}],"curies":[{"name":"wp","href":"https:\/\/api.w.org\/{rel}","templated":true}]}}