{"id":43569,"date":"2026-04-04T14:37:53","date_gmt":"2026-04-04T12:37:53","guid":{"rendered":"https:\/\/www.iceagetv.com\/radiosite\/?p=43569"},"modified":"2026-04-04T14:37:54","modified_gmt":"2026-04-04T12:37:54","slug":"ceux-qui-tirent-profit-des-consequences-de-la-guerre-lallemagne-lautriche-lespagne-litalie-et-le-portugal-veulent-taxer-les-benefices-des-groupes-energetiques","status":"publish","type":"post","link":"https:\/\/www.iceagetv.com\/radiosite\/ceux-qui-tirent-profit-des-consequences-de-la-guerre-lallemagne-lautriche-lespagne-litalie-et-le-portugal-veulent-taxer-les-benefices-des-groupes-energetiques\/","title":{"rendered":"Ceux qui tirent profit des cons\u00e9quences de la guerre\u00a0\u00bb: l&rsquo;Allemagne, l&rsquo;Autriche, l&rsquo;Espagne, l&rsquo;Italie et le Portugal veulent taxer les b\u00e9n\u00e9fices des groupes \u00e9nerg\u00e9tiques"},"content":{"rendered":"\n<p>Cinq pays de l&rsquo;Union europ\u00e9enne pr\u00e9conisent un imp\u00f4t exceptionnel sur les b\u00e9n\u00e9fices des groupes \u00e9nerg\u00e9tiques du fait de la hausse des prix du carburant. \u00ab\u00a0Ceux qui tirent profit des cons\u00e9quences de la guerre doivent apporter leur part\u00a0\u00bb, estiment-ils.<\/p>\n\n\n\n<p>Les ministres des Finances de cinq \u00c9tats membres de l\u2019Union europ\u00e9enne plaident en faveur de la cr\u00e9ation d\u2019un imp\u00f4t exceptionnel sur les b\u00e9n\u00e9fices des compagnies \u00e9nerg\u00e9tiques en r\u00e9action \u00e0 la\u00a0<a href=\"https:\/\/www.bfmtv.com\/economie\/entreprises\/transports\/les-prix-a-la-pompe-flambent-ceux-du-kerosene-et-donc-des-billets-d-avion-aussi-les-francais-preferent-se-tourner-vers-le-train-et-les-cars-pour-les-vacances-de-paques_AV-202604040133.html\">hausse des prix du p\u00e9trole<\/a>\u00a0d\u00e9clench\u00e9e par la guerre au Moyen-Orient, dans une lettre \u00e0 la Commission que Reuters a consult\u00e9e samedi.Dans ce courrier dat\u00e9 de vendredi, les ministres des Finances allemand, autrichien, espagnol, italien et portugais estiment qu\u2019une telle mesure montrerait que \u00ab\u00a0nous sommes unis et capables d\u2019agir\u00a0\u00bb.<\/p>\n\n\n\n<blockquote class=\"wp-block-quote is-layout-flow wp-block-quote-is-layout-flow\">\n<p>\u00ab\u00a0Cela enverrait aussi un signal clair sur le fait que ceux qui tirent profit des cons\u00e9quences de la guerre doivent apporter leur part pour all\u00e9ger le fardeau qui p\u00e8se sur le grand public\u00a0\u00bb, \u00e9crivent-ils.<\/p>\n<\/blockquote>\n\n\n\n<p>Les cinq ministres rappellent dans leur lettre adress\u00e9e au commissaire europ\u00e9en pour le Climat Wopke Hoekstra qu\u2019une taxe exceptionnelle avait \u00e9t\u00e9 instaur\u00e9e en 2022 face \u00e0 la flamb\u00e9e des prix \u00e9nerg\u00e9tiques due \u00e0 l\u2019invasion \u00e0 grande \u00e9chelle de l\u2019Ukraine par les forces russes.<\/p>\n\n\n\n<p>\u00ab\u00a0Face aux distorsions actuelles du march\u00e9 et aux contraintes budg\u00e9taires, la Commission europ\u00e9enne devrait rapidement d\u00e9velopper un instrument de contribution similaire \u00e0 l\u2019\u00e9chelle de l\u2019UE, s\u2019appuyant sur une base juridique solide\u00a0\u00bb, disent-ils. La lettre ne donnait pas de d\u00e9tail sur le niveau de taxe sur les profits exceptionnels que les ministres proposaient, ni sur les entreprises qui devraient en \u00eatre concern\u00e9es.Ce sera une crise longue\u2026\u00a0\u00bb<\/p>\n\n\n\n<p>Cette tension sur le craburant s\u2019explique notamment par la quasi-fermeture du d\u00e9troit d\u2019Ormuz dont la situation n&rsquo;\u00e9volue pas et par les perturbations dans le Golfe, qui ont fortement d\u00e9sorganis\u00e9 les march\u00e9s \u00e9nerg\u00e9tiques mondiaux. Cette situation provoque une hausse des prix et alimente les inqui\u00e9tudes sur la s\u00e9curit\u00e9 des approvisionnements \u00e0 long terme.D\u00e8s vendredi, le commissaire europ\u00e9en \u00e0 l\u2019\u00e9nergie, Dan Jorgensen,&nbsp;<a href=\"https:\/\/www.bfmtv.com\/economie\/nous-nous-attendons-a-ce-que-la-situation-soit-encore-pire-le-commissaire-europeen-a-l-energie-etudie-toutes-les-possibilites-notamment-le-rationnement-du-carburant_AN-202604030274.html\">a averti que la situation serait durablement difficile<\/a>. \u00ab\u00a0Ce sera une crise longue\u2026 les prix de l\u2019\u00e9nergie resteront \u00e9lev\u00e9s pendant tr\u00e8s longtemps\u00a0\u00bb, a-t-pr\u00e9venu, ajoutant que pour certains produits essentiels \u00ab\u00a0nous nous attendons \u00e0 ce que la situation soit encore pire dans les semaines \u00e0 venir\u00a0\u00bb.<\/p>\n\n\n\n<p>L\u2019Union europ\u00e9enne se pr\u00e9pare ainsi \u00e0 un choc \u00e9nerg\u00e9tique majeur li\u00e9 \u00e0 la guerre au Moyen-Orient et envisage des mesures exceptionnelles. Selon le Financial Times, Bruxelles \u00e9tudie \u00ab\u00a0toutes les possibilit\u00e9s\u00a0\u00bb, y compris le rationnement du carburant et l\u2019utilisation accrue des r\u00e9serves strat\u00e9giques, face \u00e0 une crise qui pourrait durer dans le temps.Cette tension s\u2019explique notamment par la quasi-fermeture du d\u00e9troit d\u2019Ormuz dont la situation n&rsquo;\u00e9volue pas et les perturbations dans le Golfe, qui ont fortement d\u00e9sorganis\u00e9 les march\u00e9s \u00e9nerg\u00e9tiques mondiaux. Cette situation provoque une hausse des prix et alimente les inqui\u00e9tudes sur la s\u00e9curit\u00e9 des approvisionnements \u00e0 long terme.<\/p>\n\n\n\n<p>Les prix du p\u00e9trole ont grimp\u00e9 de plus de 50% depuis le d\u00e9but des frappes isra\u00e9lo-am\u00e9ricaines contre l\u2019Iran le 28 f\u00e9vrier et les prix du gaz en Europe ont augment\u00e9 de plus de 70%.<\/p>\n","protected":false},"excerpt":{"rendered":"<p>Cinq pays de l&rsquo;Union europ\u00e9enne pr\u00e9conisent un imp\u00f4t exceptionnel sur les b\u00e9n\u00e9fices des groupes \u00e9nerg\u00e9tiques du fait de la hausse des prix du carburant. \u00ab\u00a0Ceux qui tirent profit des cons\u00e9quences de la guerre doivent apporter leur part\u00a0\u00bb, estiment-ils. Les ministres des Finances de cinq \u00c9tats membres de l\u2019Union europ\u00e9enne plaident en faveur de la cr\u00e9ation [&hellip;]<\/p>\n","protected":false},"author":2,"featured_media":43570,"comment_status":"open","ping_status":"open","sticky":false,"template":"","format":"standard","meta":{"_jetpack_memberships_contains_paid_content":false,"footnotes":"","jetpack_publicize_message":"","jetpack_publicize_feature_enabled":true,"jetpack_social_post_already_shared":true,"jetpack_social_options":{"image_generator_settings":{"template":"highway","default_image_id":0,"font":"","enabled":false},"version":2},"_wpas_customize_per_network":false},"categories":[405],"tags":[],"class_list":["post-43569","post","type-post","status-publish","format-standard","has-post-thumbnail","hentry","category-actu-france-monde"],"jetpack_publicize_connections":[],"jetpack_featured_media_url":"https:\/\/i0.wp.com\/www.iceagetv.com\/radiosite\/wp-content\/uploads\/2026\/04\/Ceux-qui-tirent-profit-des-consequences-de-la-guerre.jpg?fit=808%2C730&ssl=1","jetpack_sharing_enabled":true,"_links":{"self":[{"href":"https:\/\/www.iceagetv.com\/radiosite\/wp-json\/wp\/v2\/posts\/43569","targetHints":{"allow":["GET"]}}],"collection":[{"href":"https:\/\/www.iceagetv.com\/radiosite\/wp-json\/wp\/v2\/posts"}],"about":[{"href":"https:\/\/www.iceagetv.com\/radiosite\/wp-json\/wp\/v2\/types\/post"}],"author":[{"embeddable":true,"href":"https:\/\/www.iceagetv.com\/radiosite\/wp-json\/wp\/v2\/users\/2"}],"replies":[{"embeddable":true,"href":"https:\/\/www.iceagetv.com\/radiosite\/wp-json\/wp\/v2\/comments?post=43569"}],"version-history":[{"count":1,"href":"https:\/\/www.iceagetv.com\/radiosite\/wp-json\/wp\/v2\/posts\/43569\/revisions"}],"predecessor-version":[{"id":43571,"href":"https:\/\/www.iceagetv.com\/radiosite\/wp-json\/wp\/v2\/posts\/43569\/revisions\/43571"}],"wp:featuredmedia":[{"embeddable":true,"href":"https:\/\/www.iceagetv.com\/radiosite\/wp-json\/wp\/v2\/media\/43570"}],"wp:attachment":[{"href":"https:\/\/www.iceagetv.com\/radiosite\/wp-json\/wp\/v2\/media?parent=43569"}],"wp:term":[{"taxonomy":"category","embeddable":true,"href":"https:\/\/www.iceagetv.com\/radiosite\/wp-json\/wp\/v2\/categories?post=43569"},{"taxonomy":"post_tag","embeddable":true,"href":"https:\/\/www.iceagetv.com\/radiosite\/wp-json\/wp\/v2\/tags?post=43569"}],"curies":[{"name":"wp","href":"https:\/\/api.w.org\/{rel}","templated":true}]}}