{"id":43614,"date":"2026-04-06T11:20:53","date_gmt":"2026-04-06T09:20:53","guid":{"rendered":"https:\/\/www.iceagetv.com\/radiosite\/?p=43614"},"modified":"2026-04-06T11:20:55","modified_gmt":"2026-04-06T09:20:55","slug":"iran-mort-de-majid-khademi-chef-des-renseignements-des-gardiens-de-la-revolution-tue-dans-des-frappes","status":"publish","type":"post","link":"https:\/\/www.iceagetv.com\/radiosite\/iran-mort-de-majid-khademi-chef-des-renseignements-des-gardiens-de-la-revolution-tue-dans-des-frappes\/","title":{"rendered":"Iran : mort de Majid Khademi, chef des renseignements des Gardiens de la R\u00e9volution, tu\u00e9 dans des frappes"},"content":{"rendered":"\n<p>Le commandant g\u00e9n\u00e9ral Majid Khademi a \u00e9t\u00e9 tu\u00e9 dans des frappes am\u00e9ricano-isra\u00e9liennes, a annonc\u00e9 l&rsquo;arm\u00e9e ce lundi 6 avril 2026.Des frappes am\u00e9ricano-isra\u00e9liennes ont tu\u00e9 lundi 6 avril 2026&nbsp;<strong>le chef des renseignements des Gardiens de la R\u00e9volution<\/strong>, a annonc\u00e9 l\u2019arm\u00e9e id\u00e9ologique de l\u2019Iran.<\/p>\n\n\n\n<p>\u00ab\u00a0Le commandant g\u00e9n\u00e9ral\u00a0<strong>Majid Khademi<\/strong>, le puissant et instruit chef de l\u2019Organisation du renseignement du Corps des Gardiens de la R\u00e9volution islamique, est devenu un martyr dans l\u2019attaque terroriste criminelle de l\u2019ennemi am\u00e9ricano-sioniste (\u2026) \u00e0 l\u2019aube aujourd\u2019hui\u00a0\u00bb, ont d\u00e9clar\u00e9 les Gardiens dans une publication sur leur cha\u00eene Telegram.Des \u00ab&nbsp;crimes de guerre&nbsp;\u00bb ?<\/p>\n\n\n\n<p>Un peu plus t\u00f4t, T\u00e9h\u00e9ran avait mis en garde contre des possibles \u00ab&nbsp;crimes de guerre&nbsp;\u00bb commis pas les&nbsp;<a href=\"https:\/\/actu.fr\/tag\/etats-unis\">\u00c9tats-Unis<\/a>, apr\u00e8s des menaces du pr\u00e9sident am\u00e9ricain&nbsp;<a href=\"https:\/\/actu.fr\/tag\/donald-trump\">Donald Trump<\/a>&nbsp;de viser prochainement des infrastructures civiles dans le pays.<\/p>\n\n\n\n<p>\u00ab\u00a0Le pr\u00e9sident am\u00e9ricain, en tant que responsable le plus important de son pays, a menac\u00e9 publiquement de commettre des crimes de guerre\u00a0\u00bb, a estim\u00e9 sur X le vice-ministre iranien des Affaires \u00e9trang\u00e8res charg\u00e9 des affaires juridiques et internationales, Kazem Gharibabadi.L\u2019Iran promet des repr\u00e9sailles \u00ab&nbsp;d\u00e9vastatrices&nbsp;\u00bb<\/p>\n\n\n\n<p>\u00ab\u00a0Si\u00a0<a href=\"https:\/\/actu.fr\/tag\/guerre-au-moyen-orient\">les attaques<\/a>\u00a0contre des cibles civiles se poursuivent, les prochaines phases de nos op\u00e9rations offensives et de repr\u00e9sailles seront bien plus d\u00e9vastatrices et \u00e9tendues, et les pertes et d\u00e9g\u00e2ts caus\u00e9s par le maintien de cette approche seront d\u00e9cupl\u00e9s\u00a0\u00bb, a \u00e9galement averti le porte-parole du commandement militaire iranien dans un communiqu\u00e9.Donald Trump repousse \u00e0 mardi son ultimatum envers l\u2019Iran<\/p>\n\n\n\n<p>Donald Trump a sembl\u00e9 dimanche \u00e0 nouveau repousser de 24 heures son&nbsp;<strong>ultimatum envers l\u2019Iran, fix\u00e9 \u00e0 pr\u00e9sent \u00e0 \u00ab&nbsp;mardi 20h00&nbsp;\u00bb heure<\/strong>&nbsp;de Washington (00h00 GMT mercredi), dans un court message sur sa plateforme Truth Social.<\/p>\n\n\n\n<p>Il avait auparavant estim\u00e9 qu\u2019il existait de \u00ab&nbsp;bonnes chances&nbsp;\u00bb de parvenir \u00e0 un accord avec l\u2019Iran lundi. Sans accord, \u00ab&nbsp;vous allez voir des ponts et des centrales \u00e9lectriques s\u2019effondrer \u00e0 travers tout le pays&nbsp;\u00bb, a-t-il de nouveau menac\u00e9.<\/p>\n\n\n\n<p>\u00ab\u00a0<strong>Ouvrez le Putain de D\u00e9troit, esp\u00e8ce de tar\u00e9s, ou vous vivrez en Enfer \u2013 VOUS ALLEZ VOIR !<\/strong>\u00ab\u00a0, avait\u00a0<a href=\"https:\/\/actu.fr\/monde\/dechainer-les-enfers-sur-eux-donald-trump-lance-un-nouvel-ultimatum-a-l-iran-pour-rouvrir-le-detroit-d-ormuz_64102960.html\">\u00e9crit auparavant Donald Trump<\/a>\u00a0sur son r\u00e9seau Truth Social, en ajoutant : \u00ab\u00a0Gloire \u00e0 Allah\u00a0\u00bb.L\u2019Iran r\u00e9pond \u00e0 Trump que \u00ab&nbsp;toute la r\u00e9gion va br\u00fbler&nbsp;\u00bb par sa faute<\/p>\n\n\n\n<p>\u00ab&nbsp;Vos&nbsp;<strong>actions imprudentes entra\u00eenent les Etats-Unis dans un v\u00e9ritable ENFER pour chaque famille<\/strong>, et toute notre r\u00e9gion va br\u00fbler parce que vous insistez pour suivre les ordres de (Benjamin) Netanyahu&nbsp;\u00bb, le Premier ministre isra\u00e9lien, lui avait r\u00e9pondu le pr\u00e9sident du Parlement iranien Mohammad Bagher Ghalibaf, dans un message en anglais sur X.<\/p>\n","protected":false},"excerpt":{"rendered":"<p>Le commandant g\u00e9n\u00e9ral Majid Khademi a \u00e9t\u00e9 tu\u00e9 dans des frappes am\u00e9ricano-isra\u00e9liennes, a annonc\u00e9 l&rsquo;arm\u00e9e ce lundi 6 avril 2026.Des frappes am\u00e9ricano-isra\u00e9liennes ont tu\u00e9 lundi 6 avril 2026&nbsp;le chef des renseignements des Gardiens de la R\u00e9volution, a annonc\u00e9 l\u2019arm\u00e9e id\u00e9ologique de l\u2019Iran. \u00ab\u00a0Le commandant g\u00e9n\u00e9ral\u00a0Majid Khademi, le puissant et instruit chef de l\u2019Organisation du renseignement [&hellip;]<\/p>\n","protected":false},"author":2,"featured_media":43615,"comment_status":"open","ping_status":"open","sticky":false,"template":"","format":"standard","meta":{"_jetpack_memberships_contains_paid_content":false,"footnotes":"","jetpack_publicize_message":"","jetpack_publicize_feature_enabled":true,"jetpack_social_post_already_shared":true,"jetpack_social_options":{"image_generator_settings":{"template":"highway","default_image_id":0,"font":"","enabled":false},"version":2},"_wpas_customize_per_network":false},"categories":[405],"tags":[],"class_list":["post-43614","post","type-post","status-publish","format-standard","has-post-thumbnail","hentry","category-actu-france-monde"],"jetpack_publicize_connections":[],"jetpack_featured_media_url":"https:\/\/i0.wp.com\/www.iceagetv.com\/radiosite\/wp-content\/uploads\/2026\/04\/iran-frappe-960x640-1.jpg?fit=960%2C640&ssl=1","jetpack_sharing_enabled":true,"_links":{"self":[{"href":"https:\/\/www.iceagetv.com\/radiosite\/wp-json\/wp\/v2\/posts\/43614","targetHints":{"allow":["GET"]}}],"collection":[{"href":"https:\/\/www.iceagetv.com\/radiosite\/wp-json\/wp\/v2\/posts"}],"about":[{"href":"https:\/\/www.iceagetv.com\/radiosite\/wp-json\/wp\/v2\/types\/post"}],"author":[{"embeddable":true,"href":"https:\/\/www.iceagetv.com\/radiosite\/wp-json\/wp\/v2\/users\/2"}],"replies":[{"embeddable":true,"href":"https:\/\/www.iceagetv.com\/radiosite\/wp-json\/wp\/v2\/comments?post=43614"}],"version-history":[{"count":1,"href":"https:\/\/www.iceagetv.com\/radiosite\/wp-json\/wp\/v2\/posts\/43614\/revisions"}],"predecessor-version":[{"id":43616,"href":"https:\/\/www.iceagetv.com\/radiosite\/wp-json\/wp\/v2\/posts\/43614\/revisions\/43616"}],"wp:featuredmedia":[{"embeddable":true,"href":"https:\/\/www.iceagetv.com\/radiosite\/wp-json\/wp\/v2\/media\/43615"}],"wp:attachment":[{"href":"https:\/\/www.iceagetv.com\/radiosite\/wp-json\/wp\/v2\/media?parent=43614"}],"wp:term":[{"taxonomy":"category","embeddable":true,"href":"https:\/\/www.iceagetv.com\/radiosite\/wp-json\/wp\/v2\/categories?post=43614"},{"taxonomy":"post_tag","embeddable":true,"href":"https:\/\/www.iceagetv.com\/radiosite\/wp-json\/wp\/v2\/tags?post=43614"}],"curies":[{"name":"wp","href":"https:\/\/api.w.org\/{rel}","templated":true}]}}