{"id":43639,"date":"2026-04-07T16:17:44","date_gmt":"2026-04-07T14:17:44","guid":{"rendered":"https:\/\/www.iceagetv.com\/radiosite\/?p=43639"},"modified":"2026-04-07T16:17:46","modified_gmt":"2026-04-07T14:17:46","slug":"emmanuel-macron-annonce-que-cecile-kohler-et-jacques-paris-sont-libres-apres-trois-ans-et-demi-de-detention-en-iran-ils-sont-en-chemin-vers-le-territoire-francais","status":"publish","type":"post","link":"https:\/\/www.iceagetv.com\/radiosite\/emmanuel-macron-annonce-que-cecile-kohler-et-jacques-paris-sont-libres-apres-trois-ans-et-demi-de-detention-en-iran-ils-sont-en-chemin-vers-le-territoire-francais\/","title":{"rendered":"Emmanuel Macron annonce que C\u00e9cile Kohler et Jacques Paris sont libres, apr\u00e8s trois ans et demi de d\u00e9tention en Iran: \u00ab\u00a0Ils sont en chemin vers le territoire fran\u00e7ais\u00a0\u00bb"},"content":{"rendered":"\n<p>Les Fran\u00e7ais C\u00e9cile Kohler et Jacques Paris \u00ab&nbsp;sont libres et en chemin vers le territoire fran\u00e7ais, apr\u00e8s trois ans et demi de d\u00e9tention en Iran&nbsp;\u00bb o\u00f9 ils avaient \u00e9t\u00e9 condamn\u00e9s notamment pour espionnage au profit d\u2019Isr\u00e4el avant d\u2019\u00eatre assign\u00e9s \u00e0 r\u00e9sidence \u00e0 l\u2019ambassade de France d\u00e9but novembre, a annonc\u00e9 mardi Emmanuel Macron.<\/p>\n\n\n\n<p>\u00ab&nbsp;C\u2019est un soulagement pour nous tous et \u00e9videmment pour leurs familles. Merci aux autorit\u00e9s omanaises pour leurs efforts de m\u00e9diation, aux services de l\u2019\u00c9tat et aux citoyens qui se sont mobilis\u00e9s sans rel\u00e2che et ont ainsi contribu\u00e9 \u00e0 leur retour&nbsp;\u00bb, a ajout\u00e9 le pr\u00e9sident fran\u00e7ais sur le r\u00e9seau X.<\/p>\n\n\n\n<p>L\u2019entourage du chef de la diplomatie fran\u00e7aise Jean-No\u00ebl Barrot a indiqu\u00e9 \u00e0 l\u2019AFP que les deux ex-d\u00e9tenus ont quitt\u00e9 l\u2019Iran mardi \u00ab&nbsp;\u00e0 l\u2019aube&nbsp;\u00bb avec l\u2019ambassadeur de France en Iran et sous convoi diplomatique, et \u00ab&nbsp;sont actuellement en Azerba\u00efdjan&nbsp;\u00bb.<\/p>\n\n\n\n<p>Le Quai d\u2019Orsay est en train d\u2019organiser leur retour en France depuis l\u2019Azerba\u00efdjan.<\/p>\n\n\n\n<p>Ils sont \u00ab&nbsp;d\u00e9finitivement LIBRES!&nbsp;\u00bb, a d\u00e9clar\u00e9 le ministre sur X. \u00ab&nbsp;Au t\u00e9l\u00e9phone il y a quelques instants, ils m\u2019ont exprim\u00e9 leur \u00e9motion et leur joie de retrouver bient\u00f4t leur pays et leurs proches&nbsp;\u00bb, a-t-il ajout\u00e9.<\/p>\n\n\n\n<p>Professeure de lettres de 41 ans et enseignant retrait\u00e9 de 72 ans, C\u00e9cile Kohler et Jacques Paris ont \u00e9t\u00e9 arr\u00eat\u00e9s le 7 mai 2022, au dernier jour d\u2019un voyage touristique en Iran.<\/p>\n\n\n\n<p>Ils avaient \u00e9t\u00e9 condamn\u00e9s en octobre 2025 \u00e0 respectivement \u00e0 20 et 17 ans de prison, notamment pour espionnage avant d\u2019\u00eatre remis en libert\u00e9 le 4 novembre dernier mais avec l\u2019interdiction de quitter la R\u00e9publique islamique iranienne.<\/p>\n\n\n\n<p>Les diplomates ont travaill\u00e9 sans rel\u00e2che pour obtenir leur lib\u00e9ration, dans un contexte rendu encore plus difficile par la guerre en Iran, qui a \u00e9clat\u00e9 le 28 f\u00e9vrier. Jean-No\u00ebl Barrot s\u2019\u00e9tait entretenu dimanche avec son homologue Abbas Araghchi.<\/p>\n\n\n\n<p>La classe politique a unanimement salu\u00e9 cette lib\u00e9ration d\u00e9finitive. \u00ab&nbsp;La France a montr\u00e9 un visage d\u2019unit\u00e9, de mobilisation sans faille pour obtenir cette lib\u00e9ration&nbsp;\u00bb, a ainsi d\u00e9clar\u00e9 la pr\u00e9sidente de l\u2019Assembl\u00e9e nationale Ya\u00ebl Braun-Pivet. Des applaudissements ont retenti sur tous les bancs et l\u2019ensemble des d\u00e9put\u00e9s se sont lev\u00e9s dans l\u2019h\u00e9micycle.<\/p>\n","protected":false},"excerpt":{"rendered":"<p>Les Fran\u00e7ais C\u00e9cile Kohler et Jacques Paris \u00ab&nbsp;sont libres et en chemin vers le territoire fran\u00e7ais, apr\u00e8s trois ans et demi de d\u00e9tention en Iran&nbsp;\u00bb o\u00f9 ils avaient \u00e9t\u00e9 condamn\u00e9s notamment pour espionnage au profit d\u2019Isr\u00e4el avant d\u2019\u00eatre assign\u00e9s \u00e0 r\u00e9sidence \u00e0 l\u2019ambassade de France d\u00e9but novembre, a annonc\u00e9 mardi Emmanuel Macron. \u00ab&nbsp;C\u2019est un soulagement [&hellip;]<\/p>\n","protected":false},"author":2,"featured_media":43640,"comment_status":"open","ping_status":"open","sticky":false,"template":"","format":"standard","meta":{"_jetpack_memberships_contains_paid_content":false,"footnotes":"","jetpack_publicize_message":"","jetpack_publicize_feature_enabled":true,"jetpack_social_post_already_shared":true,"jetpack_social_options":{"image_generator_settings":{"template":"highway","default_image_id":0,"font":"","enabled":false},"version":2},"_wpas_customize_per_network":false},"categories":[405],"tags":[],"class_list":["post-43639","post","type-post","status-publish","format-standard","has-post-thumbnail","hentry","category-actu-france-monde"],"jetpack_publicize_connections":[],"jetpack_featured_media_url":"https:\/\/i0.wp.com\/www.iceagetv.com\/radiosite\/wp-content\/uploads\/2026\/04\/vKNbK3Zv.jpg?fit=679%2C293&ssl=1","jetpack_sharing_enabled":true,"_links":{"self":[{"href":"https:\/\/www.iceagetv.com\/radiosite\/wp-json\/wp\/v2\/posts\/43639","targetHints":{"allow":["GET"]}}],"collection":[{"href":"https:\/\/www.iceagetv.com\/radiosite\/wp-json\/wp\/v2\/posts"}],"about":[{"href":"https:\/\/www.iceagetv.com\/radiosite\/wp-json\/wp\/v2\/types\/post"}],"author":[{"embeddable":true,"href":"https:\/\/www.iceagetv.com\/radiosite\/wp-json\/wp\/v2\/users\/2"}],"replies":[{"embeddable":true,"href":"https:\/\/www.iceagetv.com\/radiosite\/wp-json\/wp\/v2\/comments?post=43639"}],"version-history":[{"count":1,"href":"https:\/\/www.iceagetv.com\/radiosite\/wp-json\/wp\/v2\/posts\/43639\/revisions"}],"predecessor-version":[{"id":43641,"href":"https:\/\/www.iceagetv.com\/radiosite\/wp-json\/wp\/v2\/posts\/43639\/revisions\/43641"}],"wp:featuredmedia":[{"embeddable":true,"href":"https:\/\/www.iceagetv.com\/radiosite\/wp-json\/wp\/v2\/media\/43640"}],"wp:attachment":[{"href":"https:\/\/www.iceagetv.com\/radiosite\/wp-json\/wp\/v2\/media?parent=43639"}],"wp:term":[{"taxonomy":"category","embeddable":true,"href":"https:\/\/www.iceagetv.com\/radiosite\/wp-json\/wp\/v2\/categories?post=43639"},{"taxonomy":"post_tag","embeddable":true,"href":"https:\/\/www.iceagetv.com\/radiosite\/wp-json\/wp\/v2\/tags?post=43639"}],"curies":[{"name":"wp","href":"https:\/\/api.w.org\/{rel}","templated":true}]}}