{"id":43645,"date":"2026-04-07T20:08:15","date_gmt":"2026-04-07T18:08:15","guid":{"rendered":"https:\/\/www.iceagetv.com\/radiosite\/?p=43645"},"modified":"2026-04-07T20:08:17","modified_gmt":"2026-04-07T18:08:17","slug":"meteo-estivale-en-bretagne-il-na-jamais-fait-aussi-chaud-le-matin-au-mois-davril-a-brest","status":"publish","type":"post","link":"https:\/\/www.iceagetv.com\/radiosite\/meteo-estivale-en-bretagne-il-na-jamais-fait-aussi-chaud-le-matin-au-mois-davril-a-brest\/","title":{"rendered":"M\u00e9t\u00e9o estivale en Bretagne, il n&rsquo;a jamais fait aussi chaud le matin au mois d&rsquo;avril \u00e0 Brest"},"content":{"rendered":"\n<p>Avec 16\u00b0C au lever du jour \u00e0 Brest, il n&rsquo;a jamais fait aussi doux pour un mois d&rsquo;avril \u00e0 Brest selon M\u00e9t\u00e9o France. Les temp\u00e9ratures ce mardi et ce mercredi s&rsquo;annoncent estivales.<\/p>\n\n\n\n<p>C\u2019est\u00a0<em>\u00ab\u00a0la temp\u00e9rature minimale la plus douce jamais enregistr\u00e9e pour un mois d\u2019avril\u00a0\u00bb<\/em>, affirme M\u00e9t\u00e9o France ce mardi 7 avril 2026, alors que la station de Brest a enregistr\u00e9 16\u00b0 dans la matin\u00e9e. Le pr\u00e9c\u00e9dent record a \u00e9t\u00e9 pulv\u00e9ris\u00e9, il \u00e9tait de 13,5\u00b0C le 29 avril 1994, donc \u00e0 la fin du mois.Selon M\u00e9t\u00e9o France, la temp\u00e9rature matinale aussi \u00e9lev\u00e9e est due \u00e0&nbsp;<em>\u00ab\u00a0un flux de sud-est anticyclonique sur le pays, favorisant des temp\u00e9ratures tr\u00e8s \u00e9lev\u00e9es sur la fa\u00e7ade ouest du pays\u00a0\u00bb<\/em>. En France, les temp\u00e9ratures maximales sont huit \u00e0 neuf degr\u00e9s au-dessus des valeurs de saison, et elles vont se poursuivre&nbsp;<em>\u00ab\u00a0au moins jusqu\u2019\u00e0 jeudi\u00a0\u00bb.<\/em><\/p>\n\n\n\n<h2 class=\"wp-block-heading\">\u00ab\u00a0Largement au-dessus des temp\u00e9ratures de saison\u00a0\u00bb<\/h2>\n\n\n\n<p>Ce mardi, les temp\u00e9ratures maximales annonc\u00e9es par M\u00e9t\u00e9o France vont de 16\u00b0C et 17\u00b0C sur les \u00eeles de Sein et Ouessant, jusqu&rsquo;\u00e0 27\u00b0C \u00e0 Redon et Nantes. Les maximales attendues sont \u00e9galement de 23\u00b0C \u00e0 Brest et Quimper, 26\u00b0C sur la c\u00f4te nord \u00e0 Lannion, Saint-Brieuc et Saint-Malo, ainsi qu&rsquo;\u00e0 Rennes, Pontivy et Ch\u00e2teaubriant. Les temp\u00e9ratures&nbsp;<em>\u00ab\u00a0vont franchir pour la premi\u00e8re fois la barre des 25\u00b0C. Nous sommes largement au-dessus des temp\u00e9ratures de saison\u00a0\u00bb<\/em>, affirme la plate-forme m\u00e9t\u00e9o&nbsp;<a target=\"_blank\" rel=\"noreferrer noopener\" href=\"https:\/\/www.facebook.com\/permalink.php?story_fbid=pfbid02JVencZMnLCroSJy2wcXTD3PxehYoCszXnnuScLerzMeL5NwcqsYBAdhbUFFMact5l&amp;id=61558051888132\">Temps Breton.<\/a><\/p>\n\n\n\n<p>\u00ab\u00a0<em>On est exactement dans la m\u00eame configuration que ce qu&rsquo;on peut rencontrer dans une p\u00e9riode caniculaire d&rsquo;\u00e9t\u00e9. Sauf que l\u00e0, comme l&rsquo;atmosph\u00e8re n&rsquo;est pas encore suffisamment chaude et que la temp\u00e9rature de la mer ne l&rsquo;est pas non plus, mais si cette configuration -l\u00e0 se produisait en plein mois de juillet ou en plein mois d&rsquo;ao\u00fbt, on serait dans des 35 \u00e0 40 degr\u00e9s quasiment g\u00e9n\u00e9ralis\u00e9s<\/em>\u00ab\u00a0, analyse S\u00e9bastien Decaux de M\u00e9t\u00e9o Bretagne.<\/p>\n\n\n\n<p>Mercredi, il fera particuli\u00e8rement chaud en Bretagne.&nbsp;<a target=\"_blank\" rel=\"noreferrer noopener\" href=\"https:\/\/meteofrance.com\/previsions-meteo-france\/bretagne\/5\">Les temp\u00e9ratures attendues<\/a>&nbsp;sont de 23\u00b0C \u00e0 Brest, 26\u00b0C \u00e0 Quimper, Rennes, Redon, Vannes et Nantes. Les temp\u00e9ratures seront plus fra\u00eeches sur les c\u00f4tes de la Manche avec 20\u00b0C \u00e0 Saint-Brieuc et Morlaix, 21\u00b0C \u00e0 Saint-Malo, 23\u00b0C \u00e0 Lannion, avec&nbsp;<em>\u00ab\u00a0l&rsquo;\u00e9tablissement d&rsquo;une brise de mer\u00a0\u00bb,<\/em>&nbsp;pr\u00e9cise&nbsp;<a target=\"_blank\" rel=\"noreferrer noopener\" href=\"https:\/\/www.meteo.bzh\/\">M\u00e9t\u00e9o Bretagne<\/a>. C&rsquo;est sur les \u00eeles qu&rsquo;il fera le plus frais, avec 15\u00b0C attendus \u00e0 Sein et Ouessant.<\/p>\n","protected":false},"excerpt":{"rendered":"<p>Avec 16\u00b0C au lever du jour \u00e0 Brest, il n&rsquo;a jamais fait aussi doux pour un mois d&rsquo;avril \u00e0 Brest selon M\u00e9t\u00e9o France. Les temp\u00e9ratures ce mardi et ce mercredi s&rsquo;annoncent estivales. C\u2019est\u00a0\u00ab\u00a0la temp\u00e9rature minimale la plus douce jamais enregistr\u00e9e pour un mois d\u2019avril\u00a0\u00bb, affirme M\u00e9t\u00e9o France ce mardi 7 avril 2026, alors que la [&hellip;]<\/p>\n","protected":false},"author":2,"featured_media":43646,"comment_status":"open","ping_status":"open","sticky":false,"template":"","format":"standard","meta":{"_jetpack_memberships_contains_paid_content":false,"footnotes":"","jetpack_publicize_message":"","jetpack_publicize_feature_enabled":true,"jetpack_social_post_already_shared":true,"jetpack_social_options":{"image_generator_settings":{"template":"highway","default_image_id":0,"font":"","enabled":false},"version":2},"_wpas_customize_per_network":false},"categories":[14],"tags":[],"class_list":["post-43645","post","type-post","status-publish","format-standard","has-post-thumbnail","hentry","category-actu-meteo"],"jetpack_publicize_connections":[],"jetpack_featured_media_url":"https:\/\/i0.wp.com\/www.iceagetv.com\/radiosite\/wp-content\/uploads\/2026\/04\/Meteo-estivale-en-Bretagne.jpg?fit=579%2C329&ssl=1","jetpack_sharing_enabled":true,"_links":{"self":[{"href":"https:\/\/www.iceagetv.com\/radiosite\/wp-json\/wp\/v2\/posts\/43645","targetHints":{"allow":["GET"]}}],"collection":[{"href":"https:\/\/www.iceagetv.com\/radiosite\/wp-json\/wp\/v2\/posts"}],"about":[{"href":"https:\/\/www.iceagetv.com\/radiosite\/wp-json\/wp\/v2\/types\/post"}],"author":[{"embeddable":true,"href":"https:\/\/www.iceagetv.com\/radiosite\/wp-json\/wp\/v2\/users\/2"}],"replies":[{"embeddable":true,"href":"https:\/\/www.iceagetv.com\/radiosite\/wp-json\/wp\/v2\/comments?post=43645"}],"version-history":[{"count":1,"href":"https:\/\/www.iceagetv.com\/radiosite\/wp-json\/wp\/v2\/posts\/43645\/revisions"}],"predecessor-version":[{"id":43647,"href":"https:\/\/www.iceagetv.com\/radiosite\/wp-json\/wp\/v2\/posts\/43645\/revisions\/43647"}],"wp:featuredmedia":[{"embeddable":true,"href":"https:\/\/www.iceagetv.com\/radiosite\/wp-json\/wp\/v2\/media\/43646"}],"wp:attachment":[{"href":"https:\/\/www.iceagetv.com\/radiosite\/wp-json\/wp\/v2\/media?parent=43645"}],"wp:term":[{"taxonomy":"category","embeddable":true,"href":"https:\/\/www.iceagetv.com\/radiosite\/wp-json\/wp\/v2\/categories?post=43645"},{"taxonomy":"post_tag","embeddable":true,"href":"https:\/\/www.iceagetv.com\/radiosite\/wp-json\/wp\/v2\/tags?post=43645"}],"curies":[{"name":"wp","href":"https:\/\/api.w.org\/{rel}","templated":true}]}}