{"id":43672,"date":"2026-04-08T09:07:05","date_gmt":"2026-04-08T07:07:05","guid":{"rendered":"https:\/\/www.iceagetv.com\/radiosite\/?p=43672"},"modified":"2026-04-08T09:07:06","modified_gmt":"2026-04-08T07:07:06","slug":"guerre-au-moyen-orient-israel-assure-que-le-cessez-le-feu-avec-liran-ninclut-pas-le-liban","status":"publish","type":"post","link":"https:\/\/www.iceagetv.com\/radiosite\/guerre-au-moyen-orient-israel-assure-que-le-cessez-le-feu-avec-liran-ninclut-pas-le-liban\/","title":{"rendered":"Guerre au Moyen-Orient: Isra\u00ebl assure que le cessez-le-feu avec l&rsquo;Iran \u00ab\u00a0n&rsquo;inclut pas le Liban\u00a0\u00bb"},"content":{"rendered":"\n<p>Les \u00c9tats-Unis et Isra\u00ebl consentent \u00e0 un cessez-le-feu avec l&rsquo;Iran de deux semaines, \u00e0 comptes de ce mardi 7 avril. Mais les services du Premier ministre isra\u00e9lien assurent que le Liban n&rsquo;est pas concern\u00e9 par ce cessez-le-feu.<\/p>\n\n\n\n<p>Le bureau du Premier ministre isra\u00e9lien Benjamin Netanyahu pr\u00e9cise ce mercredi 8 avril au matin que\u00a0<a href=\"https:\/\/www.bfmtv.com\/international\/moyen-orient\/iran\/direct-guerre-au-moyen-orient-donald-trump-pret-a-detruire-l-iran-en-quatre-heures-l-armee-israelienne-dit-mener-une-vague-de-frappes-aeriennes-visant-des-infrastructures-iraniennes_LN-202604070098.html\">le cessez-le-feu en vigueur entre les \u00c9tats-Unis, Isra\u00ebl et l&rsquo;Iran<\/a>\u00a0\u00ab\u00a0n&rsquo;inclut par le Liban\u00a0\u00bb entra\u00een\u00e9 dans la guerre au Moyen-Orient apr\u00e8s des attaques du groupe pro-iranien Hezbollah contre le territoire isra\u00e9lien.Cette d\u00e9claration contredit une annonce faite plus t\u00f4t par le Premier ministre pakistanais Shehbaz Sharif, m\u00e9diateur dans le conflit, qui a affirm\u00e9 que le cessez-le-feu s&rsquo;appliquait \u00ab\u00a0partout, y compris au Liban et ailleurs\u00a0\u00bb.<\/p>\n\n\n\n<p>\u00ab\u00a0Isra\u00ebl soutient la d\u00e9cision du pr\u00e9sident Trump de suspendre les frappes contre l&rsquo;Iran pendant deux semaines,&nbsp;<a href=\"https:\/\/www.bfmtv.com\/economie\/international\/cessez-le-feu-en-iran-comment-va-se-derouler-la-reouverture-du-detroit-d-ormuz_AV-202604080054.html\">\u00e0 condition que l&rsquo;Iran rouvre imm\u00e9diatement les d\u00e9troits<\/a>&nbsp;et mette fin \u00e0 toutes les attaques contre les Etats-Unis, Isra\u00ebl et les pays de la r\u00e9gion\u00a0\u00bb, a d\u00e9clar\u00e9 le bureau du Premier ministre Benjamin Netanyahu dans un communiqu\u00e9.<\/p>\n\n\n\n<p>\u00ab\u00a0Isra\u00ebl soutient \u00e9galement les efforts des \u00c9tats-Unis visant \u00e0 faire en sorte que l&rsquo;Iran ne repr\u00e9sente plus une menace nucl\u00e9aire, balistique et terroriste pour l&rsquo;Am\u00e9rique, Isra\u00ebl, les voisins arabes de l&rsquo;Iran et le monde\u00a0\u00bb, poursuit le texte.\u00a0\u00bbLigne de d\u00e9fense avanc\u00e9e\u00a0\u00bb<\/p>\n\n\n\n<p>L&rsquo;arm\u00e9e isra\u00e9lienne avait annonc\u00e9 mardi avoir achev\u00e9 dans le sud du Liban le d\u00e9ploiement de ses troupes au sol jusqu&rsquo;\u00e0 une \u00ab\u00a0ligne de d\u00e9fense avanc\u00e9e\u00a0\u00bb contre les combattants du mouvement islamiste Hezbollah, sans plus de pr\u00e9cision g\u00e9ographique.Au total, les frappes isra\u00e9liennes au Liban ont tu\u00e9 1.530 personnes depuis le d\u00e9but de la guerre entre le Hezbollah pro-iranien et Isra\u00ebl le 2 mars, a indiqu\u00e9 mardi le minist\u00e8re de la Sant\u00e9 libanais.<\/p>\n","protected":false},"excerpt":{"rendered":"<p>Les \u00c9tats-Unis et Isra\u00ebl consentent \u00e0 un cessez-le-feu avec l&rsquo;Iran de deux semaines, \u00e0 comptes de ce mardi 7 avril. Mais les services du Premier ministre isra\u00e9lien assurent que le Liban n&rsquo;est pas concern\u00e9 par ce cessez-le-feu. Le bureau du Premier ministre isra\u00e9lien Benjamin Netanyahu pr\u00e9cise ce mercredi 8 avril au matin que\u00a0le cessez-le-feu en [&hellip;]<\/p>\n","protected":false},"author":2,"featured_media":43673,"comment_status":"open","ping_status":"open","sticky":false,"template":"","format":"standard","meta":{"_jetpack_memberships_contains_paid_content":false,"footnotes":"","jetpack_publicize_message":"","jetpack_publicize_feature_enabled":true,"jetpack_social_post_already_shared":true,"jetpack_social_options":{"image_generator_settings":{"template":"highway","default_image_id":0,"font":"","enabled":false},"version":2},"_wpas_customize_per_network":false},"categories":[405],"tags":[],"class_list":["post-43672","post","type-post","status-publish","format-standard","has-post-thumbnail","hentry","category-actu-france-monde"],"jetpack_publicize_connections":[],"jetpack_featured_media_url":"https:\/\/i0.wp.com\/www.iceagetv.com\/radiosite\/wp-content\/uploads\/2026\/04\/Ynlm4ghS.jpg?fit=680%2C383&ssl=1","jetpack_sharing_enabled":true,"_links":{"self":[{"href":"https:\/\/www.iceagetv.com\/radiosite\/wp-json\/wp\/v2\/posts\/43672","targetHints":{"allow":["GET"]}}],"collection":[{"href":"https:\/\/www.iceagetv.com\/radiosite\/wp-json\/wp\/v2\/posts"}],"about":[{"href":"https:\/\/www.iceagetv.com\/radiosite\/wp-json\/wp\/v2\/types\/post"}],"author":[{"embeddable":true,"href":"https:\/\/www.iceagetv.com\/radiosite\/wp-json\/wp\/v2\/users\/2"}],"replies":[{"embeddable":true,"href":"https:\/\/www.iceagetv.com\/radiosite\/wp-json\/wp\/v2\/comments?post=43672"}],"version-history":[{"count":1,"href":"https:\/\/www.iceagetv.com\/radiosite\/wp-json\/wp\/v2\/posts\/43672\/revisions"}],"predecessor-version":[{"id":43674,"href":"https:\/\/www.iceagetv.com\/radiosite\/wp-json\/wp\/v2\/posts\/43672\/revisions\/43674"}],"wp:featuredmedia":[{"embeddable":true,"href":"https:\/\/www.iceagetv.com\/radiosite\/wp-json\/wp\/v2\/media\/43673"}],"wp:attachment":[{"href":"https:\/\/www.iceagetv.com\/radiosite\/wp-json\/wp\/v2\/media?parent=43672"}],"wp:term":[{"taxonomy":"category","embeddable":true,"href":"https:\/\/www.iceagetv.com\/radiosite\/wp-json\/wp\/v2\/categories?post=43672"},{"taxonomy":"post_tag","embeddable":true,"href":"https:\/\/www.iceagetv.com\/radiosite\/wp-json\/wp\/v2\/tags?post=43672"}],"curies":[{"name":"wp","href":"https:\/\/api.w.org\/{rel}","templated":true}]}}