{"id":43700,"date":"2026-04-09T20:57:49","date_gmt":"2026-04-09T18:57:49","guid":{"rendered":"https:\/\/www.iceagetv.com\/radiosite\/?p=43700"},"modified":"2026-04-09T20:57:51","modified_gmt":"2026-04-09T18:57:51","slug":"carburants-pas-daugmentation-des-prix-pour-linstant-la-promesse-a-contre-courant-de-flixbus-et-blablablus","status":"publish","type":"post","link":"https:\/\/www.iceagetv.com\/radiosite\/carburants-pas-daugmentation-des-prix-pour-linstant-la-promesse-a-contre-courant-de-flixbus-et-blablablus\/","title":{"rendered":"Carburants : pas d&rsquo;augmentation des prix pour l&rsquo;instant, la promesse \u00e0 contre-courant de FlixBus et BlaBlaBlus"},"content":{"rendered":"\n<p>Contrairement \u00e0 beaucoup de secteurs, celui des transports interurbains n&rsquo;est pour l&rsquo;instant pas tr\u00e8s affect\u00e9 par la hausse des prix des carburants.Malgr\u00e9\u00a0<a href=\"https:\/\/actu.fr\/monde\/direct-guerre-au-moyen-orient-donald-trump-annonce-un-cessez-le-feu-de-deux-semaines-suivez-cette-journee_64111427.html\">la r\u00e9cente et fragile tr\u00eave en Iran<\/a>,\u00a0<strong>les\u00a0<a href=\"https:\/\/actu.fr\/economie\/jusqu-a-10-centimes-de-baisse-comment-le-cessez-le-feu-en-iran-va-impacter-les-carburants-ces-prochains-jours_64111732.html\">prix des carburants<\/a>\u00a0restent tr\u00e8s hauts<\/strong>\u00a0en France, et tous les secteurs \u00e9conomiques sont affect\u00e9s. Tous\u2009? Pas exactement, puisque les prix des deux principales compagnies de bus interurbains n\u2019ont pas boug\u00e9 d\u2019un poil.<br>Contact\u00e9s par\u00a0<em>actu.fr<\/em>,\u00a0<a href=\"https:\/\/actu.fr\/economie\/flixbus-blablacar-10-ans-apres-les-cars-macron-seduisent-toujours-malgre-des-infrastructures-obsoletes_63018629.html\">FlixBus et BlaBlaCar Bus<\/a>\u00a0(ou BlaBlaBus) avancent\u00a0<strong>ne pas avoir touch\u00e9 \u00e0 leurs tarifs<\/strong>, alors qu\u2019ils sont bel et bien frapp\u00e9s eux aussi par la hausse des prix des carburants. L\u2019explication tient autant dans les pratiques des Fran\u00e7ais en mati\u00e8re de transport que dans le mod\u00e8le \u00e9conomique de ces entreprises.Les fr\u00e9quentations en hausse<\/p>\n\n\n\n<p>Dans les deux soci\u00e9t\u00e9s, le constat est \u00e9vident\u2009: elles ont enregistr\u00e9&nbsp;<strong>une hausse de la fr\u00e9quentation<\/strong>&nbsp;ces derniers temps. Chez FlixBus, les r\u00e9servations ont bondi \u00ab\u2009<strong>au-del\u00e0 des 15\u2009%<\/strong>&nbsp;par rapport \u00e0 l\u2019ann\u00e9e derni\u00e8re sur la m\u00eame p\u00e9riode\u2009\u00bb, c\u2019est-\u00e0-dire les&nbsp;<a href=\"https:\/\/actu.fr\/societe\/pourquoi-certains-eleves-auront-11-semaines-d-ecole-d-affilee-apres-les-vacances-de-printemps_64015792.html\">vacances d\u2019avril<\/a>.<\/p>\n\n\n\n<p>La dynamique est \u00e9galement favorable chez son concurrent. Pour le mois de mars, BlaBlaCar Bus a enregistr\u00e9&nbsp;<strong>30\u2009% de passagers en plus par rapport \u00e0 2024<\/strong>.<\/p>\n\n\n\n<p>Pour le week-end de P\u00e2ques, la croissance reste l\u00e9g\u00e8re (5\u2009%) par rapport \u00e0 2025, mais l\u2019ann\u00e9e derni\u00e8re, toutes les zones \u00e9taient en vacances \u00e0 cette p\u00e9riode. En comparaison avec le week-end de P\u00e2ques en 2024, qui tombait hors vacances scolaires,<strong>&nbsp;la hausse est de 30\u2009% de fr\u00e9quentation suppl\u00e9mentaire<\/strong>.<\/p>\n\n\n\n<p>De l\u00e0 \u00e0 en d\u00e9duire que les Fran\u00e7ais s\u2019orientent vers le bus \u00e0 cause du prix des carburants\u2009? Pour Charles Billiard, porte-parole de FlixBus, la hausse de la fr\u00e9quentation s\u2019explique car \u00ab\u2009les gens prennent moins&nbsp;<a href=\"https:\/\/actu.fr\/economie\/de-3-500-a-25-000-euros-on-a-regarde-combien-ca-coute-vraiment-de-passer-a-la-voiture-electrique-en-2026_64110859.html\">leur v\u00e9hicule individuel<\/a>\u2009\u00bb.<\/p>\n\n\n\n<p>\u00ab\u2009Ils partent un peu moins loin, et moins de personnes prennent l\u2019avion \u00bb, ajoute-t-il. Il faut dire que le\u00a0<a href=\"https:\/\/actu.fr\/economie\/des-hausses-des-prix-inevitables-ce-qui-vous-attend-si-vous-comptez-prendre-l-avion-ces-prochains-mois_64107309.html\">prix des billets a aussi augment\u00e9<\/a>\u00a0depuis le d\u00e9but de la guerre au Moyen-Orient.Un report vers le bus<\/p>\n\n\n\n<p>Du c\u00f4t\u00e9 de BlaBlaCar Bus, son directeur, Aur\u00e9lien Gandois, est moins dithyrambique. \u00ab\u2009S\u2019il est toujours complexe d\u2019isoler un facteur unique, la m\u00e9t\u00e9o cl\u00e9mente et les p\u00e9riodes de vacances jouant un r\u00f4le majeur,\u00a0<strong>l\u2019argument \u00e9conomique est ind\u00e9niable<\/strong>\u2009\u00bb, d\u00e9taille-t-il.D\u2019autres facteurs peuvent en effet expliquer la fr\u00e9quentation du bus. \u00ab\u2009Le week-end de P\u00e2ques et les vacances d\u2019avril, traditionnellement, les gens ne partent pas trop loin\u2009\u00bb, rappelle Charles Billiard.Un mod\u00e8le \u00e9conomique bas\u00e9 sur des tarifs attractifs<\/p>\n\n\n\n<p>Pour ces deux plateformes, augmenter les prix, c\u2019est aussi\u00a0<strong>remettre en cause leur mod\u00e8le \u00e9conomique<\/strong>. Elles souhaitent donc continuer \u00e0 proposer des tarifs abordables.\u2009Les prix s\u2019ajustent principalement en fonction de la demande et de l\u2019anticipation des r\u00e9servations\u2009\u00bb chez BlaBlaCar Bus, rappelle Aur\u00e9lien Gandois. \u00ab\u2009Nous ne r\u00e9percutons pas m\u00e9caniquement les variations quotidiennes du prix du baril sur le billet du passager.\u2009\u00bb<\/p>\n\n\n\n<h2 class=\"wp-block-heading\">Des aides cibl\u00e9es<\/h2>\n\n\n\n<p>Face \u00e0 la hausse des prix des carburants, le gouvernement a propos\u00e9 des&nbsp;<a href=\"https:\/\/actu.fr\/societe\/prix-des-carburants-le-gouvernement-annonce-une-serie-d-aides-pour-les-secteurs-les-plus-touches_64064583.html\">aides cibl\u00e9es pour les entreprises de transport<\/a>&nbsp;\u2013 entre autres secteurs \u00e9conomiques. Elle prend la forme d\u2019une aide forfaitaire par v\u00e9hicule \u00e9quivalente \u00e0 20 centimes d\u2019euros par litre de&nbsp;<a href=\"https:\/\/actu.fr\/tag\/carburants\">carburant<\/a>.<\/p>\n\n\n\n<p>Elle est temporaire et destin\u00e9e \u00e0 renflouer la tr\u00e9sorerie des TPE et PME du transport routier \u00ab\u2009justifiant de difficult\u00e9s \u00e9conomiques majeures\u2009\u00bb, a indiqu\u00e9 le ministre des Transports Philippe Tabarot.<\/p>\n\n\n\n<p>Les deux plateformes ne b\u00e9n\u00e9ficient pas directement de ces aides. Ce sont les entreprises autocaristes, qui op\u00e8rent des v\u00e9hicules pour FlixBus et BlaBlaCar Bus, qui pourront les toucher. Reste \u00e0 savoir&nbsp;<strong>lesquelles justifient des difficult\u00e9s \u00e9conomiques majeures<\/strong>. \u00ab\u2009Ce n\u2019est pas encore tr\u00e8s clair qui va y avoir droit\u2009\u00bb, d\u00e9plore pour l\u2019instant Charles Billiard.<\/p>\n","protected":false},"excerpt":{"rendered":"<p>Contrairement \u00e0 beaucoup de secteurs, celui des transports interurbains n&rsquo;est pour l&rsquo;instant pas tr\u00e8s affect\u00e9 par la hausse des prix des carburants.Malgr\u00e9\u00a0la r\u00e9cente et fragile tr\u00eave en Iran,\u00a0les\u00a0prix des carburants\u00a0restent tr\u00e8s hauts\u00a0en France, et tous les secteurs \u00e9conomiques sont affect\u00e9s. Tous\u2009? Pas exactement, puisque les prix des deux principales compagnies de bus interurbains n\u2019ont pas [&hellip;]<\/p>\n","protected":false},"author":2,"featured_media":43701,"comment_status":"open","ping_status":"open","sticky":false,"template":"","format":"standard","meta":{"_jetpack_memberships_contains_paid_content":false,"footnotes":"","jetpack_publicize_message":"","jetpack_publicize_feature_enabled":true,"jetpack_social_post_already_shared":true,"jetpack_social_options":{"image_generator_settings":{"template":"highway","default_image_id":0,"font":"","enabled":false},"version":2},"_wpas_customize_per_network":false},"categories":[405],"tags":[],"class_list":["post-43700","post","type-post","status-publish","format-standard","has-post-thumbnail","hentry","category-actu-france-monde"],"jetpack_publicize_connections":[],"jetpack_featured_media_url":"https:\/\/i0.wp.com\/www.iceagetv.com\/radiosite\/wp-content\/uploads\/2026\/04\/newsmlafp-com-20230711t074646zpartners-080-hl-aboureau-2115208-960x640-1.jpg?fit=960%2C640&ssl=1","jetpack_sharing_enabled":true,"_links":{"self":[{"href":"https:\/\/www.iceagetv.com\/radiosite\/wp-json\/wp\/v2\/posts\/43700","targetHints":{"allow":["GET"]}}],"collection":[{"href":"https:\/\/www.iceagetv.com\/radiosite\/wp-json\/wp\/v2\/posts"}],"about":[{"href":"https:\/\/www.iceagetv.com\/radiosite\/wp-json\/wp\/v2\/types\/post"}],"author":[{"embeddable":true,"href":"https:\/\/www.iceagetv.com\/radiosite\/wp-json\/wp\/v2\/users\/2"}],"replies":[{"embeddable":true,"href":"https:\/\/www.iceagetv.com\/radiosite\/wp-json\/wp\/v2\/comments?post=43700"}],"version-history":[{"count":1,"href":"https:\/\/www.iceagetv.com\/radiosite\/wp-json\/wp\/v2\/posts\/43700\/revisions"}],"predecessor-version":[{"id":43702,"href":"https:\/\/www.iceagetv.com\/radiosite\/wp-json\/wp\/v2\/posts\/43700\/revisions\/43702"}],"wp:featuredmedia":[{"embeddable":true,"href":"https:\/\/www.iceagetv.com\/radiosite\/wp-json\/wp\/v2\/media\/43701"}],"wp:attachment":[{"href":"https:\/\/www.iceagetv.com\/radiosite\/wp-json\/wp\/v2\/media?parent=43700"}],"wp:term":[{"taxonomy":"category","embeddable":true,"href":"https:\/\/www.iceagetv.com\/radiosite\/wp-json\/wp\/v2\/categories?post=43700"},{"taxonomy":"post_tag","embeddable":true,"href":"https:\/\/www.iceagetv.com\/radiosite\/wp-json\/wp\/v2\/tags?post=43700"}],"curies":[{"name":"wp","href":"https:\/\/api.w.org\/{rel}","templated":true}]}}