{"id":43734,"date":"2026-04-10T08:09:16","date_gmt":"2026-04-10T06:09:16","guid":{"rendered":"https:\/\/www.iceagetv.com\/radiosite\/?p=43734"},"modified":"2026-04-10T08:09:18","modified_gmt":"2026-04-10T06:09:18","slug":"malgre-ses-promesses-de-faire-des-economies-le-nouveau-maire-de-paris-emmanuel-gregoire-veut-conserver-la-majoration-de-25-de-son-salaire-et-de-celui-des-elus-voici-les-chiffres","status":"publish","type":"post","link":"https:\/\/www.iceagetv.com\/radiosite\/malgre-ses-promesses-de-faire-des-economies-le-nouveau-maire-de-paris-emmanuel-gregoire-veut-conserver-la-majoration-de-25-de-son-salaire-et-de-celui-des-elus-voici-les-chiffres\/","title":{"rendered":"Malgr\u00e9 ses promesses de faire des \u00e9conomies, le nouveau Maire de Paris, Emmanuel Gr\u00e9goire veut conserver la majoration de 25% de son salaire et de celui des \u00e9lus ! Voici les chiffres"},"content":{"rendered":"\n<p>Malgr\u00e9 une campagne bas\u00e9e sur sa volont\u00e9 de faire des \u00e9conomies dans une ville de Paris surendett\u00e9e, Emmanuel Gr\u00e9goire est accus\u00e9&nbsp;de chercher de gonfler son salaire:&nbsp;\u00abEn pleine crise \u00e9conomique, le maire de Paris, Emmanuel Gr\u00e9goire, s\u2019offre +25 % d\u2019augmentation\u00bb, lance Sarah Knafo sur les r\u00e9seaux sociaux.<\/p>\n\n\n\n<p><strong>Ainsi, l\u2019indemnit\u00e9 d\u2019Emmanuel Gr\u00e9goire passe de 7.782 euros \u00e0 9.727 euros, celle des conseillers de Paris maires d\u2019arrondissements de&nbsp;5.639&nbsp;euros \u00e0 6.602 euros et celle des adjoints au maire de Paris de&nbsp;4.997&nbsp;\u00e0 5.960 euros.<\/strong><\/p>\n\n\n\n<p>En fait, pour \u00eatre tr\u00e8s pr\u00e9cis, il ne s&rsquo;agit pas \u00e0 proprement parler d&rsquo;une augmentation, mais d&rsquo;une majoration qui \u00e9tait d\u00e9j\u00e0 en vigueur et qui est reconduite.<\/p>\n\n\n\n<p>La Ville de Paris pr\u00e9cise que cette majoration \u00e9tait d\u00e9j\u00e0 en vigueur sous Anne Hidalgo, et qu\u2019il est simplement propos\u00e9 qu\u2019elle soit reconduite.<\/p>\n\n\n\n<p>Sur X, certains s\u2019\u00e9tonnent portant du souhait d\u2019Emmanuel Gr\u00e9goire de conserver cette majoration dans le contexte d\u2019efforts budg\u00e9taires que connaissent aussi bien la France que la Ville de Paris.<\/p>\n\n\n\n<p>\u00abRien n\u2019y oblige. La loi pr\u00e9cise que c\u2019est non obligatoire\u00bb, rappelle Paul Hatte dans un message publi\u00e9 jeudi matin et supprim\u00e9 depuis. \u00abLa ville de Paris croule de dette, pas grave, comme Guiraud de LFI, Emmanuel Gr\u00e9goire augmente sa r\u00e9mun\u00e9ration de maire\u00bb, tance un autre internaute.<\/p>\n","protected":false},"excerpt":{"rendered":"<p>Malgr\u00e9 une campagne bas\u00e9e sur sa volont\u00e9 de faire des \u00e9conomies dans une ville de Paris surendett\u00e9e, Emmanuel Gr\u00e9goire est accus\u00e9&nbsp;de chercher de gonfler son salaire:&nbsp;\u00abEn pleine crise \u00e9conomique, le maire de Paris, Emmanuel Gr\u00e9goire, s\u2019offre +25 % d\u2019augmentation\u00bb, lance Sarah Knafo sur les r\u00e9seaux sociaux. Ainsi, l\u2019indemnit\u00e9 d\u2019Emmanuel Gr\u00e9goire passe de 7.782 euros \u00e0 [&hellip;]<\/p>\n","protected":false},"author":2,"featured_media":43735,"comment_status":"open","ping_status":"open","sticky":false,"template":"","format":"standard","meta":{"_jetpack_memberships_contains_paid_content":false,"footnotes":"","jetpack_publicize_message":"","jetpack_publicize_feature_enabled":true,"jetpack_social_post_already_shared":true,"jetpack_social_options":{"image_generator_settings":{"template":"highway","default_image_id":0,"font":"","enabled":false},"version":2},"_wpas_customize_per_network":false},"categories":[405],"tags":[],"class_list":["post-43734","post","type-post","status-publish","format-standard","has-post-thumbnail","hentry","category-actu-france-monde"],"jetpack_publicize_connections":[],"jetpack_featured_media_url":"https:\/\/i0.wp.com\/www.iceagetv.com\/radiosite\/wp-content\/uploads\/2026\/04\/dGIxxhyj.jpg?fit=679%2C293&ssl=1","jetpack_sharing_enabled":true,"_links":{"self":[{"href":"https:\/\/www.iceagetv.com\/radiosite\/wp-json\/wp\/v2\/posts\/43734","targetHints":{"allow":["GET"]}}],"collection":[{"href":"https:\/\/www.iceagetv.com\/radiosite\/wp-json\/wp\/v2\/posts"}],"about":[{"href":"https:\/\/www.iceagetv.com\/radiosite\/wp-json\/wp\/v2\/types\/post"}],"author":[{"embeddable":true,"href":"https:\/\/www.iceagetv.com\/radiosite\/wp-json\/wp\/v2\/users\/2"}],"replies":[{"embeddable":true,"href":"https:\/\/www.iceagetv.com\/radiosite\/wp-json\/wp\/v2\/comments?post=43734"}],"version-history":[{"count":1,"href":"https:\/\/www.iceagetv.com\/radiosite\/wp-json\/wp\/v2\/posts\/43734\/revisions"}],"predecessor-version":[{"id":43736,"href":"https:\/\/www.iceagetv.com\/radiosite\/wp-json\/wp\/v2\/posts\/43734\/revisions\/43736"}],"wp:featuredmedia":[{"embeddable":true,"href":"https:\/\/www.iceagetv.com\/radiosite\/wp-json\/wp\/v2\/media\/43735"}],"wp:attachment":[{"href":"https:\/\/www.iceagetv.com\/radiosite\/wp-json\/wp\/v2\/media?parent=43734"}],"wp:term":[{"taxonomy":"category","embeddable":true,"href":"https:\/\/www.iceagetv.com\/radiosite\/wp-json\/wp\/v2\/categories?post=43734"},{"taxonomy":"post_tag","embeddable":true,"href":"https:\/\/www.iceagetv.com\/radiosite\/wp-json\/wp\/v2\/tags?post=43734"}],"curies":[{"name":"wp","href":"https:\/\/api.w.org\/{rel}","templated":true}]}}