{"id":43790,"date":"2026-04-12T12:48:16","date_gmt":"2026-04-12T10:48:16","guid":{"rendered":"https:\/\/www.iceagetv.com\/radiosite\/?p=43790"},"modified":"2026-04-12T12:48:17","modified_gmt":"2026-04-12T10:48:17","slug":"loi-1er-mai-il-ny-aura-pas-de-passage-en-force-promet-matignon","status":"publish","type":"post","link":"https:\/\/www.iceagetv.com\/radiosite\/loi-1er-mai-il-ny-aura-pas-de-passage-en-force-promet-matignon\/","title":{"rendered":"Loi 1er-Mai\u00a0: \u00ab\u00a0Il n&rsquo;y aura pas de passage en force\u00a0\u00bb, promet Matignon"},"content":{"rendered":"\n<p>Le Premier ministre promet \u00ab\u00a0qu\u2019il n\u2019y aura pas de passage en force\u00a0\u00bb sur le travail le 1er mai, indique son entourage ce dimanche. S\u00e9bastien Lecornu a demand\u00e9 au ministre du Travail Jean-Pierre Farandou de rencontrer les organisations syndicales lundi, \u00e0 18h.<\/p>\n\n\n\n<p><strong>\u00ab\u00a0Il n&rsquo;y aura pas de passage en force\u00a0\u00bb<\/strong>\u00a0sur le\u00a0<a href=\"https:\/\/www.francebleu.fr\/infos\/economie-social\/boulangers-bouchers-fleuristes-cinemas-pourront-ils-bientot-ouvrir-et-faire-travailler-leurs-salaries-le-1er-mai-7134489\">travail le 1er mai<\/a>, a affirm\u00e9 dimanche l&rsquo;entourage du Premier ministre S\u00e9bastien Lecornu, qui a demand\u00e9 au ministre du Travail Jean-Pierre Farandou de rencontrer les organisations syndicales pour parvenir \u00e0 une \u00ab\u00a0<em>solution efficace et acceptable<\/em>\u00ab\u00a0. Cette r\u00e9union aura lieu\u00a0<a href=\"https:\/\/www.francebleu.fr\/infos\/economie-social\/reunion-lundi-des-syndicats-et-du-ministere-du-travail-autour-de-la-proposition-de-loi-sur-le-1er-mai-2160347\">lundi \u00e0 18h<\/a>. Il s&rsquo;agira de travailler avec les syndicats \u00e0 \u00ab\u00a0<em>un p\u00e9rim\u00e8tre tr\u00e8s pr\u00e9cis des commerces concern\u00e9s par une ouverture au travail le 1er mai<\/em>\u00ab\u00a0, pr\u00e9cise Matignon.Une proposition de loi visant \u00e0 \u00e9largir le travail le 1er mai, qui a \u00e9t\u00e9 examin\u00e9e vendredi \u00e0 l&rsquo;Assembl\u00e9e, doit faire l&rsquo;objet prochainement d&rsquo;une&nbsp;<strong>commission mixte paritaire<\/strong>&nbsp;pour \u00eatre rapidement mise en oeuvre, esp\u00e8rent ses promoteurs. Mais cette r\u00e9union cens\u00e9e concilier les points de vue des d\u00e9put\u00e9s et s\u00e9nateurs \u00ab\u00a0<em>n&rsquo;a pas encore \u00e9t\u00e9 convoqu\u00e9e<\/em>\u00ab\u00a0, et \u00ab\u00a0<em>il convient donc de prendre le temps n\u00e9cessaire pour cheminer vers une solution efficace et acceptable<\/em>\u00ab\u00a0, note Matignon.<\/p>\n\n\n\n<h2 class=\"wp-block-heading\">Huit syndicats demandent \u00e0 Lecornu de \u00ab\u00a0respecter la d\u00e9mocratie sociale et politique\u00a0\u00bb<\/h2>\n\n\n\n<p>Les dirigeants des huit grandes centrales syndicales (CFDT, CGT, FO, CFE-CGC, CFTC, Unsa, FSU, Solidaires) ont adress\u00e9 dimanche&nbsp;<strong>une lettre commune au Premier ministre<\/strong>&nbsp;S\u00e9bastien Lecornu lui demandant de ne pas convoquer de commission mixte paritaire qui permettra l&rsquo;adoption rapide de la proposition de loi \u00e9largissant le travail le 1er mai&nbsp;: \u00ab\u00a0<em>Monsieur le Premier ministre on ne r\u00e9forme pas ainsi brutalement un texte d&rsquo;histoire sociale et de conqu\u00eates collectives<\/em>\u00ab\u00a0, \u00e9crivent les dirigeants des syndicats.&nbsp;<em>\u00ab\u00a0Nous vous demandons donc de ne pas convoquer cette commission mixte paritaire de fa\u00e7on \u00e0 respecter la d\u00e9mocratie sociale et la d\u00e9mocratie politique.<\/em>\u00ab\u00a0<\/p>\n\n\n\n<p>Selon les syndicats, la proposition de loi va&nbsp;<strong>\u00ab\u00a0<em>\u00e9tendre la d\u00e9rogation d&rsquo;ouverture<\/em>\u00ab\u00a0<\/strong>&nbsp;le 1er mai \u00ab\u00a0<em>\u00e0 de nombreux secteurs professionnels et pour de grandes entreprises, aux d\u00e9pens des salari\u00e9s mais aussi des petits commerces ind\u00e9pendant de proximit\u00e9<\/em>\u00ab\u00a0. Le projet de d\u00e9cret d&rsquo;application que le gouvernement leur a communiqu\u00e9 pr\u00e9voit ainsi l&rsquo;ouverture des \u00ab\u00a0grandes enseignes industrielles\u00a0\u00bb de boulangerie et de p\u00e2tisserie, \u00ab\u00a0les chaines de glaciers et de chocolatiers, la boucherie, la charcuterie et la triperie, la fromagerie-cr\u00e9merie, la poissonnerie, les magasins de vente de fruits et l\u00e9gumes ce qui inclut les grandes surfaces sp\u00e9cialis\u00e9es, les fleuristes, jardineries, et grainetries, les cin\u00e9mas, mus\u00e9es, salles d&rsquo;expositions, salles de spectacles et centres culturels\u00a0\u00bb, citent-ils dans leur lettre.<\/p>\n\n\n\n<p>Les syndicats avaient d\u00e9nonc\u00e9 vendredi l&rsquo;adoption \u00e0 l&rsquo;Assembl\u00e9e nationale d&rsquo;une motion de rejet de la loi sur le 1er-Mai, adopt\u00e9e en juillet dernier par le S\u00e9nat, d\u00e9non\u00e7ant une manoeuvre pour appliquer le texte d\u00e8s le 1er mai 2026.<\/p>\n\n\n\n<h2 class=\"wp-block-heading\">\u00ab\u00a0La discussion sociale ne peut pas \u00eatre \u00e9lud\u00e9e\u00a0\u00bb<\/h2>\n\n\n\n<p>\u00ab\u00a0<em>C&rsquo;est tr\u00e8s important de ne pas d\u00e9tricoter progressivement cet acquis<\/em>\u00ab\u00a0, a d\u00e9clar\u00e9 ce dimanche sur franceinfo et France Inter Olivier Faure, patron du PS. \u00ab\u00a0<em>Si on n&rsquo;est pas entendu, si le dialogue social ne trouve pas sa place, il peut y avoir une censure<\/em>\u00ab\u00a0.<\/p>\n\n\n\n<p>\u00ab\u00a0<em>La discussion sociale ne peut pas \u00eatre \u00e9lud\u00e9e<\/em>\u00ab\u00a0, pr\u00e9vient Ya\u00ebl Braun-Pivet, d\u00e9put\u00e9e (EPR) de la 5e circonscription des Yvelines et pr\u00e9sidente de l&rsquo;Assembl\u00e9e nationale, invit\u00e9e de l&rsquo;\u00e9mission Dimanche en politique sur France 3 ce dimanche. \u00ab\u00a0<em>Il aurait fallu davantage discuter avec les syndicats et pouvoir avoir une voie de passage parlementaire, puisqu&rsquo;il y a une majorit\u00e9 \u00e0 l&rsquo;Assembl\u00e9e nationale pour ce faire<\/em>\u00ab\u00a0.<\/p>\n","protected":false},"excerpt":{"rendered":"<p>Le Premier ministre promet \u00ab\u00a0qu\u2019il n\u2019y aura pas de passage en force\u00a0\u00bb sur le travail le 1er mai, indique son entourage ce dimanche. S\u00e9bastien Lecornu a demand\u00e9 au ministre du Travail Jean-Pierre Farandou de rencontrer les organisations syndicales lundi, \u00e0 18h. \u00ab\u00a0Il n&rsquo;y aura pas de passage en force\u00a0\u00bb\u00a0sur le\u00a0travail le 1er mai, a affirm\u00e9 [&hellip;]<\/p>\n","protected":false},"author":2,"featured_media":43791,"comment_status":"open","ping_status":"open","sticky":false,"template":"","format":"standard","meta":{"_jetpack_memberships_contains_paid_content":false,"footnotes":"","jetpack_publicize_message":"","jetpack_publicize_feature_enabled":true,"jetpack_social_post_already_shared":true,"jetpack_social_options":{"image_generator_settings":{"template":"highway","default_image_id":0,"font":"","enabled":false},"version":2},"_wpas_customize_per_network":false},"categories":[405],"tags":[],"class_list":["post-43790","post","type-post","status-publish","format-standard","has-post-thumbnail","hentry","category-actu-france-monde"],"jetpack_publicize_connections":[],"jetpack_featured_media_url":"https:\/\/i0.wp.com\/www.iceagetv.com\/radiosite\/wp-content\/uploads\/2026\/04\/Loi-1er-Mai-.jpg?fit=828%2C499&ssl=1","jetpack_sharing_enabled":true,"_links":{"self":[{"href":"https:\/\/www.iceagetv.com\/radiosite\/wp-json\/wp\/v2\/posts\/43790","targetHints":{"allow":["GET"]}}],"collection":[{"href":"https:\/\/www.iceagetv.com\/radiosite\/wp-json\/wp\/v2\/posts"}],"about":[{"href":"https:\/\/www.iceagetv.com\/radiosite\/wp-json\/wp\/v2\/types\/post"}],"author":[{"embeddable":true,"href":"https:\/\/www.iceagetv.com\/radiosite\/wp-json\/wp\/v2\/users\/2"}],"replies":[{"embeddable":true,"href":"https:\/\/www.iceagetv.com\/radiosite\/wp-json\/wp\/v2\/comments?post=43790"}],"version-history":[{"count":1,"href":"https:\/\/www.iceagetv.com\/radiosite\/wp-json\/wp\/v2\/posts\/43790\/revisions"}],"predecessor-version":[{"id":43792,"href":"https:\/\/www.iceagetv.com\/radiosite\/wp-json\/wp\/v2\/posts\/43790\/revisions\/43792"}],"wp:featuredmedia":[{"embeddable":true,"href":"https:\/\/www.iceagetv.com\/radiosite\/wp-json\/wp\/v2\/media\/43791"}],"wp:attachment":[{"href":"https:\/\/www.iceagetv.com\/radiosite\/wp-json\/wp\/v2\/media?parent=43790"}],"wp:term":[{"taxonomy":"category","embeddable":true,"href":"https:\/\/www.iceagetv.com\/radiosite\/wp-json\/wp\/v2\/categories?post=43790"},{"taxonomy":"post_tag","embeddable":true,"href":"https:\/\/www.iceagetv.com\/radiosite\/wp-json\/wp\/v2\/tags?post=43790"}],"curies":[{"name":"wp","href":"https:\/\/api.w.org\/{rel}","templated":true}]}}