{"id":43793,"date":"2026-04-13T13:03:24","date_gmt":"2026-04-13T11:03:24","guid":{"rendered":"https:\/\/www.iceagetv.com\/radiosite\/?p=43793"},"modified":"2026-04-13T13:03:25","modified_gmt":"2026-04-13T11:03:25","slug":"lhomme-suspecte-davoir-sequestre-pendant-plus-dun-an-son-fils-de-9-ans-dans-une-camionnette-a-cote-de-son-domicile-en-alsace-vient-detre-place-en-detention-provisoire-pour-une","status":"publish","type":"post","link":"https:\/\/www.iceagetv.com\/radiosite\/lhomme-suspecte-davoir-sequestre-pendant-plus-dun-an-son-fils-de-9-ans-dans-une-camionnette-a-cote-de-son-domicile-en-alsace-vient-detre-place-en-detention-provisoire-pour-une\/","title":{"rendered":"L&rsquo;homme suspect\u00e9 d\u2019avoir s\u00e9questr\u00e9 pendant plus d\u2019un an son fils de 9 ans dans une camionnette \u00e0 c\u00f4t\u00e9 de son domicile, en Alsace, vient d&rsquo;\u00eatre plac\u00e9 en d\u00e9tention provisoire pour une dur\u00e9e d\u2019un an"},"content":{"rendered":"\n<p>Le p\u00e8re de l\u2019enfant s\u00e9questr\u00e9 pendant plus d\u2019un an dans une camionnette dans un village alsacien a \u00e9t\u00e9 plac\u00e9 ce lundi en d\u00e9tention provisoire pour une dur\u00e9e d\u2019un an, a annonc\u00e9 le procureur de Mulhouse.<\/p>\n\n\n\n<p>\u00abAu terme d\u2019un d\u00e9bat contradictoire tenu ce jour devant le juge des libert\u00e9s et de la d\u00e9tention du tribunal judiciaire de Mulhouse, la personne mise en examen des chefs de s\u00e9questration aggrav\u00e9e et privation de soins a \u00e9t\u00e9 plac\u00e9e en d\u00e9tention provisoire pour une dur\u00e9e d\u2019un an conform\u00e9ment aux r\u00e9quisitions du parquet\u00bb, a indiqu\u00e9 Nicolas Heitz dans un communiqu\u00e9, ajoutant que le parquet n\u2019entendait pas communiquer son lieu de d\u00e9tention.<\/p>\n\n\n\n<p>Rappelons que l&rsquo;individu, \u00e2g\u00e9 de 43 ans, avait \u00e9t\u00e9 mis en examen mercredi dernier.<\/p>\n\n\n\n<p>D\u00e9couvert nu et d\u00e9nutri sur un tas de d\u00e9chets dans une camionnette o\u00f9 il vivait enferm\u00e9, un enfant de neuf ans a v\u00e9cu un calvaire pendant plus d&rsquo;un an dans un village alsacien, selon le procureur de Mulhouse, qui avait annonc\u00e9 vendredi dernier la mise en examen du p\u00e8re de l&rsquo;enfant et de sa compagne.<\/p>\n\n\n\n<p>Les gendarmes avaient d\u00e9couvert l&rsquo;enfant \u00e0 Hagenbach (Haut-Rhin), petite commune de 800 habitants \u00e0 quelque 20 km au sud-ouest de Mulhouse, apr\u00e8s avoir \u00e9t\u00e9 alert\u00e9s par une habitante qui avait entendu des \u00ab\u00a0bruits d&rsquo;enfant\u00a0\u00bb provenant d&rsquo;une camionnette gar\u00e9e dans une cour.<\/p>\n\n\n\n<p>Les gendarmes y ont d\u00e9couvert le petit gar\u00e7on \u00ab\u00a0couch\u00e9 en position f\u0153tale, nu, recouvert d&rsquo;une couverture sur un monticule de d\u00e9chets et \u00e0 proximit\u00e9 d&rsquo;excr\u00e9ments\u00a0\u00bb.<\/p>\n\n\n\n<p>\u00ab\u00a0En raison de la position assise prolong\u00e9e\u00a0\u00bb, l&rsquo;enfant, \u00ab\u00a0p\u00e2le et manifestement d\u00e9nutri\u00a0\u00bb, ne parvenait plus \u00e0 marcher. Il a \u00e9t\u00e9 imm\u00e9diatement pris en charge \u00e0 l&rsquo;h\u00f4pital de Mulhouse, avait pr\u00e9cis\u00e9 le procureur, Nicolas Heitz, dans un communiqu\u00e9.<\/p>\n\n\n\n<p>L&rsquo;enfant, dont la derni\u00e8re douche remonterait \u00e0 fin 2024, avait un baluchon de v\u00eatements et devait uriner dans des bouteilles en plastique et faire ses besoins dans des sacs poubelle.<\/p>\n\n\n\n<p>Le p\u00e8re de 43 ans, qui vivait avec sa compagne \u00e2g\u00e9e de 37 ans et deux autres enfants, leurs filles respectives \u00e2g\u00e9es de 12 et 10 ans, avait reconnu avoir s\u00e9questr\u00e9 et priv\u00e9 de soins le petit gar\u00e7on. Il a \u00e9t\u00e9 incarc\u00e9r\u00e9.<\/p>\n\n\n\n<p>Il a affirm\u00e9 l&rsquo;avoir \u00ab\u00a0mis dans cette camionnette \u00e0 partir de novembre 2024 pour le prot\u00e9ger car sa compagne voulait le faire interner en psychiatrie\u00a0\u00bb, a rapport\u00e9 le procureur, qui a pr\u00e9cis\u00e9 qu'\u00a0\u00bbaucun \u00e9l\u00e9ment m\u00e9dical\u00a0\u00bb n&rsquo;avait \u00e9tay\u00e9 d&rsquo;\u00e9ventuels probl\u00e8mes psychiatriques de l&rsquo;enfant.<\/p>\n\n\n\n<p>La soeur de la victime, une petite fille \u00e2g\u00e9e de 12 ans, a expliqu\u00e9 \u00ab\u00a0vivre avec son p\u00e8re depuis 4 ou 5 ans, sa m\u00e8re ayant des difficult\u00e9s d&rsquo;ordre psychologique\u00a0\u00bb, selon le communiqu\u00e9 procureur.<\/p>\n\n\n\n<p>Son fr\u00e8re avait \u00e9t\u00e9 scolaris\u00e9 en CP jusqu&rsquo;en 2023\/2024 \u00e0 Mulhouse et l&rsquo;\u00e9cole avait \u00ab\u00a0class\u00e9 son dossier\u00a0\u00bb quand la famille avait indiqu\u00e9 qu&rsquo;il serait scolaris\u00e9 autrement. Il a \u00ab\u00a0disparu du jour au lendemain\u00a0\u00bb, selon des voisins et t\u00e9moins interrog\u00e9s par les enqu\u00eateurs.<\/p>\n\n\n\n<p>Mais plusieurs voisins avaient entendu des bruits provenant du v\u00e9hicule ou de l&rsquo;appartement de la famille lorsqu&rsquo;ils \u00e9taient absents.<\/p>\n\n\n\n<p>Le p\u00e8re a affirm\u00e9 qu&rsquo;il avait laiss\u00e9 sortir son fils avec lui jusqu&rsquo;en mai 2025 et l&rsquo;avait laiss\u00e9 acc\u00e9der \u00e0 l&rsquo;appartement \u00e0 l&rsquo;\u00e9t\u00e9 2025, quand le reste de la famille \u00e9tait en vacances. Il lui avait confi\u00e9 un t\u00e9l\u00e9phone portable et lui disait quand il pouvait sortir du v\u00e9hicule ou qu&rsquo;il devait quitter le logement.<\/p>\n\n\n\n<p>Il avait aussi install\u00e9 une cam\u00e9ra de vid\u00e9osurveillance orient\u00e9e en direction de l&rsquo;utilitaire, ce qui a permis aux enqu\u00eateurs de voir qu&rsquo;il se rendait \u00ab\u00a0deux fois par jour au v\u00e9hicule o\u00f9 il semblait lancer quelque chose \u00e0 l&rsquo;int\u00e9rieur\u00a0\u00bb.<\/p>\n\n\n\n<p>Le p\u00e8re, \u00e9lectricien de profession, et sa compagne, habitaient depuis d\u00e9but 2024 dans un appartement \u00e0 l&rsquo;\u00e9tage d&rsquo;un ancien corps de ferme d\u00e9coup\u00e9 en plusieurs logements, selon des voisins.<\/p>\n\n\n\n<p>La maison, peinte en jaune, se trouve \u00e0 proximit\u00e9 de la mairie. Une voisine, qui a requis l&rsquo;anonymat, a qualifi\u00e9 le p\u00e8re de famille de \u00ab\u00a0super serviable\u00a0\u00bb. \u00ab\u00a0On n&rsquo;aurait jamais pu imaginer \u00e7a\u00a0\u00bb, a ajout\u00e9 cette femme, disant s&rsquo;\u00eatre encore gar\u00e9e \u00e0 c\u00f4t\u00e9 de la camionnette quelques heures avant l&rsquo;intervention des gendarmes.<\/p>\n\n\n\n<p>\u00ab\u00a0On a vu les pompiers le sortir, il \u00e9tait dans la couverture de survie. Je vois le visage du gamin depuis lundi, je dors \u00e0 peine\u00a0\u00bb.<\/p>\n\n\n\n<p>Le quadrag\u00e9naire a \u00e9t\u00e9 mis en examen des chefs d&rsquo;arrestation, enl\u00e8vement, s\u00e9questration ou d\u00e9tention arbitraire de mineurs de moins de 15 ans et privation de soins ou d&rsquo;aliments compromettant la sant\u00e9 d&rsquo;un mineur de 15 ans par ascendant.<\/p>\n\n\n\n<p>Sa compagne, qui n&rsquo;est pas la m\u00e8re de l&rsquo;enfant, a \u00e9t\u00e9 mise en examen pour non-assistance \u00e0 mineur de moins de 15 ans en danger et non-d\u00e9nonciation de mauvais traitements et plac\u00e9e sous contr\u00f4le judiciaire. Elle a contest\u00e9 l&rsquo;int\u00e9gralit\u00e9 des faits qui lui sont reproch\u00e9s.<\/p>\n\n\n\n<p>Selon son conjoint, elle se doutait de quelque chose mais ne savait pas que le gar\u00e7on se trouvait dans le v\u00e9hicule.<\/p>\n\n\n\n<p>Le parquet avait ordonn\u00e9 le placement provisoire des trois enfants.&nbsp;<\/p>\n","protected":false},"excerpt":{"rendered":"<p>Le p\u00e8re de l\u2019enfant s\u00e9questr\u00e9 pendant plus d\u2019un an dans une camionnette dans un village alsacien a \u00e9t\u00e9 plac\u00e9 ce lundi en d\u00e9tention provisoire pour une dur\u00e9e d\u2019un an, a annonc\u00e9 le procureur de Mulhouse. \u00abAu terme d\u2019un d\u00e9bat contradictoire tenu ce jour devant le juge des libert\u00e9s et de la d\u00e9tention du tribunal judiciaire [&hellip;]<\/p>\n","protected":false},"author":2,"featured_media":43794,"comment_status":"open","ping_status":"open","sticky":false,"template":"","format":"standard","meta":{"_jetpack_memberships_contains_paid_content":false,"footnotes":"","jetpack_publicize_message":"","jetpack_publicize_feature_enabled":true,"jetpack_social_post_already_shared":true,"jetpack_social_options":{"image_generator_settings":{"template":"highway","default_image_id":0,"font":"","enabled":false},"version":2},"_wpas_customize_per_network":false},"categories":[405],"tags":[],"class_list":["post-43793","post","type-post","status-publish","format-standard","has-post-thumbnail","hentry","category-actu-france-monde"],"jetpack_publicize_connections":[],"jetpack_featured_media_url":"https:\/\/i0.wp.com\/www.iceagetv.com\/radiosite\/wp-content\/uploads\/2026\/04\/Lhomme-suspecte-davoir-sequestre-pendant-plus-dun-an.jpg?fit=596%2C263&ssl=1","jetpack_sharing_enabled":true,"_links":{"self":[{"href":"https:\/\/www.iceagetv.com\/radiosite\/wp-json\/wp\/v2\/posts\/43793","targetHints":{"allow":["GET"]}}],"collection":[{"href":"https:\/\/www.iceagetv.com\/radiosite\/wp-json\/wp\/v2\/posts"}],"about":[{"href":"https:\/\/www.iceagetv.com\/radiosite\/wp-json\/wp\/v2\/types\/post"}],"author":[{"embeddable":true,"href":"https:\/\/www.iceagetv.com\/radiosite\/wp-json\/wp\/v2\/users\/2"}],"replies":[{"embeddable":true,"href":"https:\/\/www.iceagetv.com\/radiosite\/wp-json\/wp\/v2\/comments?post=43793"}],"version-history":[{"count":1,"href":"https:\/\/www.iceagetv.com\/radiosite\/wp-json\/wp\/v2\/posts\/43793\/revisions"}],"predecessor-version":[{"id":43795,"href":"https:\/\/www.iceagetv.com\/radiosite\/wp-json\/wp\/v2\/posts\/43793\/revisions\/43795"}],"wp:featuredmedia":[{"embeddable":true,"href":"https:\/\/www.iceagetv.com\/radiosite\/wp-json\/wp\/v2\/media\/43794"}],"wp:attachment":[{"href":"https:\/\/www.iceagetv.com\/radiosite\/wp-json\/wp\/v2\/media?parent=43793"}],"wp:term":[{"taxonomy":"category","embeddable":true,"href":"https:\/\/www.iceagetv.com\/radiosite\/wp-json\/wp\/v2\/categories?post=43793"},{"taxonomy":"post_tag","embeddable":true,"href":"https:\/\/www.iceagetv.com\/radiosite\/wp-json\/wp\/v2\/tags?post=43793"}],"curies":[{"name":"wp","href":"https:\/\/api.w.org\/{rel}","templated":true}]}}