{"id":43796,"date":"2026-04-13T13:40:40","date_gmt":"2026-04-13T11:40:40","guid":{"rendered":"https:\/\/www.iceagetv.com\/radiosite\/?p=43796"},"modified":"2026-04-13T13:40:42","modified_gmt":"2026-04-13T11:40:42","slug":"qui-est-peter-magyar-lancien-homme-du-systeme-orban-qui-a-remporte-les-legislatives-en-hongrie","status":"publish","type":"post","link":"https:\/\/www.iceagetv.com\/radiosite\/qui-est-peter-magyar-lancien-homme-du-systeme-orban-qui-a-remporte-les-legislatives-en-hongrie\/","title":{"rendered":"Qui est Peter Magyar, l&rsquo;ancien homme du syst\u00e8me Orban qui a remport\u00e9 les l\u00e9gislatives en Hongrie ?"},"content":{"rendered":"\n<p>Dans l&rsquo;ombre du pouvoir, il est devenu en deux ans le principal fossoyeur du dirigeant nationaliste Viktor Orban, jusqu&rsquo;\u00e0 lui prendre sa place.Il a longtemps \u00e9t\u00e9 l&rsquo;un des rouages du pouvoir qu&rsquo;il promet aujourd&rsquo;hui de transformer. Avocat de 45 ans, ancien cadre du Fidesz \u2013 le parti de Viktor Orban \u2013 et eurod\u00e9put\u00e9 depuis 2024,&nbsp;<a href=\"https:\/\/www.franceinfo.fr\/monde\/hongrie-peter-magyar-l-opposant-qui-veut-faire-tomber-viktor-orban_7926737.html\">Peter Magyar<\/a>&nbsp;a b\u00e2ti en deux ans une ascension politique fulgurante, port\u00e9e par une campagne de terrain et un discours anticorruption,<strong>&nbsp;<\/strong>jusqu&rsquo;\u00e0 sa victoire aux l\u00e9gislatives, dimanche 12&nbsp;avril, en Hongrie. Il a devanc\u00e9 l&rsquo;ancien Premier ministre avec 53,6% des voix, contre 37,9% pour le chef du gouvernement sortant.<\/p>\n\n\n\n<h2 class=\"wp-block-heading\"><strong>Un ancien du s\u00e9rail devenu opposant<\/strong><\/h2>\n\n\n\n<p>N\u00e9 le 16 mars 1981 \u00e0 Budapest, en Hongrie, Peter Magyar est d&rsquo;abord un homme du syst\u00e8me. Juriste de formation, il int\u00e8gre l&rsquo;appareil d&rsquo;Etat apr\u00e8s la victoire de Viktor Orban en 2010. Issu d&rsquo;une famille profond\u00e9ment li\u00e9e aux institutions, il grandit dans un environnement o\u00f9 le droit et la politique se c\u00f4toient&nbsp;: son grand-p\u00e8re, Pal Eross, juge connu du grand public pour ses \u00e9missions t\u00e9l\u00e9vis\u00e9es, et son grand-oncle et parrain, Ferenc Madl, chef de l&rsquo;Etat entre 2000 et 2005, incarnent cette filiation. Il passe alors, naturellement, par le minist\u00e8re des Affaires \u00e9trang\u00e8res, travaille \u00e0 la repr\u00e9sentation hongroise aupr\u00e8s de l&rsquo;Union europ\u00e9enne \u00e0 Bruxelles, en Belgique, puis occupe plusieurs fonctions dans des structures publiques strat\u00e9giques, dont la Banque hongroise de d\u00e9veloppement. Pendant plus d&rsquo;une d\u00e9cennie, il \u00e9volue au c\u0153ur du pouvoir, au plus pr\u00e8s de ses m\u00e9canismes.<\/p>\n\n\n\n<p>Sa trajectoire d\u00e9vie en f\u00e9vrier 2024, apr\u00e8s un scandale de gr\u00e2ce pr\u00e9sidentielle dans&nbsp;<a href=\"https:\/\/www.franceinfo.fr\/monde\/europe\/union-europeenne\/en-hongrie-des-dizaines-de-milliers-de-personnes-ont-manifeste-contre-le-gouvernement-de-viktor-orban_6471167.html\">une affaire li\u00e9e \u00e0 des violences sexuelles sur mineurs, qui provoque une crise politique majeure en Hongrie<\/a>. Eclabouss\u00e9e par cette pol\u00e9mique, son ex-\u00e9pouse, l&rsquo;ancienne ministre de la Justice Judit Varga, quitte la vie politique au moment o\u00f9 lui amorce sa rupture avec le pouvoir. Dans la foul\u00e9e, Peter Magyar d\u00e9missionne de ses fonctions et d\u00e9nonce publiquement un syst\u00e8me verrouill\u00e9. Il accuse le pouvoir de corruption et de d\u00e9rives autoritaires. Sa&nbsp;<a href=\"https:\/\/www.youtube.com\/watch?v=8cJulnczg2E\" target=\"_blank\" rel=\"noreferrer noopener\">premi\u00e8re interview(Nouvelle fen\u00eatre)<\/a>, tr\u00e8s critique et diffus\u00e9e sur YouTube par le m\u00e9dia ind\u00e9pendant hongrois Partiz\u00e1n, approche aujourd&rsquo;hui les trois millions de vues dans un pays qui compte 9,6 millions d&rsquo;habitants. Parall\u00e8lement, il est vis\u00e9 par des accusations de violences conjugales de la part de son ex-\u00e9pouse, qu&rsquo;il conteste, d\u00e9non\u00e7ant une tentative de d\u00e9stabilisation politique.<\/p>\n\n\n\n<h2 class=\"wp-block-heading\"><strong>Une ascension politique \u00e9clair<\/strong><\/h2>\n\n\n\n<p>Quelques semaines plus tard, il prend la t\u00eate du parti Tisza (\u00ab\u00a0respect et libert\u00e9\u00a0\u00bb), une formation de centre droit jusque-l\u00e0 marginale, baptis\u00e9e du nom du fleuve qui traverse la Hongrie. Aux \u00e9lections europ\u00e9ennes de juin 2024, le parti recueille pr\u00e8s de 30% des voix et s&rsquo;impose comme la deuxi\u00e8me force politique du pays, derri\u00e8re le Fidesz, le parti national-conservateur de Viktor Orban. En moins de deux ans, Peter Magyar devient le principal rival de Viktor Orban, port\u00e9 par une dynamique rapide dans les sondages, jusqu&rsquo;\u00e0 sa victoire aux l\u00e9gislatives de 2026.<\/p>\n\n\n\n<p>Sur le terrain, le candidat impose un rythme soutenu. Jusqu&rsquo;\u00e0 six meetings par jour dans les derni\u00e8res semaines, des d\u00e9placements dans tout le pays et un contact direct avec les \u00e9lecteurs. Le 1er avril, \u00e0 Turkeve, une ville du centre-est de la Hongrie, il entame d\u00e9j\u00e0 un deuxi\u00e8me meeting d\u00e8s 11h30. Cette pr\u00e9sence continue lui permet d&rsquo;incarner une proximit\u00e9 revendiqu\u00e9e face \u00e0 un pouvoir jug\u00e9 distant.<\/p>\n\n\n\n<p>Tr\u00e8s actif sur les r\u00e9seaux, il en fait un levier majeur de son ascension, mettant en sc\u00e8ne sa campagne et son image entre formats modernes et r\u00e9cit personnel. Il r\u00e9pond aussi aux attaques du camp adverse en les exposant publiquement\u00a0: accus\u00e9 de consommation de drogue, il annonce, \u00e0 travers une publication sur Instagram, s\u2019\u00eatre soumis \u00e0 des tests et promet d\u2019en publier les r\u00e9sultats, revendiquant une transparence assum\u00e9e.<strong>Un conservateur lib\u00e9ral, plus ouvert \u00e0 l&rsquo;Europe et l&rsquo;Ukraine<\/strong><\/p>\n\n\n\n<p>Peter Magyar se positionne au centre droit, dans une ligne conservatrice lib\u00e9rale. Il promet de restaurer l&rsquo;Etat de droit, de d\u00e9bloquer les fonds europ\u00e9ens gel\u00e9s et de r\u00e9tablir des relations plus apais\u00e9es avec Bruxelles. Il d\u00e9fend \u00e9galement des mesures sociales concr\u00e8tes, comme la revalorisation des retraites ou des investissements dans le syst\u00e8me de sant\u00e9, tout en restant attach\u00e9 \u00e0 des marqueurs politiques traditionnels de la droite hongroise, notamment sur les questions de souverainet\u00e9 et de contr\u00f4le des fronti\u00e8res.<\/p>\n\n\n\n<p>Plus critique que Viktor Orban vis-\u00e0-vis de la Russie, il reste toutefois mesur\u00e9 sur la guerre en Ukraine. Il refuse l&rsquo;envoi d&rsquo;armes ou de troupes hongroises, tout en affirmant soutenir le peuple ukrainien. En juin 2024, il d\u00e9clarait \u00e0 des journalistes que la Hongrie ne devait pas fournir d&rsquo;armes, en raison de sa&nbsp;<em>\u00ab\u00a0situation sensible dans cette guerre\u00a0\u00bb<\/em>, tout en rappelant le \u00ab\u00a0<em>droit de l&rsquo;Ukraine \u00e0 se d\u00e9fendre\u00a0\u00bb<\/em>. Cette ligne interm\u00e9diaire vise \u00e0 corriger la position du pouvoir sans rompre avec une opinion publique majoritairement prudente.<\/p>\n\n\n\n<h2 class=\"wp-block-heading\"><strong>La corruption et le co\u00fbt de la vie au c\u0153ur de son discours<\/strong><\/h2>\n\n\n\n<p>Deux th\u00e8mes ont domin\u00e9 tout au long de sa campagne&nbsp;: la corruption et l&rsquo;\u00e9conomie. Peter Magyar attribue l&rsquo;inflation, la fragilisation des services publics et le blocage des fonds europ\u00e9ens au fonctionnement du syst\u00e8me Orban. A Turkeve, Attila, ouvrier de 33&nbsp;ans, \u00e9voque ainsi&nbsp;<em>\u00ab\u00a0la question de la corruption\u00a0\u00bb&nbsp;<\/em>comme l&rsquo;une des motivations centrales de son vote, aux c\u00f4t\u00e9s de la situation \u00e9conomique et des services publics.<\/p>\n\n\n\n<p>Apr\u00e8s seize ans de pouvoir de Viktor Orban, Peter Magyar capte une attente de changement qui d\u00e9passe les clivages traditionnels. Il attire \u00e0 la fois&nbsp;<a href=\"https:\/\/www.franceinfo.fr\/monde\/europe\/reportage-ca-ne-peut-pas-etre-pire-en-hongrie-les-decus-de-viktor-orban-esperent-la-victoire-de-peter-magyar-aux-elections-legislatives_7909148.html\">des opposants historiques et d&rsquo;anciens \u00e9lecteurs du Fidesz<\/a>, sans proposer de rupture id\u00e9ologique radicale. Veronika, 61&nbsp;ans, r\u00e9sume cette attente&nbsp;:&nbsp;<em>\u00ab\u00a0\u00c7a ne peut pas \u00eatre pire, alors il faut essayer.\u00a0\u00bb<\/em><\/p>\n","protected":false},"excerpt":{"rendered":"<p>Dans l&rsquo;ombre du pouvoir, il est devenu en deux ans le principal fossoyeur du dirigeant nationaliste Viktor Orban, jusqu&rsquo;\u00e0 lui prendre sa place.Il a longtemps \u00e9t\u00e9 l&rsquo;un des rouages du pouvoir qu&rsquo;il promet aujourd&rsquo;hui de transformer. Avocat de 45 ans, ancien cadre du Fidesz \u2013 le parti de Viktor Orban \u2013 et eurod\u00e9put\u00e9 depuis 2024,&nbsp;Peter [&hellip;]<\/p>\n","protected":false},"author":2,"featured_media":43797,"comment_status":"open","ping_status":"open","sticky":false,"template":"","format":"standard","meta":{"_jetpack_memberships_contains_paid_content":false,"footnotes":"","jetpack_publicize_message":"","jetpack_publicize_feature_enabled":true,"jetpack_social_post_already_shared":true,"jetpack_social_options":{"image_generator_settings":{"template":"highway","default_image_id":0,"font":"","enabled":false},"version":2},"_wpas_customize_per_network":false},"categories":[405],"tags":[],"class_list":["post-43796","post","type-post","status-publish","format-standard","has-post-thumbnail","hentry","category-actu-france-monde"],"jetpack_publicize_connections":[],"jetpack_featured_media_url":"https:\/\/i0.wp.com\/www.iceagetv.com\/radiosite\/wp-content\/uploads\/2026\/04\/Qui-est-Peter-Magyar.jpg?fit=716%2C459&ssl=1","jetpack_sharing_enabled":true,"_links":{"self":[{"href":"https:\/\/www.iceagetv.com\/radiosite\/wp-json\/wp\/v2\/posts\/43796","targetHints":{"allow":["GET"]}}],"collection":[{"href":"https:\/\/www.iceagetv.com\/radiosite\/wp-json\/wp\/v2\/posts"}],"about":[{"href":"https:\/\/www.iceagetv.com\/radiosite\/wp-json\/wp\/v2\/types\/post"}],"author":[{"embeddable":true,"href":"https:\/\/www.iceagetv.com\/radiosite\/wp-json\/wp\/v2\/users\/2"}],"replies":[{"embeddable":true,"href":"https:\/\/www.iceagetv.com\/radiosite\/wp-json\/wp\/v2\/comments?post=43796"}],"version-history":[{"count":1,"href":"https:\/\/www.iceagetv.com\/radiosite\/wp-json\/wp\/v2\/posts\/43796\/revisions"}],"predecessor-version":[{"id":43798,"href":"https:\/\/www.iceagetv.com\/radiosite\/wp-json\/wp\/v2\/posts\/43796\/revisions\/43798"}],"wp:featuredmedia":[{"embeddable":true,"href":"https:\/\/www.iceagetv.com\/radiosite\/wp-json\/wp\/v2\/media\/43797"}],"wp:attachment":[{"href":"https:\/\/www.iceagetv.com\/radiosite\/wp-json\/wp\/v2\/media?parent=43796"}],"wp:term":[{"taxonomy":"category","embeddable":true,"href":"https:\/\/www.iceagetv.com\/radiosite\/wp-json\/wp\/v2\/categories?post=43796"},{"taxonomy":"post_tag","embeddable":true,"href":"https:\/\/www.iceagetv.com\/radiosite\/wp-json\/wp\/v2\/tags?post=43796"}],"curies":[{"name":"wp","href":"https:\/\/api.w.org\/{rel}","templated":true}]}}